{"id":3184,"date":"2017-12-18T17:59:54","date_gmt":"2017-12-18T17:59:54","guid":{"rendered":"http:\/\/www.perseestetica.com\/?p=3184"},"modified":"2017-12-20T18:47:08","modified_gmt":"2017-12-20T18:47:08","slug":"bienvenidas-a-per-se","status":"publish","type":"post","link":"https:\/\/www.perseestetica.com\/index.php\/2017\/12\/18\/bienvenidas-a-per-se\/","title":{"rendered":"En PER SE ya es Navidad"},"content":{"rendered":"<p>Despu\u00e9s de mucho trabajo arrancamos con la nueva imagen, la web, las redes, las promociones&#8230; \u00bfQu\u00e9 mejor momento que la Navidad? <strong>Estas fiestas \u00a1Mete la pata y acierta! D\u00e9janos meter el pico en esos d\u00edas tan especiales, venimos cargadas de ideas&#8230; \u00a1Y premios!<\/strong><\/p>\n<p><strong>BONOS DE REGALO:<\/strong> No es f\u00e1cil sorprender a\u00f1o a a\u00f1o as\u00ed que para este 2017-2018 te proponemos regalar est\u00e9tica, belleza y bienestar. Regala un bono PER SE, un rato de tranquilidad en buenas manos, para una tratamiento facial o corporal \u00a1Desde 29,00 euros! Puedes pasarte por PER SE en Florida 53B o <a href=\"http:\/\/www.perseestetica.com\/index.php\/tienda-perse-estetica\/\">comprar el bono online<\/a> \u00a1Este a\u00f1o aciertas seguro!<\/p>\n<p><strong>FACEBOOK E INSTAGRAM:<\/strong> Sorteamos un tratamiento facial 1001 flores entre todas las personas que nos sigan en <a href=\"https:\/\/www.facebook.com\/PER-SE-ESTICuA-516165772097137\/\">facebook<\/a> e <a href=\"https:\/\/www.instagram.com\/perse_esteticua\/\">instagram<\/a> a fecha 31\/01\/2017.<\/p>\n<p><strong>METE LA PATA Y ACIERTA:<\/strong> Sorteamos un tratamiento facial 1001 flores entre todas las personas que presenten su ticket de compra PER SE desde el viernes 15\/12\/17 hasta el viernes 05\/12\/17.<\/p>\n<p>Preg\u00fantanos por nuestros <strong>cofres y paquetes cosm\u00e9ticos en formato de regalo<\/strong> para Navidad.<\/p>\n<p>Cua, cua.<\/p>\n<p><a href=\"http:\/\/www.perseestetica.com\/wp-content\/uploads\/2017\/12\/bases_ok.pdf\">Bases legales aqu\u00ed.<\/a><\/p>\n","protected":false},"excerpt":{"rendered":"<p>Despu\u00e9s de mucho trabajo arrancamos con la nueva imagen, la web, las redes, las promociones&#8230; \u00bfQu\u00e9 mejor momento que la Navidad? Estas fiestas \u00a1Mete la pata y acierta! D\u00e9janos meter el pico en esos d\u00edas tan especiales, venimos cargadas de [&hellip;]<\/p>\n","protected":false},"author":1,"featured_media":3214,"comment_status":"closed","ping_status":"open","sticky":false,"template":"","format":"standard","meta":{"footnotes":""},"categories":[117,118],"tags":[],"class_list":["post-3184","post","type-post","status-publish","format-standard","has-post-thumbnail","hentry","category-per-se","category-promociones"],"yoast_head":"<!-- This site is optimized with the Yoast SEO plugin v27.0 - https:\/\/yoast.com\/product\/yoast-seo-wordpress\/ -->\n<title>En PER SE ya es Navidad - PER SE ESTETICA<\/title>\n<meta name=\"robots\" content=\"index, follow, max-snippet:-1, max-image-preview:large, max-video-preview:-1\" \/>\n<link rel=\"canonical\" href=\"https:\/\/www.perseestetica.com\/index.php\/2017\/12\/18\/bienvenidas-a-per-se\/\" \/>\n<meta property=\"og:locale\" content=\"es_ES\" \/>\n<meta property=\"og:type\" content=\"article\" \/>\n<meta property=\"og:title\" content=\"En PER SE ya es Navidad - PER SE ESTETICA\" \/>\n<meta property=\"og:description\" content=\"Despu\u00e9s de mucho trabajo arrancamos con la nueva imagen, la web, las redes, las promociones&#8230; \u00bfQu\u00e9 mejor momento que la Navidad? Estas fiestas \u00a1Mete la pata y acierta! D\u00e9janos meter el pico en esos d\u00edas tan especiales, venimos cargadas de [&hellip;]\" \/>\n<meta property=\"og:url\" content=\"https:\/\/www.perseestetica.com\/index.php\/2017\/12\/18\/bienvenidas-a-per-se\/\" \/>\n<meta property=\"og:site_name\" content=\"PER SE ESTETICA\" \/>\n<meta property=\"article:published_time\" content=\"2017-12-18T17:59:54+00:00\" \/>\n<meta property=\"article:modified_time\" content=\"2017-12-20T18:47:08+00:00\" \/>\n<meta property=\"og:image\" content=\"https:\/\/www.perseestetica.com\/wp-content\/uploads\/2017\/12\/entrada1.jpg\" \/>\n\t<meta property=\"og:image:width\" content=\"1887\" \/>\n\t<meta property=\"og:image:height\" content=\"1243\" \/>\n\t<meta property=\"og:image:type\" content=\"image\/jpeg\" \/>\n<meta name=\"author\" content=\"administraci\u00f3n\" \/>\n<meta name=\"twitter:card\" content=\"summary_large_image\" \/>\n<meta name=\"twitter:label1\" content=\"Escrito por\" \/>\n\t<meta name=\"twitter:data1\" content=\"administraci\u00f3n\" \/>\n\t<meta name=\"twitter:label2\" content=\"Tiempo de lectura\" \/>\n\t<meta name=\"twitter:data2\" content=\"1 minuto\" \/>\n<script type=\"application\/ld+json\" class=\"yoast-schema-graph\">{\"@context\":\"https:\/\/schema.org\",\"@graph\":[{\"@type\":\"Article\",\"@id\":\"https:\/\/www.perseestetica.com\/index.php\/2017\/12\/18\/bienvenidas-a-per-se\/#article\",\"isPartOf\":{\"@id\":\"https:\/\/www.perseestetica.com\/index.php\/2017\/12\/18\/bienvenidas-a-per-se\/\"},\"author\":{\"name\":\"administraci\u00f3n\",\"@id\":\"https:\/\/www.perseestetica.com\/#\/schema\/person\/dffe0e7ffbd7bd2d4816f9bd4f643eff\"},\"headline\":\"En PER SE ya es Navidad\",\"datePublished\":\"2017-12-18T17:59:54+00:00\",\"dateModified\":\"2017-12-20T18:47:08+00:00\",\"mainEntityOfPage\":{\"@id\":\"https:\/\/www.perseestetica.com\/index.php\/2017\/12\/18\/bienvenidas-a-per-se\/\"},\"wordCount\":185,\"image\":{\"@id\":\"https:\/\/www.perseestetica.com\/index.php\/2017\/12\/18\/bienvenidas-a-per-se\/#primaryimage\"},\"thumbnailUrl\":\"https:\/\/www.perseestetica.com\/wp-content\/uploads\/2017\/12\/entrada1.jpg\",\"articleSection\":[\"PER SE\",\"promociones\"],\"inLanguage\":\"es\"},{\"@type\":\"WebPage\",\"@id\":\"https:\/\/www.perseestetica.com\/index.php\/2017\/12\/18\/bienvenidas-a-per-se\/\",\"url\":\"https:\/\/www.perseestetica.com\/index.php\/2017\/12\/18\/bienvenidas-a-per-se\/\",\"name\":\"En PER SE ya es Navidad - PER SE ESTETICA\",\"isPartOf\":{\"@id\":\"https:\/\/www.perseestetica.com\/#website\"},\"primaryImageOfPage\":{\"@id\":\"https:\/\/www.perseestetica.com\/index.php\/2017\/12\/18\/bienvenidas-a-per-se\/#primaryimage\"},\"image\":{\"@id\":\"https:\/\/www.perseestetica.com\/index.php\/2017\/12\/18\/bienvenidas-a-per-se\/#primaryimage\"},\"thumbnailUrl\":\"https:\/\/www.perseestetica.com\/wp-content\/uploads\/2017\/12\/entrada1.jpg\",\"datePublished\":\"2017-12-18T17:59:54+00:00\",\"dateModified\":\"2017-12-20T18:47:08+00:00\",\"author\":{\"@id\":\"https:\/\/www.perseestetica.com\/#\/schema\/person\/dffe0e7ffbd7bd2d4816f9bd4f643eff\"},\"breadcrumb\":{\"@id\":\"https:\/\/www.perseestetica.com\/index.php\/2017\/12\/18\/bienvenidas-a-per-se\/#breadcrumb\"},\"inLanguage\":\"es\",\"potentialAction\":[{\"@type\":\"ReadAction\",\"target\":[\"https:\/\/www.perseestetica.com\/index.php\/2017\/12\/18\/bienvenidas-a-per-se\/\"]}]},{\"@type\":\"ImageObject\",\"inLanguage\":\"es\",\"@id\":\"https:\/\/www.perseestetica.com\/index.php\/2017\/12\/18\/bienvenidas-a-per-se\/#primaryimage\",\"url\":\"https:\/\/www.perseestetica.com\/wp-content\/uploads\/2017\/12\/entrada1.jpg\",\"contentUrl\":\"https:\/\/www.perseestetica.com\/wp-content\/uploads\/2017\/12\/entrada1.jpg\",\"width\":1887,\"height\":1243},{\"@type\":\"BreadcrumbList\",\"@id\":\"https:\/\/www.perseestetica.com\/index.php\/2017\/12\/18\/bienvenidas-a-per-se\/#breadcrumb\",\"itemListElement\":[{\"@type\":\"ListItem\",\"position\":1,\"name\":\"Portada\",\"item\":\"https:\/\/www.perseestetica.com\/\"},{\"@type\":\"ListItem\",\"position\":2,\"name\":\"En PER SE ya es Navidad\"}]},{\"@type\":\"WebSite\",\"@id\":\"https:\/\/www.perseestetica.com\/#website\",\"url\":\"https:\/\/www.perseestetica.com\/\",\"name\":\"PER SE ESTETICA\",\"description\":\"Centro de est\u00e9tica y bienestar en Vitoria-Gasteiz\",\"potentialAction\":[{\"@type\":\"SearchAction\",\"target\":{\"@type\":\"EntryPoint\",\"urlTemplate\":\"https:\/\/www.perseestetica.com\/?s={search_term_string}\"},\"query-input\":{\"@type\":\"PropertyValueSpecification\",\"valueRequired\":true,\"valueName\":\"search_term_string\"}}],\"inLanguage\":\"es\"},{\"@type\":\"Person\",\"@id\":\"https:\/\/www.perseestetica.com\/#\/schema\/person\/dffe0e7ffbd7bd2d4816f9bd4f643eff\",\"name\":\"administraci\u00f3n\",\"image\":{\"@type\":\"ImageObject\",\"inLanguage\":\"es\",\"@id\":\"https:\/\/www.perseestetica.com\/#\/schema\/person\/image\/\",\"url\":\"https:\/\/secure.gravatar.com\/avatar\/c80723aa5a9a47fa5daf35d0805cde1198a8010870d2be18ca924fd80ffac640?s=96&d=mm&r=g\",\"contentUrl\":\"https:\/\/secure.gravatar.com\/avatar\/c80723aa5a9a47fa5daf35d0805cde1198a8010870d2be18ca924fd80ffac640?s=96&d=mm&r=g\",\"caption\":\"administraci\u00f3n\"},\"url\":\"https:\/\/www.perseestetica.com\/index.php\/author\/admin\/\"}]}<\/script>\n<!-- \/ Yoast SEO plugin. -->","yoast_head_json":{"title":"En PER SE ya es Navidad - PER SE ESTETICA","robots":{"index":"index","follow":"follow","max-snippet":"max-snippet:-1","max-image-preview":"max-image-preview:large","max-video-preview":"max-video-preview:-1"},"canonical":"https:\/\/www.perseestetica.com\/index.php\/2017\/12\/18\/bienvenidas-a-per-se\/","og_locale":"es_ES","og_type":"article","og_title":"En PER SE ya es Navidad - PER SE ESTETICA","og_description":"Despu\u00e9s de mucho trabajo arrancamos con la nueva imagen, la web, las redes, las promociones&#8230; \u00bfQu\u00e9 mejor momento que la Navidad? Estas fiestas \u00a1Mete la pata y acierta! D\u00e9janos meter el pico en esos d\u00edas tan especiales, venimos cargadas de [&hellip;]","og_url":"https:\/\/www.perseestetica.com\/index.php\/2017\/12\/18\/bienvenidas-a-per-se\/","og_site_name":"PER SE ESTETICA","article_published_time":"2017-12-18T17:59:54+00:00","article_modified_time":"2017-12-20T18:47:08+00:00","og_image":[{"width":1887,"height":1243,"url":"https:\/\/www.perseestetica.com\/wp-content\/uploads\/2017\/12\/entrada1.jpg","type":"image\/jpeg"}],"author":"administraci\u00f3n","twitter_card":"summary_large_image","twitter_misc":{"Escrito por":"administraci\u00f3n","Tiempo de lectura":"1 minuto"},"schema":{"@context":"https:\/\/schema.org","@graph":[{"@type":"Article","@id":"https:\/\/www.perseestetica.com\/index.php\/2017\/12\/18\/bienvenidas-a-per-se\/#article","isPartOf":{"@id":"https:\/\/www.perseestetica.com\/index.php\/2017\/12\/18\/bienvenidas-a-per-se\/"},"author":{"name":"administraci\u00f3n","@id":"https:\/\/www.perseestetica.com\/#\/schema\/person\/dffe0e7ffbd7bd2d4816f9bd4f643eff"},"headline":"En PER SE ya es Navidad","datePublished":"2017-12-18T17:59:54+00:00","dateModified":"2017-12-20T18:47:08+00:00","mainEntityOfPage":{"@id":"https:\/\/www.perseestetica.com\/index.php\/2017\/12\/18\/bienvenidas-a-per-se\/"},"wordCount":185,"image":{"@id":"https:\/\/www.perseestetica.com\/index.php\/2017\/12\/18\/bienvenidas-a-per-se\/#primaryimage"},"thumbnailUrl":"https:\/\/www.perseestetica.com\/wp-content\/uploads\/2017\/12\/entrada1.jpg","articleSection":["PER SE","promociones"],"inLanguage":"es"},{"@type":"WebPage","@id":"https:\/\/www.perseestetica.com\/index.php\/2017\/12\/18\/bienvenidas-a-per-se\/","url":"https:\/\/www.perseestetica.com\/index.php\/2017\/12\/18\/bienvenidas-a-per-se\/","name":"En PER SE ya es Navidad - PER SE ESTETICA","isPartOf":{"@id":"https:\/\/www.perseestetica.com\/#website"},"primaryImageOfPage":{"@id":"https:\/\/www.perseestetica.com\/index.php\/2017\/12\/18\/bienvenidas-a-per-se\/#primaryimage"},"image":{"@id":"https:\/\/www.perseestetica.com\/index.php\/2017\/12\/18\/bienvenidas-a-per-se\/#primaryimage"},"thumbnailUrl":"https:\/\/www.perseestetica.com\/wp-content\/uploads\/2017\/12\/entrada1.jpg","datePublished":"2017-12-18T17:59:54+00:00","dateModified":"2017-12-20T18:47:08+00:00","author":{"@id":"https:\/\/www.perseestetica.com\/#\/schema\/person\/dffe0e7ffbd7bd2d4816f9bd4f643eff"},"breadcrumb":{"@id":"https:\/\/www.perseestetica.com\/index.php\/2017\/12\/18\/bienvenidas-a-per-se\/#breadcrumb"},"inLanguage":"es","potentialAction":[{"@type":"ReadAction","target":["https:\/\/www.perseestetica.com\/index.php\/2017\/12\/18\/bienvenidas-a-per-se\/"]}]},{"@type":"ImageObject","inLanguage":"es","@id":"https:\/\/www.perseestetica.com\/index.php\/2017\/12\/18\/bienvenidas-a-per-se\/#primaryimage","url":"https:\/\/www.perseestetica.com\/wp-content\/uploads\/2017\/12\/entrada1.jpg","contentUrl":"https:\/\/www.perseestetica.com\/wp-content\/uploads\/2017\/12\/entrada1.jpg","width":1887,"height":1243},{"@type":"BreadcrumbList","@id":"https:\/\/www.perseestetica.com\/index.php\/2017\/12\/18\/bienvenidas-a-per-se\/#breadcrumb","itemListElement":[{"@type":"ListItem","position":1,"name":"Portada","item":"https:\/\/www.perseestetica.com\/"},{"@type":"ListItem","position":2,"name":"En PER SE ya es Navidad"}]},{"@type":"WebSite","@id":"https:\/\/www.perseestetica.com\/#website","url":"https:\/\/www.perseestetica.com\/","name":"PER SE ESTETICA","description":"Centro de est\u00e9tica y bienestar en Vitoria-Gasteiz","potentialAction":[{"@type":"SearchAction","target":{"@type":"EntryPoint","urlTemplate":"https:\/\/www.perseestetica.com\/?s={search_term_string}"},"query-input":{"@type":"PropertyValueSpecification","valueRequired":true,"valueName":"search_term_string"}}],"inLanguage":"es"},{"@type":"Person","@id":"https:\/\/www.perseestetica.com\/#\/schema\/person\/dffe0e7ffbd7bd2d4816f9bd4f643eff","name":"administraci\u00f3n","image":{"@type":"ImageObject","inLanguage":"es","@id":"https:\/\/www.perseestetica.com\/#\/schema\/person\/image\/","url":"https:\/\/secure.gravatar.com\/avatar\/c80723aa5a9a47fa5daf35d0805cde1198a8010870d2be18ca924fd80ffac640?s=96&d=mm&r=g","contentUrl":"https:\/\/secure.gravatar.com\/avatar\/c80723aa5a9a47fa5daf35d0805cde1198a8010870d2be18ca924fd80ffac640?s=96&d=mm&r=g","caption":"administraci\u00f3n"},"url":"https:\/\/www.perseestetica.com\/index.php\/author\/admin\/"}]}},"_links":{"self":[{"href":"https:\/\/www.perseestetica.com\/index.php\/wp-json\/wp\/v2\/posts\/3184","targetHints":{"allow":["GET"]}}],"collection":[{"href":"https:\/\/www.perseestetica.com\/index.php\/wp-json\/wp\/v2\/posts"}],"about":[{"href":"https:\/\/www.perseestetica.com\/index.php\/wp-json\/wp\/v2\/types\/post"}],"author":[{"embeddable":true,"href":"https:\/\/www.perseestetica.com\/index.php\/wp-json\/wp\/v2\/users\/1"}],"replies":[{"embeddable":true,"href":"https:\/\/www.perseestetica.com\/index.php\/wp-json\/wp\/v2\/comments?post=3184"}],"version-history":[{"count":6,"href":"https:\/\/www.perseestetica.com\/index.php\/wp-json\/wp\/v2\/posts\/3184\/revisions"}],"predecessor-version":[{"id":3232,"href":"https:\/\/www.perseestetica.com\/index.php\/wp-json\/wp\/v2\/posts\/3184\/revisions\/3232"}],"wp:featuredmedia":[{"embeddable":true,"href":"https:\/\/www.perseestetica.com\/index.php\/wp-json\/wp\/v2\/media\/3214"}],"wp:attachment":[{"href":"https:\/\/www.perseestetica.com\/index.php\/wp-json\/wp\/v2\/media?parent=3184"}],"wp:term":[{"taxonomy":"category","embeddable":true,"href":"https:\/\/www.perseestetica.com\/index.php\/wp-json\/wp\/v2\/categories?post=3184"},{"taxonomy":"post_tag","embeddable":true,"href":"https:\/\/www.perseestetica.com\/index.php\/wp-json\/wp\/v2\/tags?post=3184"}],"curies":[{"name":"wp","href":"https:\/\/api.w.org\/{rel}","templated":true}]}}