{"id":3306,"date":"2018-05-02T10:20:26","date_gmt":"2018-05-02T10:20:26","guid":{"rendered":"http:\/\/www.perseestetica.com\/?p=3306"},"modified":"2018-12-13T06:21:45","modified_gmt":"2018-12-13T06:21:45","slug":"1er-pativersario-perse","status":"publish","type":"post","link":"https:\/\/www.perseestetica.com\/index.php\/2018\/05\/02\/1er-pativersario-perse\/","title":{"rendered":"1er PATIVERSARIO PERSE"},"content":{"rendered":"<p>\u00a1Que si, que si! Que <strong><span style=\"color: #038690;\">en PER SE estetica estamos de pativersario. Ya hace a\u00f1o y pico que abrimos las alas y echamos a volar <\/span><\/strong>por nuestra cuenta y riesgo despu\u00e9s de m\u00e1s de 20 a\u00f1os con las plumas al servicio de otros. \u00a1Qui\u00e9n nos iba a decir que llegar\u00edamos hasta aqu\u00ed! \u00a1Rodeadas de patas maravillosas como vosotras! <strong><span style=\"color: #038690;\">\u00a1Cuacuanto que agradecer! Y lo que es m\u00e1s importante \u00a1Cuacuanto nos queda por volar todav\u00eda!<\/span><\/strong><\/p>\n<p><strong><span style=\"color: #038690;\">Ten\u00edamos claro que este a\u00f1o y pico hab\u00eda que celebrarlo principalmente con vosotras. Asi que tomad nota que esto os va a gustar.<\/span><\/strong><\/p>\n<p><strong><span style=\"color: #038690;\">Rellena tu cup\u00f3n antes del 31 de mayo y participa con tu ticket de compra en el sorteo de un complet\u00edsimo neceser de maquillaje KEENWELL edici\u00f3n RED CARPET.<\/span><\/strong> Un neceser de edici\u00f3n limitada en color dorado-brillante, con cremallera, bonita asa de borla y delicado interior satinado. Y lo mejor: \u00a1Llenito hasta los topes! Dentro encontrar\u00e1s la paleta de sombras Eyeshadow Palette (con 8 colores), el Star Gloss Ultra Brillante un maquillaje multifuncional antiedad SPF 20 Clonature Invisible Anti-Aging Foundation, la m\u00e1scara de pesta\u00f1as Black Queen, su perfilador de ojos Waterproof y un esmalte de u\u00f1as. Asi que&#8230; \u00a1No olvides rellenar tu cup\u00f3n de participaci\u00f3n cuando pases por aqu\u00ed!<\/p>\n<p><img loading=\"lazy\" decoding=\"async\" class=\"aligncenter size-full wp-image-3307\" src=\"http:\/\/www.perseestetica.com\/wp-content\/uploads\/2018\/05\/red_carpet.png\" alt=\"\" width=\"606\" height=\"340\" srcset=\"https:\/\/www.perseestetica.com\/wp-content\/uploads\/2018\/05\/red_carpet.png 606w, https:\/\/www.perseestetica.com\/wp-content\/uploads\/2018\/05\/red_carpet-600x337.png 600w, https:\/\/www.perseestetica.com\/wp-content\/uploads\/2018\/05\/red_carpet-300x168.png 300w\" sizes=\"auto, (max-width: 606px) 100vw, 606px\" \/><\/p>\n<p><strong><span style=\"color: #038690;\">Adem\u00e1s, para todas vosotras que nos segu\u00eds en facebook e instagram, tenemos otra sorpresa preparada. Sorteamos un tratamiento exfoliante corporal Tierra Volc\u00e1nica<\/span><\/strong> ideal para preparar la piel ahora que comienza el buen tiempo. \u00bfQu\u00e9 ten\u00e9is que hacer? Pues muy f\u00e1cil. Lo primero ser seguidoras de PER SE estetica en la red social en la que vay\u00e1is a participar. All\u00ed publicaremos una imagen que tendr\u00e9is que compartir de manera p\u00fablica y comentar a\u00f1adiendo el nombre de esa pata amiga que no puede vivir sin cremas.<\/p>\n<p>Ambas promociones se resolver\u00e1n con un sorteo entre todos los participantes. <a href=\"http:\/\/www.perseestetica.com\/wp-content\/uploads\/2018\/05\/bases_pativersario.pdf\"><span style=\"color: #038690;\">Pod\u00e9is consultar las bases aqu\u00ed.<\/span><\/a><\/p>\n","protected":false},"excerpt":{"rendered":"<p>\u00a1Que si, que si! Que en PER SE estetica estamos de pativersario. Ya hace a\u00f1o y pico que abrimos las alas y echamos a volar por nuestra cuenta y riesgo despu\u00e9s de m\u00e1s de 20 a\u00f1os con las plumas al [&hellip;]<\/p>\n","protected":false},"author":1,"featured_media":3309,"comment_status":"closed","ping_status":"open","sticky":false,"template":"","format":"standard","meta":{"footnotes":""},"categories":[122,123,117,118],"tags":[],"class_list":["post-3306","post","type-post","status-publish","format-standard","has-post-thumbnail","hentry","category-corporal","category-maquillaje","category-per-se","category-promociones"],"yoast_head":"<!-- This site is optimized with the Yoast SEO plugin v27.0 - https:\/\/yoast.com\/product\/yoast-seo-wordpress\/ -->\n<title>1er pativersario PER SE estetica \u00a1Esto hay que celebrarlo!<\/title>\n<meta name=\"description\" content=\"\u00a1Que si, que si! Que en PER SE estetica estamos de pativersario. Ya hace a\u00f1o y pico que abrimos las alas y echamos a volar por nuestra cuenta y riesgo despu\u00e9s de m\u00e1s de 20 a\u00f1os con las plumas al servicio de otros. \u00a1Qui\u00e9n nos iba a decir que llegar\u00edamos hasta aqu\u00ed! \u00a1Rodeadas de patas maravillosas como vosotras! \u00a1Cuacuanto que agradecer! Y lo que es m\u00e1s importante \u00a1Cuacuanto nos queda por volar todav\u00eda! Ten\u00edamos claro que este a\u00f1o y pico hab\u00eda que celebrarlo principalmente con vosotras.\" \/>\n<meta name=\"robots\" content=\"index, follow, max-snippet:-1, max-image-preview:large, max-video-preview:-1\" \/>\n<link rel=\"canonical\" href=\"https:\/\/www.perseestetica.com\/index.php\/2018\/05\/02\/1er-pativersario-perse\/\" \/>\n<meta property=\"og:locale\" content=\"es_ES\" \/>\n<meta property=\"og:type\" content=\"article\" \/>\n<meta property=\"og:title\" content=\"1er pativersario PER SE estetica \u00a1Esto hay que celebrarlo!\" \/>\n<meta property=\"og:description\" content=\"\u00a1Que si, que si! Que en PER SE estetica estamos de pativersario. Ya hace a\u00f1o y pico que abrimos las alas y echamos a volar por nuestra cuenta y riesgo despu\u00e9s de m\u00e1s de 20 a\u00f1os con las plumas al servicio de otros. \u00a1Qui\u00e9n nos iba a decir que llegar\u00edamos hasta aqu\u00ed! \u00a1Rodeadas de patas maravillosas como vosotras! \u00a1Cuacuanto que agradecer! Y lo que es m\u00e1s importante \u00a1Cuacuanto nos queda por volar todav\u00eda! Ten\u00edamos claro que este a\u00f1o y pico hab\u00eda que celebrarlo principalmente con vosotras.\" \/>\n<meta property=\"og:url\" content=\"https:\/\/www.perseestetica.com\/index.php\/2018\/05\/02\/1er-pativersario-perse\/\" \/>\n<meta property=\"og:site_name\" content=\"PER SE ESTETICA\" \/>\n<meta property=\"article:published_time\" content=\"2018-05-02T10:20:26+00:00\" \/>\n<meta property=\"article:modified_time\" content=\"2018-12-13T06:21:45+00:00\" \/>\n<meta property=\"og:image\" content=\"https:\/\/www.perseestetica.com\/wp-content\/uploads\/2018\/05\/imagen_blog.jpg\" \/>\n\t<meta property=\"og:image:width\" content=\"1024\" \/>\n\t<meta property=\"og:image:height\" content=\"675\" \/>\n\t<meta property=\"og:image:type\" content=\"image\/jpeg\" \/>\n<meta name=\"author\" content=\"administraci\u00f3n\" \/>\n<meta name=\"twitter:card\" content=\"summary_large_image\" \/>\n<meta name=\"twitter:label1\" content=\"Escrito por\" \/>\n\t<meta name=\"twitter:data1\" content=\"administraci\u00f3n\" \/>\n\t<meta name=\"twitter:label2\" content=\"Tiempo de lectura\" \/>\n\t<meta name=\"twitter:data2\" content=\"2 minutos\" \/>\n<script type=\"application\/ld+json\" class=\"yoast-schema-graph\">{\"@context\":\"https:\/\/schema.org\",\"@graph\":[{\"@type\":\"Article\",\"@id\":\"https:\/\/www.perseestetica.com\/index.php\/2018\/05\/02\/1er-pativersario-perse\/#article\",\"isPartOf\":{\"@id\":\"https:\/\/www.perseestetica.com\/index.php\/2018\/05\/02\/1er-pativersario-perse\/\"},\"author\":{\"name\":\"administraci\u00f3n\",\"@id\":\"https:\/\/www.perseestetica.com\/#\/schema\/person\/dffe0e7ffbd7bd2d4816f9bd4f643eff\"},\"headline\":\"1er PATIVERSARIO PERSE\",\"datePublished\":\"2018-05-02T10:20:26+00:00\",\"dateModified\":\"2018-12-13T06:21:45+00:00\",\"mainEntityOfPage\":{\"@id\":\"https:\/\/www.perseestetica.com\/index.php\/2018\/05\/02\/1er-pativersario-perse\/\"},\"wordCount\":335,\"image\":{\"@id\":\"https:\/\/www.perseestetica.com\/index.php\/2018\/05\/02\/1er-pativersario-perse\/#primaryimage\"},\"thumbnailUrl\":\"https:\/\/www.perseestetica.com\/wp-content\/uploads\/2018\/05\/imagen_blog.jpg\",\"articleSection\":[\"corporal\",\"maquillaje\",\"PER SE\",\"promociones\"],\"inLanguage\":\"es\"},{\"@type\":\"WebPage\",\"@id\":\"https:\/\/www.perseestetica.com\/index.php\/2018\/05\/02\/1er-pativersario-perse\/\",\"url\":\"https:\/\/www.perseestetica.com\/index.php\/2018\/05\/02\/1er-pativersario-perse\/\",\"name\":\"1er pativersario PER SE estetica \u00a1Esto hay que celebrarlo!\",\"isPartOf\":{\"@id\":\"https:\/\/www.perseestetica.com\/#website\"},\"primaryImageOfPage\":{\"@id\":\"https:\/\/www.perseestetica.com\/index.php\/2018\/05\/02\/1er-pativersario-perse\/#primaryimage\"},\"image\":{\"@id\":\"https:\/\/www.perseestetica.com\/index.php\/2018\/05\/02\/1er-pativersario-perse\/#primaryimage\"},\"thumbnailUrl\":\"https:\/\/www.perseestetica.com\/wp-content\/uploads\/2018\/05\/imagen_blog.jpg\",\"datePublished\":\"2018-05-02T10:20:26+00:00\",\"dateModified\":\"2018-12-13T06:21:45+00:00\",\"author\":{\"@id\":\"https:\/\/www.perseestetica.com\/#\/schema\/person\/dffe0e7ffbd7bd2d4816f9bd4f643eff\"},\"description\":\"\u00a1Que si, que si! Que en PER SE estetica estamos de pativersario. Ya hace a\u00f1o y pico que abrimos las alas y echamos a volar por nuestra cuenta y riesgo despu\u00e9s de m\u00e1s de 20 a\u00f1os con las plumas al servicio de otros. \u00a1Qui\u00e9n nos iba a decir que llegar\u00edamos hasta aqu\u00ed! \u00a1Rodeadas de patas maravillosas como vosotras! \u00a1Cuacuanto que agradecer! Y lo que es m\u00e1s importante \u00a1Cuacuanto nos queda por volar todav\u00eda! Ten\u00edamos claro que este a\u00f1o y pico hab\u00eda que celebrarlo principalmente con vosotras.\",\"breadcrumb\":{\"@id\":\"https:\/\/www.perseestetica.com\/index.php\/2018\/05\/02\/1er-pativersario-perse\/#breadcrumb\"},\"inLanguage\":\"es\",\"potentialAction\":[{\"@type\":\"ReadAction\",\"target\":[\"https:\/\/www.perseestetica.com\/index.php\/2018\/05\/02\/1er-pativersario-perse\/\"]}]},{\"@type\":\"ImageObject\",\"inLanguage\":\"es\",\"@id\":\"https:\/\/www.perseestetica.com\/index.php\/2018\/05\/02\/1er-pativersario-perse\/#primaryimage\",\"url\":\"https:\/\/www.perseestetica.com\/wp-content\/uploads\/2018\/05\/imagen_blog.jpg\",\"contentUrl\":\"https:\/\/www.perseestetica.com\/wp-content\/uploads\/2018\/05\/imagen_blog.jpg\",\"width\":1024,\"height\":675},{\"@type\":\"BreadcrumbList\",\"@id\":\"https:\/\/www.perseestetica.com\/index.php\/2018\/05\/02\/1er-pativersario-perse\/#breadcrumb\",\"itemListElement\":[{\"@type\":\"ListItem\",\"position\":1,\"name\":\"Portada\",\"item\":\"https:\/\/www.perseestetica.com\/\"},{\"@type\":\"ListItem\",\"position\":2,\"name\":\"1er PATIVERSARIO PERSE\"}]},{\"@type\":\"WebSite\",\"@id\":\"https:\/\/www.perseestetica.com\/#website\",\"url\":\"https:\/\/www.perseestetica.com\/\",\"name\":\"PER SE ESTETICA\",\"description\":\"Centro de est\u00e9tica y bienestar en Vitoria-Gasteiz\",\"potentialAction\":[{\"@type\":\"SearchAction\",\"target\":{\"@type\":\"EntryPoint\",\"urlTemplate\":\"https:\/\/www.perseestetica.com\/?s={search_term_string}\"},\"query-input\":{\"@type\":\"PropertyValueSpecification\",\"valueRequired\":true,\"valueName\":\"search_term_string\"}}],\"inLanguage\":\"es\"},{\"@type\":\"Person\",\"@id\":\"https:\/\/www.perseestetica.com\/#\/schema\/person\/dffe0e7ffbd7bd2d4816f9bd4f643eff\",\"name\":\"administraci\u00f3n\",\"image\":{\"@type\":\"ImageObject\",\"inLanguage\":\"es\",\"@id\":\"https:\/\/www.perseestetica.com\/#\/schema\/person\/image\/\",\"url\":\"https:\/\/secure.gravatar.com\/avatar\/c80723aa5a9a47fa5daf35d0805cde1198a8010870d2be18ca924fd80ffac640?s=96&d=mm&r=g\",\"contentUrl\":\"https:\/\/secure.gravatar.com\/avatar\/c80723aa5a9a47fa5daf35d0805cde1198a8010870d2be18ca924fd80ffac640?s=96&d=mm&r=g\",\"caption\":\"administraci\u00f3n\"},\"url\":\"https:\/\/www.perseestetica.com\/index.php\/author\/admin\/\"}]}<\/script>\n<!-- \/ Yoast SEO plugin. -->","yoast_head_json":{"title":"1er pativersario PER SE estetica \u00a1Esto hay que celebrarlo!","description":"\u00a1Que si, que si! Que en PER SE estetica estamos de pativersario. Ya hace a\u00f1o y pico que abrimos las alas y echamos a volar por nuestra cuenta y riesgo despu\u00e9s de m\u00e1s de 20 a\u00f1os con las plumas al servicio de otros. \u00a1Qui\u00e9n nos iba a decir que llegar\u00edamos hasta aqu\u00ed! \u00a1Rodeadas de patas maravillosas como vosotras! \u00a1Cuacuanto que agradecer! Y lo que es m\u00e1s importante \u00a1Cuacuanto nos queda por volar todav\u00eda! Ten\u00edamos claro que este a\u00f1o y pico hab\u00eda que celebrarlo principalmente con vosotras.","robots":{"index":"index","follow":"follow","max-snippet":"max-snippet:-1","max-image-preview":"max-image-preview:large","max-video-preview":"max-video-preview:-1"},"canonical":"https:\/\/www.perseestetica.com\/index.php\/2018\/05\/02\/1er-pativersario-perse\/","og_locale":"es_ES","og_type":"article","og_title":"1er pativersario PER SE estetica \u00a1Esto hay que celebrarlo!","og_description":"\u00a1Que si, que si! Que en PER SE estetica estamos de pativersario. Ya hace a\u00f1o y pico que abrimos las alas y echamos a volar por nuestra cuenta y riesgo despu\u00e9s de m\u00e1s de 20 a\u00f1os con las plumas al servicio de otros. \u00a1Qui\u00e9n nos iba a decir que llegar\u00edamos hasta aqu\u00ed! \u00a1Rodeadas de patas maravillosas como vosotras! \u00a1Cuacuanto que agradecer! Y lo que es m\u00e1s importante \u00a1Cuacuanto nos queda por volar todav\u00eda! Ten\u00edamos claro que este a\u00f1o y pico hab\u00eda que celebrarlo principalmente con vosotras.","og_url":"https:\/\/www.perseestetica.com\/index.php\/2018\/05\/02\/1er-pativersario-perse\/","og_site_name":"PER SE ESTETICA","article_published_time":"2018-05-02T10:20:26+00:00","article_modified_time":"2018-12-13T06:21:45+00:00","og_image":[{"width":1024,"height":675,"url":"https:\/\/www.perseestetica.com\/wp-content\/uploads\/2018\/05\/imagen_blog.jpg","type":"image\/jpeg"}],"author":"administraci\u00f3n","twitter_card":"summary_large_image","twitter_misc":{"Escrito por":"administraci\u00f3n","Tiempo de lectura":"2 minutos"},"schema":{"@context":"https:\/\/schema.org","@graph":[{"@type":"Article","@id":"https:\/\/www.perseestetica.com\/index.php\/2018\/05\/02\/1er-pativersario-perse\/#article","isPartOf":{"@id":"https:\/\/www.perseestetica.com\/index.php\/2018\/05\/02\/1er-pativersario-perse\/"},"author":{"name":"administraci\u00f3n","@id":"https:\/\/www.perseestetica.com\/#\/schema\/person\/dffe0e7ffbd7bd2d4816f9bd4f643eff"},"headline":"1er PATIVERSARIO PERSE","datePublished":"2018-05-02T10:20:26+00:00","dateModified":"2018-12-13T06:21:45+00:00","mainEntityOfPage":{"@id":"https:\/\/www.perseestetica.com\/index.php\/2018\/05\/02\/1er-pativersario-perse\/"},"wordCount":335,"image":{"@id":"https:\/\/www.perseestetica.com\/index.php\/2018\/05\/02\/1er-pativersario-perse\/#primaryimage"},"thumbnailUrl":"https:\/\/www.perseestetica.com\/wp-content\/uploads\/2018\/05\/imagen_blog.jpg","articleSection":["corporal","maquillaje","PER SE","promociones"],"inLanguage":"es"},{"@type":"WebPage","@id":"https:\/\/www.perseestetica.com\/index.php\/2018\/05\/02\/1er-pativersario-perse\/","url":"https:\/\/www.perseestetica.com\/index.php\/2018\/05\/02\/1er-pativersario-perse\/","name":"1er pativersario PER SE estetica \u00a1Esto hay que celebrarlo!","isPartOf":{"@id":"https:\/\/www.perseestetica.com\/#website"},"primaryImageOfPage":{"@id":"https:\/\/www.perseestetica.com\/index.php\/2018\/05\/02\/1er-pativersario-perse\/#primaryimage"},"image":{"@id":"https:\/\/www.perseestetica.com\/index.php\/2018\/05\/02\/1er-pativersario-perse\/#primaryimage"},"thumbnailUrl":"https:\/\/www.perseestetica.com\/wp-content\/uploads\/2018\/05\/imagen_blog.jpg","datePublished":"2018-05-02T10:20:26+00:00","dateModified":"2018-12-13T06:21:45+00:00","author":{"@id":"https:\/\/www.perseestetica.com\/#\/schema\/person\/dffe0e7ffbd7bd2d4816f9bd4f643eff"},"description":"\u00a1Que si, que si! Que en PER SE estetica estamos de pativersario. Ya hace a\u00f1o y pico que abrimos las alas y echamos a volar por nuestra cuenta y riesgo despu\u00e9s de m\u00e1s de 20 a\u00f1os con las plumas al servicio de otros. \u00a1Qui\u00e9n nos iba a decir que llegar\u00edamos hasta aqu\u00ed! \u00a1Rodeadas de patas maravillosas como vosotras! \u00a1Cuacuanto que agradecer! Y lo que es m\u00e1s importante \u00a1Cuacuanto nos queda por volar todav\u00eda! Ten\u00edamos claro que este a\u00f1o y pico hab\u00eda que celebrarlo principalmente con vosotras.","breadcrumb":{"@id":"https:\/\/www.perseestetica.com\/index.php\/2018\/05\/02\/1er-pativersario-perse\/#breadcrumb"},"inLanguage":"es","potentialAction":[{"@type":"ReadAction","target":["https:\/\/www.perseestetica.com\/index.php\/2018\/05\/02\/1er-pativersario-perse\/"]}]},{"@type":"ImageObject","inLanguage":"es","@id":"https:\/\/www.perseestetica.com\/index.php\/2018\/05\/02\/1er-pativersario-perse\/#primaryimage","url":"https:\/\/www.perseestetica.com\/wp-content\/uploads\/2018\/05\/imagen_blog.jpg","contentUrl":"https:\/\/www.perseestetica.com\/wp-content\/uploads\/2018\/05\/imagen_blog.jpg","width":1024,"height":675},{"@type":"BreadcrumbList","@id":"https:\/\/www.perseestetica.com\/index.php\/2018\/05\/02\/1er-pativersario-perse\/#breadcrumb","itemListElement":[{"@type":"ListItem","position":1,"name":"Portada","item":"https:\/\/www.perseestetica.com\/"},{"@type":"ListItem","position":2,"name":"1er PATIVERSARIO PERSE"}]},{"@type":"WebSite","@id":"https:\/\/www.perseestetica.com\/#website","url":"https:\/\/www.perseestetica.com\/","name":"PER SE ESTETICA","description":"Centro de est\u00e9tica y bienestar en Vitoria-Gasteiz","potentialAction":[{"@type":"SearchAction","target":{"@type":"EntryPoint","urlTemplate":"https:\/\/www.perseestetica.com\/?s={search_term_string}"},"query-input":{"@type":"PropertyValueSpecification","valueRequired":true,"valueName":"search_term_string"}}],"inLanguage":"es"},{"@type":"Person","@id":"https:\/\/www.perseestetica.com\/#\/schema\/person\/dffe0e7ffbd7bd2d4816f9bd4f643eff","name":"administraci\u00f3n","image":{"@type":"ImageObject","inLanguage":"es","@id":"https:\/\/www.perseestetica.com\/#\/schema\/person\/image\/","url":"https:\/\/secure.gravatar.com\/avatar\/c80723aa5a9a47fa5daf35d0805cde1198a8010870d2be18ca924fd80ffac640?s=96&d=mm&r=g","contentUrl":"https:\/\/secure.gravatar.com\/avatar\/c80723aa5a9a47fa5daf35d0805cde1198a8010870d2be18ca924fd80ffac640?s=96&d=mm&r=g","caption":"administraci\u00f3n"},"url":"https:\/\/www.perseestetica.com\/index.php\/author\/admin\/"}]}},"_links":{"self":[{"href":"https:\/\/www.perseestetica.com\/index.php\/wp-json\/wp\/v2\/posts\/3306","targetHints":{"allow":["GET"]}}],"collection":[{"href":"https:\/\/www.perseestetica.com\/index.php\/wp-json\/wp\/v2\/posts"}],"about":[{"href":"https:\/\/www.perseestetica.com\/index.php\/wp-json\/wp\/v2\/types\/post"}],"author":[{"embeddable":true,"href":"https:\/\/www.perseestetica.com\/index.php\/wp-json\/wp\/v2\/users\/1"}],"replies":[{"embeddable":true,"href":"https:\/\/www.perseestetica.com\/index.php\/wp-json\/wp\/v2\/comments?post=3306"}],"version-history":[{"count":7,"href":"https:\/\/www.perseestetica.com\/index.php\/wp-json\/wp\/v2\/posts\/3306\/revisions"}],"predecessor-version":[{"id":3317,"href":"https:\/\/www.perseestetica.com\/index.php\/wp-json\/wp\/v2\/posts\/3306\/revisions\/3317"}],"wp:featuredmedia":[{"embeddable":true,"href":"https:\/\/www.perseestetica.com\/index.php\/wp-json\/wp\/v2\/media\/3309"}],"wp:attachment":[{"href":"https:\/\/www.perseestetica.com\/index.php\/wp-json\/wp\/v2\/media?parent=3306"}],"wp:term":[{"taxonomy":"category","embeddable":true,"href":"https:\/\/www.perseestetica.com\/index.php\/wp-json\/wp\/v2\/categories?post=3306"},{"taxonomy":"post_tag","embeddable":true,"href":"https:\/\/www.perseestetica.com\/index.php\/wp-json\/wp\/v2\/tags?post=3306"}],"curies":[{"name":"wp","href":"https:\/\/api.w.org\/{rel}","templated":true}]}}