{"id":3335,"date":"2018-06-01T11:51:47","date_gmt":"2018-06-01T11:51:47","guid":{"rendered":"http:\/\/www.perseestetica.com\/?p=3335"},"modified":"2018-12-13T06:21:41","modified_gmt":"2018-12-13T06:21:41","slug":"ganadoras-de-la-promocion-de-pativersario","status":"publish","type":"post","link":"https:\/\/www.perseestetica.com\/index.php\/2018\/06\/01\/ganadoras-de-la-promocion-de-pativersario\/","title":{"rendered":"Ganadoras de la promoci\u00f3n de pativersario"},"content":{"rendered":"<p>Tenemos buenas noticias para dos patas presumidas y a\u00fan m\u00e1s listas que han dedicado su tiempo a participar en nuestra promoci\u00f3n de primer pativersario y mira por donde&#8230; \u00a1La han ganado! Antes de nada queremos agradeceros a todas las muestras de cari\u00f1o, la confianza en nuestro trabajo y vuestra fidelidad en el sal\u00f3n y las redes. <strong>Es un placer endulzar el viernes de las patas @justi_serrano (usuaria de instagram y ganadora de nuestra promo en instagram), Sonia Fernandez (usuaria de Facebok y ganadora del premio en Facebook) y Ana Ugarte (ganadora de la promoci\u00f3n en el punto de venta). Nos pondremos en contacto con vosotras<\/strong> para que pod\u00e1is disfrutar de los premios: el tratamiento exfoliante Tierra Corporal y el neceser de maquillaje Keenwell Red Carpet edici\u00f3n limitada respectivamente.<\/p>\n\n\t\t<style type=\"text\/css\">\n\t\t\t#gallery-1 {\n\t\t\t\tmargin: auto;\n\t\t\t}\n\t\t\t#gallery-1 .gallery-item {\n\t\t\t\tfloat: left;\n\t\t\t\tmargin-top: 10px;\n\t\t\t\ttext-align: center;\n\t\t\t\twidth: 33%;\n\t\t\t}\n\t\t\t#gallery-1 img {\n\t\t\t\tborder: 2px solid #cfcfcf;\n\t\t\t}\n\t\t\t#gallery-1 .gallery-caption {\n\t\t\t\tmargin-left: 0;\n\t\t\t}\n\t\t\t\/* see gallery_shortcode() in wp-includes\/media.php *\/\n\t\t<\/style>\n\t\t<div id='gallery-1' class='gallery galleryid-3335 gallery-columns-3 gallery-size-medium'><dl class='gallery-item'>\n\t\t\t<dt class='gallery-icon portrait'>\n\t\t\t\t<a href='https:\/\/www.perseestetica.com\/index.php\/2018\/06\/01\/ganadoras-de-la-promocion-de-pativersario\/img_6058\/'><img loading=\"lazy\" decoding=\"async\" width=\"225\" height=\"300\" src=\"https:\/\/www.perseestetica.com\/wp-content\/uploads\/2018\/06\/IMG_6058-225x300.jpg\" class=\"attachment-medium size-medium\" alt=\"\" srcset=\"https:\/\/www.perseestetica.com\/wp-content\/uploads\/2018\/06\/IMG_6058-225x300.jpg 225w, https:\/\/www.perseestetica.com\/wp-content\/uploads\/2018\/06\/IMG_6058-600x800.jpg 600w, https:\/\/www.perseestetica.com\/wp-content\/uploads\/2018\/06\/IMG_6058-768x1024.jpg 768w, https:\/\/www.perseestetica.com\/wp-content\/uploads\/2018\/06\/IMG_6058.jpg 1200w\" sizes=\"auto, (max-width: 225px) 100vw, 225px\" \/><\/a>\n\t\t\t<\/dt><\/dl><dl class='gallery-item'>\n\t\t\t<dt class='gallery-icon portrait'>\n\t\t\t\t<a href='https:\/\/www.perseestetica.com\/index.php\/2018\/06\/01\/ganadoras-de-la-promocion-de-pativersario\/img_6059\/'><img loading=\"lazy\" decoding=\"async\" width=\"225\" height=\"300\" src=\"https:\/\/www.perseestetica.com\/wp-content\/uploads\/2018\/06\/IMG_6059-225x300.jpg\" class=\"attachment-medium size-medium\" alt=\"\" srcset=\"https:\/\/www.perseestetica.com\/wp-content\/uploads\/2018\/06\/IMG_6059-225x300.jpg 225w, https:\/\/www.perseestetica.com\/wp-content\/uploads\/2018\/06\/IMG_6059-600x799.jpg 600w, https:\/\/www.perseestetica.com\/wp-content\/uploads\/2018\/06\/IMG_6059-768x1023.jpg 768w, https:\/\/www.perseestetica.com\/wp-content\/uploads\/2018\/06\/IMG_6059-769x1024.jpg 769w, https:\/\/www.perseestetica.com\/wp-content\/uploads\/2018\/06\/IMG_6059.jpg 1201w\" sizes=\"auto, (max-width: 225px) 100vw, 225px\" \/><\/a>\n\t\t\t<\/dt><\/dl><dl class='gallery-item'>\n\t\t\t<dt class='gallery-icon portrait'>\n\t\t\t\t<a href='https:\/\/www.perseestetica.com\/index.php\/2018\/06\/01\/ganadoras-de-la-promocion-de-pativersario\/img_6060\/'><img loading=\"lazy\" decoding=\"async\" width=\"225\" height=\"300\" src=\"https:\/\/www.perseestetica.com\/wp-content\/uploads\/2018\/06\/IMG_6060-225x300.jpg\" class=\"attachment-medium size-medium\" alt=\"\" srcset=\"https:\/\/www.perseestetica.com\/wp-content\/uploads\/2018\/06\/IMG_6060-225x300.jpg 225w, https:\/\/www.perseestetica.com\/wp-content\/uploads\/2018\/06\/IMG_6060-600x800.jpg 600w, https:\/\/www.perseestetica.com\/wp-content\/uploads\/2018\/06\/IMG_6060-768x1024.jpg 768w, https:\/\/www.perseestetica.com\/wp-content\/uploads\/2018\/06\/IMG_6060.jpg 1200w\" sizes=\"auto, (max-width: 225px) 100vw, 225px\" \/><\/a>\n\t\t\t<\/dt><\/dl><br style=\"clear: both\" \/>\n\t\t<\/div>\n\n","protected":false},"excerpt":{"rendered":"<p>Tenemos buenas noticias para dos patas presumidas y a\u00fan m\u00e1s listas que han dedicado su tiempo a participar en nuestra promoci\u00f3n de primer pativersario y mira por donde&#8230; \u00a1La han ganado! Antes de nada queremos agradeceros a todas las muestras [&hellip;]<\/p>\n","protected":false},"author":1,"featured_media":3336,"comment_status":"closed","ping_status":"open","sticky":false,"template":"","format":"standard","meta":{"footnotes":""},"categories":[122,123,117,118],"tags":[],"class_list":["post-3335","post","type-post","status-publish","format-standard","has-post-thumbnail","hentry","category-corporal","category-maquillaje","category-per-se","category-promociones"],"yoast_head":"<!-- This site is optimized with the Yoast SEO plugin v27.0 - https:\/\/yoast.com\/product\/yoast-seo-wordpress\/ -->\n<title>1er pativersario PER SE estetica \u00a1Esto hay que celebrarlo!<\/title>\n<meta name=\"description\" content=\"\u00a1Que si, que si! Que en PER SE estetica estamos de pativersario. Ya hace a\u00f1o y pico que abrimos las alas y echamos a volar por nuestra cuenta y riesgo despu\u00e9s de m\u00e1s de 20 a\u00f1os con las plumas al servicio de otros. \u00a1Qui\u00e9n nos iba a decir que llegar\u00edamos hasta aqu\u00ed! \u00a1Rodeadas de patas maravillosas como vosotras! \u00a1Cuacuanto que agradecer! Y lo que es m\u00e1s importante \u00a1Cuacuanto nos queda por volar todav\u00eda! Ten\u00edamos claro que este a\u00f1o y pico hab\u00eda que celebrarlo principalmente con vosotras.\" \/>\n<meta name=\"robots\" content=\"index, follow, max-snippet:-1, max-image-preview:large, max-video-preview:-1\" \/>\n<link rel=\"canonical\" href=\"https:\/\/www.perseestetica.com\/index.php\/2018\/06\/01\/ganadoras-de-la-promocion-de-pativersario\/\" \/>\n<meta property=\"og:locale\" content=\"es_ES\" \/>\n<meta property=\"og:type\" content=\"article\" \/>\n<meta property=\"og:title\" content=\"1er pativersario PER SE estetica \u00a1Esto hay que celebrarlo!\" \/>\n<meta property=\"og:description\" content=\"\u00a1Que si, que si! Que en PER SE estetica estamos de pativersario. Ya hace a\u00f1o y pico que abrimos las alas y echamos a volar por nuestra cuenta y riesgo despu\u00e9s de m\u00e1s de 20 a\u00f1os con las plumas al servicio de otros. \u00a1Qui\u00e9n nos iba a decir que llegar\u00edamos hasta aqu\u00ed! \u00a1Rodeadas de patas maravillosas como vosotras! \u00a1Cuacuanto que agradecer! Y lo que es m\u00e1s importante \u00a1Cuacuanto nos queda por volar todav\u00eda! Ten\u00edamos claro que este a\u00f1o y pico hab\u00eda que celebrarlo principalmente con vosotras.\" \/>\n<meta property=\"og:url\" content=\"https:\/\/www.perseestetica.com\/index.php\/2018\/06\/01\/ganadoras-de-la-promocion-de-pativersario\/\" \/>\n<meta property=\"og:site_name\" content=\"PER SE ESTETICA\" \/>\n<meta property=\"article:published_time\" content=\"2018-06-01T11:51:47+00:00\" \/>\n<meta property=\"article:modified_time\" content=\"2018-12-13T06:21:41+00:00\" \/>\n<meta property=\"og:image\" content=\"https:\/\/www.perseestetica.com\/wp-content\/uploads\/2018\/06\/banner_promo.jpg\" \/>\n\t<meta property=\"og:image:width\" content=\"1200\" \/>\n\t<meta property=\"og:image:height\" content=\"540\" \/>\n\t<meta property=\"og:image:type\" content=\"image\/jpeg\" \/>\n<meta name=\"author\" content=\"administraci\u00f3n\" \/>\n<meta name=\"twitter:card\" content=\"summary_large_image\" \/>\n<meta name=\"twitter:label1\" content=\"Escrito por\" \/>\n\t<meta name=\"twitter:data1\" content=\"administraci\u00f3n\" \/>\n\t<meta name=\"twitter:label2\" content=\"Tiempo de lectura\" \/>\n\t<meta name=\"twitter:data2\" content=\"1 minuto\" \/>\n<script type=\"application\/ld+json\" class=\"yoast-schema-graph\">{\"@context\":\"https:\/\/schema.org\",\"@graph\":[{\"@type\":\"Article\",\"@id\":\"https:\/\/www.perseestetica.com\/index.php\/2018\/06\/01\/ganadoras-de-la-promocion-de-pativersario\/#article\",\"isPartOf\":{\"@id\":\"https:\/\/www.perseestetica.com\/index.php\/2018\/06\/01\/ganadoras-de-la-promocion-de-pativersario\/\"},\"author\":{\"name\":\"administraci\u00f3n\",\"@id\":\"https:\/\/www.perseestetica.com\/#\/schema\/person\/dffe0e7ffbd7bd2d4816f9bd4f643eff\"},\"headline\":\"Ganadoras de la promoci\u00f3n de pativersario\",\"datePublished\":\"2018-06-01T11:51:47+00:00\",\"dateModified\":\"2018-12-13T06:21:41+00:00\",\"mainEntityOfPage\":{\"@id\":\"https:\/\/www.perseestetica.com\/index.php\/2018\/06\/01\/ganadoras-de-la-promocion-de-pativersario\/\"},\"wordCount\":148,\"image\":{\"@id\":\"https:\/\/www.perseestetica.com\/index.php\/2018\/06\/01\/ganadoras-de-la-promocion-de-pativersario\/#primaryimage\"},\"thumbnailUrl\":\"https:\/\/www.perseestetica.com\/wp-content\/uploads\/2018\/06\/banner_promo.jpg\",\"articleSection\":[\"corporal\",\"maquillaje\",\"PER SE\",\"promociones\"],\"inLanguage\":\"es\"},{\"@type\":\"WebPage\",\"@id\":\"https:\/\/www.perseestetica.com\/index.php\/2018\/06\/01\/ganadoras-de-la-promocion-de-pativersario\/\",\"url\":\"https:\/\/www.perseestetica.com\/index.php\/2018\/06\/01\/ganadoras-de-la-promocion-de-pativersario\/\",\"name\":\"1er pativersario PER SE estetica \u00a1Esto hay que celebrarlo!\",\"isPartOf\":{\"@id\":\"https:\/\/www.perseestetica.com\/#website\"},\"primaryImageOfPage\":{\"@id\":\"https:\/\/www.perseestetica.com\/index.php\/2018\/06\/01\/ganadoras-de-la-promocion-de-pativersario\/#primaryimage\"},\"image\":{\"@id\":\"https:\/\/www.perseestetica.com\/index.php\/2018\/06\/01\/ganadoras-de-la-promocion-de-pativersario\/#primaryimage\"},\"thumbnailUrl\":\"https:\/\/www.perseestetica.com\/wp-content\/uploads\/2018\/06\/banner_promo.jpg\",\"datePublished\":\"2018-06-01T11:51:47+00:00\",\"dateModified\":\"2018-12-13T06:21:41+00:00\",\"author\":{\"@id\":\"https:\/\/www.perseestetica.com\/#\/schema\/person\/dffe0e7ffbd7bd2d4816f9bd4f643eff\"},\"description\":\"\u00a1Que si, que si! Que en PER SE estetica estamos de pativersario. Ya hace a\u00f1o y pico que abrimos las alas y echamos a volar por nuestra cuenta y riesgo despu\u00e9s de m\u00e1s de 20 a\u00f1os con las plumas al servicio de otros. \u00a1Qui\u00e9n nos iba a decir que llegar\u00edamos hasta aqu\u00ed! \u00a1Rodeadas de patas maravillosas como vosotras! \u00a1Cuacuanto que agradecer! Y lo que es m\u00e1s importante \u00a1Cuacuanto nos queda por volar todav\u00eda! Ten\u00edamos claro que este a\u00f1o y pico hab\u00eda que celebrarlo principalmente con vosotras.\",\"breadcrumb\":{\"@id\":\"https:\/\/www.perseestetica.com\/index.php\/2018\/06\/01\/ganadoras-de-la-promocion-de-pativersario\/#breadcrumb\"},\"inLanguage\":\"es\",\"potentialAction\":[{\"@type\":\"ReadAction\",\"target\":[\"https:\/\/www.perseestetica.com\/index.php\/2018\/06\/01\/ganadoras-de-la-promocion-de-pativersario\/\"]}]},{\"@type\":\"ImageObject\",\"inLanguage\":\"es\",\"@id\":\"https:\/\/www.perseestetica.com\/index.php\/2018\/06\/01\/ganadoras-de-la-promocion-de-pativersario\/#primaryimage\",\"url\":\"https:\/\/www.perseestetica.com\/wp-content\/uploads\/2018\/06\/banner_promo.jpg\",\"contentUrl\":\"https:\/\/www.perseestetica.com\/wp-content\/uploads\/2018\/06\/banner_promo.jpg\",\"width\":1200,\"height\":540},{\"@type\":\"BreadcrumbList\",\"@id\":\"https:\/\/www.perseestetica.com\/index.php\/2018\/06\/01\/ganadoras-de-la-promocion-de-pativersario\/#breadcrumb\",\"itemListElement\":[{\"@type\":\"ListItem\",\"position\":1,\"name\":\"Portada\",\"item\":\"https:\/\/www.perseestetica.com\/\"},{\"@type\":\"ListItem\",\"position\":2,\"name\":\"Ganadoras de la promoci\u00f3n de pativersario\"}]},{\"@type\":\"WebSite\",\"@id\":\"https:\/\/www.perseestetica.com\/#website\",\"url\":\"https:\/\/www.perseestetica.com\/\",\"name\":\"PER SE ESTETICA\",\"description\":\"Centro de est\u00e9tica y bienestar en Vitoria-Gasteiz\",\"potentialAction\":[{\"@type\":\"SearchAction\",\"target\":{\"@type\":\"EntryPoint\",\"urlTemplate\":\"https:\/\/www.perseestetica.com\/?s={search_term_string}\"},\"query-input\":{\"@type\":\"PropertyValueSpecification\",\"valueRequired\":true,\"valueName\":\"search_term_string\"}}],\"inLanguage\":\"es\"},{\"@type\":\"Person\",\"@id\":\"https:\/\/www.perseestetica.com\/#\/schema\/person\/dffe0e7ffbd7bd2d4816f9bd4f643eff\",\"name\":\"administraci\u00f3n\",\"image\":{\"@type\":\"ImageObject\",\"inLanguage\":\"es\",\"@id\":\"https:\/\/www.perseestetica.com\/#\/schema\/person\/image\/\",\"url\":\"https:\/\/secure.gravatar.com\/avatar\/c80723aa5a9a47fa5daf35d0805cde1198a8010870d2be18ca924fd80ffac640?s=96&d=mm&r=g\",\"contentUrl\":\"https:\/\/secure.gravatar.com\/avatar\/c80723aa5a9a47fa5daf35d0805cde1198a8010870d2be18ca924fd80ffac640?s=96&d=mm&r=g\",\"caption\":\"administraci\u00f3n\"},\"url\":\"https:\/\/www.perseestetica.com\/index.php\/author\/admin\/\"}]}<\/script>\n<!-- \/ Yoast SEO plugin. -->","yoast_head_json":{"title":"1er pativersario PER SE estetica \u00a1Esto hay que celebrarlo!","description":"\u00a1Que si, que si! Que en PER SE estetica estamos de pativersario. Ya hace a\u00f1o y pico que abrimos las alas y echamos a volar por nuestra cuenta y riesgo despu\u00e9s de m\u00e1s de 20 a\u00f1os con las plumas al servicio de otros. \u00a1Qui\u00e9n nos iba a decir que llegar\u00edamos hasta aqu\u00ed! \u00a1Rodeadas de patas maravillosas como vosotras! \u00a1Cuacuanto que agradecer! Y lo que es m\u00e1s importante \u00a1Cuacuanto nos queda por volar todav\u00eda! Ten\u00edamos claro que este a\u00f1o y pico hab\u00eda que celebrarlo principalmente con vosotras.","robots":{"index":"index","follow":"follow","max-snippet":"max-snippet:-1","max-image-preview":"max-image-preview:large","max-video-preview":"max-video-preview:-1"},"canonical":"https:\/\/www.perseestetica.com\/index.php\/2018\/06\/01\/ganadoras-de-la-promocion-de-pativersario\/","og_locale":"es_ES","og_type":"article","og_title":"1er pativersario PER SE estetica \u00a1Esto hay que celebrarlo!","og_description":"\u00a1Que si, que si! Que en PER SE estetica estamos de pativersario. Ya hace a\u00f1o y pico que abrimos las alas y echamos a volar por nuestra cuenta y riesgo despu\u00e9s de m\u00e1s de 20 a\u00f1os con las plumas al servicio de otros. \u00a1Qui\u00e9n nos iba a decir que llegar\u00edamos hasta aqu\u00ed! \u00a1Rodeadas de patas maravillosas como vosotras! \u00a1Cuacuanto que agradecer! Y lo que es m\u00e1s importante \u00a1Cuacuanto nos queda por volar todav\u00eda! Ten\u00edamos claro que este a\u00f1o y pico hab\u00eda que celebrarlo principalmente con vosotras.","og_url":"https:\/\/www.perseestetica.com\/index.php\/2018\/06\/01\/ganadoras-de-la-promocion-de-pativersario\/","og_site_name":"PER SE ESTETICA","article_published_time":"2018-06-01T11:51:47+00:00","article_modified_time":"2018-12-13T06:21:41+00:00","og_image":[{"width":1200,"height":540,"url":"https:\/\/www.perseestetica.com\/wp-content\/uploads\/2018\/06\/banner_promo.jpg","type":"image\/jpeg"}],"author":"administraci\u00f3n","twitter_card":"summary_large_image","twitter_misc":{"Escrito por":"administraci\u00f3n","Tiempo de lectura":"1 minuto"},"schema":{"@context":"https:\/\/schema.org","@graph":[{"@type":"Article","@id":"https:\/\/www.perseestetica.com\/index.php\/2018\/06\/01\/ganadoras-de-la-promocion-de-pativersario\/#article","isPartOf":{"@id":"https:\/\/www.perseestetica.com\/index.php\/2018\/06\/01\/ganadoras-de-la-promocion-de-pativersario\/"},"author":{"name":"administraci\u00f3n","@id":"https:\/\/www.perseestetica.com\/#\/schema\/person\/dffe0e7ffbd7bd2d4816f9bd4f643eff"},"headline":"Ganadoras de la promoci\u00f3n de pativersario","datePublished":"2018-06-01T11:51:47+00:00","dateModified":"2018-12-13T06:21:41+00:00","mainEntityOfPage":{"@id":"https:\/\/www.perseestetica.com\/index.php\/2018\/06\/01\/ganadoras-de-la-promocion-de-pativersario\/"},"wordCount":148,"image":{"@id":"https:\/\/www.perseestetica.com\/index.php\/2018\/06\/01\/ganadoras-de-la-promocion-de-pativersario\/#primaryimage"},"thumbnailUrl":"https:\/\/www.perseestetica.com\/wp-content\/uploads\/2018\/06\/banner_promo.jpg","articleSection":["corporal","maquillaje","PER SE","promociones"],"inLanguage":"es"},{"@type":"WebPage","@id":"https:\/\/www.perseestetica.com\/index.php\/2018\/06\/01\/ganadoras-de-la-promocion-de-pativersario\/","url":"https:\/\/www.perseestetica.com\/index.php\/2018\/06\/01\/ganadoras-de-la-promocion-de-pativersario\/","name":"1er pativersario PER SE estetica \u00a1Esto hay que celebrarlo!","isPartOf":{"@id":"https:\/\/www.perseestetica.com\/#website"},"primaryImageOfPage":{"@id":"https:\/\/www.perseestetica.com\/index.php\/2018\/06\/01\/ganadoras-de-la-promocion-de-pativersario\/#primaryimage"},"image":{"@id":"https:\/\/www.perseestetica.com\/index.php\/2018\/06\/01\/ganadoras-de-la-promocion-de-pativersario\/#primaryimage"},"thumbnailUrl":"https:\/\/www.perseestetica.com\/wp-content\/uploads\/2018\/06\/banner_promo.jpg","datePublished":"2018-06-01T11:51:47+00:00","dateModified":"2018-12-13T06:21:41+00:00","author":{"@id":"https:\/\/www.perseestetica.com\/#\/schema\/person\/dffe0e7ffbd7bd2d4816f9bd4f643eff"},"description":"\u00a1Que si, que si! Que en PER SE estetica estamos de pativersario. Ya hace a\u00f1o y pico que abrimos las alas y echamos a volar por nuestra cuenta y riesgo despu\u00e9s de m\u00e1s de 20 a\u00f1os con las plumas al servicio de otros. \u00a1Qui\u00e9n nos iba a decir que llegar\u00edamos hasta aqu\u00ed! \u00a1Rodeadas de patas maravillosas como vosotras! \u00a1Cuacuanto que agradecer! Y lo que es m\u00e1s importante \u00a1Cuacuanto nos queda por volar todav\u00eda! Ten\u00edamos claro que este a\u00f1o y pico hab\u00eda que celebrarlo principalmente con vosotras.","breadcrumb":{"@id":"https:\/\/www.perseestetica.com\/index.php\/2018\/06\/01\/ganadoras-de-la-promocion-de-pativersario\/#breadcrumb"},"inLanguage":"es","potentialAction":[{"@type":"ReadAction","target":["https:\/\/www.perseestetica.com\/index.php\/2018\/06\/01\/ganadoras-de-la-promocion-de-pativersario\/"]}]},{"@type":"ImageObject","inLanguage":"es","@id":"https:\/\/www.perseestetica.com\/index.php\/2018\/06\/01\/ganadoras-de-la-promocion-de-pativersario\/#primaryimage","url":"https:\/\/www.perseestetica.com\/wp-content\/uploads\/2018\/06\/banner_promo.jpg","contentUrl":"https:\/\/www.perseestetica.com\/wp-content\/uploads\/2018\/06\/banner_promo.jpg","width":1200,"height":540},{"@type":"BreadcrumbList","@id":"https:\/\/www.perseestetica.com\/index.php\/2018\/06\/01\/ganadoras-de-la-promocion-de-pativersario\/#breadcrumb","itemListElement":[{"@type":"ListItem","position":1,"name":"Portada","item":"https:\/\/www.perseestetica.com\/"},{"@type":"ListItem","position":2,"name":"Ganadoras de la promoci\u00f3n de pativersario"}]},{"@type":"WebSite","@id":"https:\/\/www.perseestetica.com\/#website","url":"https:\/\/www.perseestetica.com\/","name":"PER SE ESTETICA","description":"Centro de est\u00e9tica y bienestar en Vitoria-Gasteiz","potentialAction":[{"@type":"SearchAction","target":{"@type":"EntryPoint","urlTemplate":"https:\/\/www.perseestetica.com\/?s={search_term_string}"},"query-input":{"@type":"PropertyValueSpecification","valueRequired":true,"valueName":"search_term_string"}}],"inLanguage":"es"},{"@type":"Person","@id":"https:\/\/www.perseestetica.com\/#\/schema\/person\/dffe0e7ffbd7bd2d4816f9bd4f643eff","name":"administraci\u00f3n","image":{"@type":"ImageObject","inLanguage":"es","@id":"https:\/\/www.perseestetica.com\/#\/schema\/person\/image\/","url":"https:\/\/secure.gravatar.com\/avatar\/c80723aa5a9a47fa5daf35d0805cde1198a8010870d2be18ca924fd80ffac640?s=96&d=mm&r=g","contentUrl":"https:\/\/secure.gravatar.com\/avatar\/c80723aa5a9a47fa5daf35d0805cde1198a8010870d2be18ca924fd80ffac640?s=96&d=mm&r=g","caption":"administraci\u00f3n"},"url":"https:\/\/www.perseestetica.com\/index.php\/author\/admin\/"}]}},"_links":{"self":[{"href":"https:\/\/www.perseestetica.com\/index.php\/wp-json\/wp\/v2\/posts\/3335","targetHints":{"allow":["GET"]}}],"collection":[{"href":"https:\/\/www.perseestetica.com\/index.php\/wp-json\/wp\/v2\/posts"}],"about":[{"href":"https:\/\/www.perseestetica.com\/index.php\/wp-json\/wp\/v2\/types\/post"}],"author":[{"embeddable":true,"href":"https:\/\/www.perseestetica.com\/index.php\/wp-json\/wp\/v2\/users\/1"}],"replies":[{"embeddable":true,"href":"https:\/\/www.perseestetica.com\/index.php\/wp-json\/wp\/v2\/comments?post=3335"}],"version-history":[{"count":5,"href":"https:\/\/www.perseestetica.com\/index.php\/wp-json\/wp\/v2\/posts\/3335\/revisions"}],"predecessor-version":[{"id":3344,"href":"https:\/\/www.perseestetica.com\/index.php\/wp-json\/wp\/v2\/posts\/3335\/revisions\/3344"}],"wp:featuredmedia":[{"embeddable":true,"href":"https:\/\/www.perseestetica.com\/index.php\/wp-json\/wp\/v2\/media\/3336"}],"wp:attachment":[{"href":"https:\/\/www.perseestetica.com\/index.php\/wp-json\/wp\/v2\/media?parent=3335"}],"wp:term":[{"taxonomy":"category","embeddable":true,"href":"https:\/\/www.perseestetica.com\/index.php\/wp-json\/wp\/v2\/categories?post=3335"},{"taxonomy":"post_tag","embeddable":true,"href":"https:\/\/www.perseestetica.com\/index.php\/wp-json\/wp\/v2\/tags?post=3335"}],"curies":[{"name":"wp","href":"https:\/\/api.w.org\/{rel}","templated":true}]}}