{"id":3476,"date":"2019-11-30T07:00:29","date_gmt":"2019-11-30T07:00:29","guid":{"rendered":"https:\/\/www.perseestetica.com\/?p=3476"},"modified":"2019-11-30T07:47:30","modified_gmt":"2019-11-30T07:47:30","slug":"tratamiento-facial-orquidea-belleza-navidad","status":"publish","type":"post","link":"https:\/\/www.perseestetica.com\/index.php\/2019\/11\/30\/tratamiento-facial-orquidea-belleza-navidad\/","title":{"rendered":"GANA un TRATAMIENTO FACIAL ORQU\u00cdDEA con nuestra promo de Navidad"},"content":{"rendered":"<p class=\"p1\">\u00a1Gana un TRATAMIENTO FACIAL ORQU\u00cdDEA! La Navidad ha llegado a PER SE est\u00e9tica y como no pod\u00eda ser menos, viene cargada de sorpresas para arrancaros una sonrisa de esos picos \u00a1Tomad nota! \u00bfQuer\u00e9is ganar un TRATAMIENTO FACIAL ORQU\u00cdDEA? Pues haced caso a estas patas magas y puede que este a\u00f1o debajo del \u00e1rbol\u2026 El regalo lo pongamos nosotras.<\/p>\n<h2 class=\"p1\"><strong>PROMOCI\u00d3N EN EL PUNTO DE VENTA:<\/strong><\/h2>\n<p class=\"p1\"><b>Rellena el cup\u00f3n que te entregaremos con tus compras\/servicios PER SE antes del 4 de enero de 2020 (incluido) y participa en el sorteo de un TRATAMIENTO FACIAL ORQU\u00cdDEA.\u00a0<\/b>\u00bfQu\u00e9 es esto del tratamiento Orqu\u00eddea? Ya os hemos dicho que tenemos muchas novedades y esta es una de ellas. Es un nuevo tratamiento facial <span class=\"s1\">que te transporta a un precioso jard\u00edn de orqu\u00eddeas, que realizan una acci\u00f3n relajante de florterapia y aseguran una piel nutrida en profundidad y te devuelven la firmeza, redefiniendo los contornos y suavizando las arrugas. La orqu\u00eddea es una flor con grandes propiedades antioxidantes que <\/span>neutralizan los radicales libres causantes del envejecimiento. Si eres una pata de piel seca, con falta de nutrientes y tienes la piel algo apagada este tratamiento est\u00e1 especialmente indicado para ti. As\u00ed que ya sabes\u2026 \u00a1No olvides rellenar tu cup\u00f3n de participaci\u00f3n cuando pases por aqu\u00ed y GANA un TRATAMIENTO FACIAL ORQU\u00cdDEA con nuestra promo de Navidad!<\/p>\n<h2 class=\"p1\"><strong>PROMOCI\u00d3N EN LAS REDES SOCIALES:<\/strong><\/h2>\n<p class=\"p1\">Si, no nos olvidamos de la granja virtual.\u00a0<strong>Sorteamos un tratamiento facial Orqu\u00eddea entre todas las patas que den a \u201cme gusta\u201d en alguna de nuestras publicaciones de la promoci\u00f3n de esta Navidad en facebook e instagram hasta la fecha 06\/01\/2020.<\/strong> Si quieres puedes seguirnos para estar al corriente de todas las novedades y as\u00ed estar atenta-o a nuestra p\u00e1gina donde publicaremos a los ganadores. Recuerda se elegir\u00e1 1 ganador por red social.<\/p>\n<p>&nbsp;<\/p>\n<p class=\"p1\">\u00a1Participa y GANA un TRATAMIENTO FACIAL ORQU\u00cdDEA con nuestra promo de Navidad!<\/p>\n<p class=\"p1\">Pod\u00e9is consultar las\u00a0<a href=\"https:\/\/www.perseestetica.com\/wp-content\/uploads\/2019\/11\/bases-navidad-2019ok.pdf\"><strong>bases de la promoci\u00f3n aqu\u00ed.<\/strong><\/a><\/p>\n<p>&nbsp;<\/p>\n<p class=\"p1\">Recordad que ya\u00a0<strong>tenemos los cofres de PHYTOMER para los regalos de Navidad<\/strong> disponibles\u00a0y nuestras<strong>\u00a0tarjetas regalo con todos los\u00a0tratamientos<\/strong> que puedes adquirir tanto en PER SE como en la <a href=\"https:\/\/www.perseestetica.com\/index.php\/tienda-perse-estetica\/\"><strong>tienda online.<\/strong><\/a><\/p>\n<p><img loading=\"lazy\" decoding=\"async\" class=\"aligncenter size-full wp-image-3475\" src=\"https:\/\/www.perseestetica.com\/wp-content\/uploads\/2019\/11\/PHY19.jpg\" alt=\"\" width=\"1164\" height=\"588\" srcset=\"https:\/\/www.perseestetica.com\/wp-content\/uploads\/2019\/11\/PHY19.jpg 1164w, https:\/\/www.perseestetica.com\/wp-content\/uploads\/2019\/11\/PHY19-600x303.jpg 600w, https:\/\/www.perseestetica.com\/wp-content\/uploads\/2019\/11\/PHY19-300x152.jpg 300w, https:\/\/www.perseestetica.com\/wp-content\/uploads\/2019\/11\/PHY19-768x388.jpg 768w, https:\/\/www.perseestetica.com\/wp-content\/uploads\/2019\/11\/PHY19-1024x517.jpg 1024w\" sizes=\"auto, (max-width: 1164px) 100vw, 1164px\" \/><\/p>\n","protected":false},"excerpt":{"rendered":"<p>\u00a1Gana un TRATAMIENTO FACIAL ORQU\u00cdDEA! La Navidad ha llegado a PER SE est\u00e9tica y como no pod\u00eda ser menos, viene cargada de sorpresas para arrancaros una sonrisa de esos picos \u00a1Tomad nota! \u00bfQuer\u00e9is ganar un TRATAMIENTO FACIAL ORQU\u00cdDEA? Pues haced [&hellip;]<\/p>\n","protected":false},"author":1,"featured_media":3478,"comment_status":"closed","ping_status":"open","sticky":false,"template":"","format":"standard","meta":{"footnotes":""},"categories":[119,15,117,118,126],"tags":[130,134,128,138,135,139,136,137,131,140,127,133],"class_list":["post-3476","post","type-post","status-publish","format-standard","has-post-thumbnail","hentry","category-facial","category-organic","category-per-se","category-promociones","category-tratamiento","tag-belleza-vitoria","tag-centro-de-depilacion-vitoria","tag-centros-de-estetica-vitoria","tag-date-un-capricho","tag-depilarse-en-vitoria","tag-ponerte-guapa","tag-regala-belleza","tag-regalos-originales","tag-salon-de-belleza","tag-tratamientos-corporales","tag-tratamientos-de-belleza","tag-tratamientos-faciales"],"yoast_head":"<!-- This site is optimized with the Yoast SEO plugin v27.0 - https:\/\/yoast.com\/product\/yoast-seo-wordpress\/ -->\n<title>GANA un TRATAMIENTO FACIAL ORQU\u00cdDEA con nuestra promo de Navidad<\/title>\n<meta name=\"description\" content=\"\u00a1Gana un TRATAMIENTO FACIAL ORQU\u00cdDEA! La Navidad ha llegado a PER SE est\u00e9tica y como no pod\u00eda ser menos, viene cargada de sorpresas para arrancaros una sonrisa de esos picos \u00a1Tomad nota! \u00bfQuer\u00e9is ganar un TRATAMIENTO FACIAL ORQU\u00cdDEA? Pues haced caso a estas patas magas y puede que este a\u00f1o debajo del \u00e1rbol\u2026 El regalo lo pongamos nosotras.\" \/>\n<meta name=\"robots\" content=\"index, follow, max-snippet:-1, max-image-preview:large, max-video-preview:-1\" \/>\n<link rel=\"canonical\" href=\"https:\/\/www.perseestetica.com\/index.php\/2019\/11\/30\/tratamiento-facial-orquidea-belleza-navidad\/\" \/>\n<meta property=\"og:locale\" content=\"es_ES\" \/>\n<meta property=\"og:type\" content=\"article\" \/>\n<meta property=\"og:title\" content=\"GANA un TRATAMIENTO FACIAL ORQU\u00cdDEA con nuestra promo de Navidad\" \/>\n<meta property=\"og:description\" content=\"\u00a1Gana un TRATAMIENTO FACIAL ORQU\u00cdDEA! La Navidad ha llegado a PER SE est\u00e9tica y como no pod\u00eda ser menos, viene cargada de sorpresas para arrancaros una sonrisa de esos picos \u00a1Tomad nota! \u00bfQuer\u00e9is ganar un TRATAMIENTO FACIAL ORQU\u00cdDEA? Pues haced caso a estas patas magas y puede que este a\u00f1o debajo del \u00e1rbol\u2026 El regalo lo pongamos nosotras.\" \/>\n<meta property=\"og:url\" content=\"https:\/\/www.perseestetica.com\/index.php\/2019\/11\/30\/tratamiento-facial-orquidea-belleza-navidad\/\" \/>\n<meta property=\"og:site_name\" content=\"PER SE ESTETICA\" \/>\n<meta property=\"article:published_time\" content=\"2019-11-30T07:00:29+00:00\" \/>\n<meta property=\"article:modified_time\" content=\"2019-11-30T07:47:30+00:00\" \/>\n<meta property=\"og:image\" content=\"https:\/\/www.perseestetica.com\/wp-content\/uploads\/2019\/11\/imagen_blog2019-1.jpg\" \/>\n\t<meta property=\"og:image:width\" content=\"1200\" \/>\n\t<meta property=\"og:image:height\" content=\"540\" \/>\n\t<meta property=\"og:image:type\" content=\"image\/jpeg\" \/>\n<meta name=\"author\" content=\"administraci\u00f3n\" \/>\n<meta name=\"twitter:card\" content=\"summary_large_image\" \/>\n<meta name=\"twitter:label1\" content=\"Escrito por\" \/>\n\t<meta name=\"twitter:data1\" content=\"administraci\u00f3n\" \/>\n\t<meta name=\"twitter:label2\" content=\"Tiempo de lectura\" \/>\n\t<meta name=\"twitter:data2\" content=\"2 minutos\" \/>\n<script type=\"application\/ld+json\" class=\"yoast-schema-graph\">{\"@context\":\"https:\/\/schema.org\",\"@graph\":[{\"@type\":\"Article\",\"@id\":\"https:\/\/www.perseestetica.com\/index.php\/2019\/11\/30\/tratamiento-facial-orquidea-belleza-navidad\/#article\",\"isPartOf\":{\"@id\":\"https:\/\/www.perseestetica.com\/index.php\/2019\/11\/30\/tratamiento-facial-orquidea-belleza-navidad\/\"},\"author\":{\"name\":\"administraci\u00f3n\",\"@id\":\"https:\/\/www.perseestetica.com\/#\/schema\/person\/dffe0e7ffbd7bd2d4816f9bd4f643eff\"},\"headline\":\"GANA un TRATAMIENTO FACIAL ORQU\u00cdDEA con nuestra promo de Navidad\",\"datePublished\":\"2019-11-30T07:00:29+00:00\",\"dateModified\":\"2019-11-30T07:47:30+00:00\",\"mainEntityOfPage\":{\"@id\":\"https:\/\/www.perseestetica.com\/index.php\/2019\/11\/30\/tratamiento-facial-orquidea-belleza-navidad\/\"},\"wordCount\":386,\"image\":{\"@id\":\"https:\/\/www.perseestetica.com\/index.php\/2019\/11\/30\/tratamiento-facial-orquidea-belleza-navidad\/#primaryimage\"},\"thumbnailUrl\":\"https:\/\/www.perseestetica.com\/wp-content\/uploads\/2019\/11\/imagen_blog2019-1.jpg\",\"keywords\":[\"belleza Vitoria\",\"Centro de depilaci\u00f3n Vitoria\",\"centros de est\u00e9tica Vitoria\",\"date un capricho\",\"depilarse en Vitoria\",\"ponerte guapa\",\"regala belleza\",\"regalos originales\",\"sal\u00f3n de belleza\",\"tratamientos corporales\",\"tratamientos de belleza\",\"tratamientos faciales\"],\"articleSection\":[\"facial\",\"Organic\",\"PER SE\",\"promociones\",\"tratamiento\"],\"inLanguage\":\"es\"},{\"@type\":\"WebPage\",\"@id\":\"https:\/\/www.perseestetica.com\/index.php\/2019\/11\/30\/tratamiento-facial-orquidea-belleza-navidad\/\",\"url\":\"https:\/\/www.perseestetica.com\/index.php\/2019\/11\/30\/tratamiento-facial-orquidea-belleza-navidad\/\",\"name\":\"GANA un TRATAMIENTO FACIAL ORQU\u00cdDEA con nuestra promo de Navidad\",\"isPartOf\":{\"@id\":\"https:\/\/www.perseestetica.com\/#website\"},\"primaryImageOfPage\":{\"@id\":\"https:\/\/www.perseestetica.com\/index.php\/2019\/11\/30\/tratamiento-facial-orquidea-belleza-navidad\/#primaryimage\"},\"image\":{\"@id\":\"https:\/\/www.perseestetica.com\/index.php\/2019\/11\/30\/tratamiento-facial-orquidea-belleza-navidad\/#primaryimage\"},\"thumbnailUrl\":\"https:\/\/www.perseestetica.com\/wp-content\/uploads\/2019\/11\/imagen_blog2019-1.jpg\",\"datePublished\":\"2019-11-30T07:00:29+00:00\",\"dateModified\":\"2019-11-30T07:47:30+00:00\",\"author\":{\"@id\":\"https:\/\/www.perseestetica.com\/#\/schema\/person\/dffe0e7ffbd7bd2d4816f9bd4f643eff\"},\"description\":\"\u00a1Gana un TRATAMIENTO FACIAL ORQU\u00cdDEA! La Navidad ha llegado a PER SE est\u00e9tica y como no pod\u00eda ser menos, viene cargada de sorpresas para arrancaros una sonrisa de esos picos \u00a1Tomad nota! \u00bfQuer\u00e9is ganar un TRATAMIENTO FACIAL ORQU\u00cdDEA? Pues haced caso a estas patas magas y puede que este a\u00f1o debajo del \u00e1rbol\u2026 El regalo lo pongamos nosotras.\",\"breadcrumb\":{\"@id\":\"https:\/\/www.perseestetica.com\/index.php\/2019\/11\/30\/tratamiento-facial-orquidea-belleza-navidad\/#breadcrumb\"},\"inLanguage\":\"es\",\"potentialAction\":[{\"@type\":\"ReadAction\",\"target\":[\"https:\/\/www.perseestetica.com\/index.php\/2019\/11\/30\/tratamiento-facial-orquidea-belleza-navidad\/\"]}]},{\"@type\":\"ImageObject\",\"inLanguage\":\"es\",\"@id\":\"https:\/\/www.perseestetica.com\/index.php\/2019\/11\/30\/tratamiento-facial-orquidea-belleza-navidad\/#primaryimage\",\"url\":\"https:\/\/www.perseestetica.com\/wp-content\/uploads\/2019\/11\/imagen_blog2019-1.jpg\",\"contentUrl\":\"https:\/\/www.perseestetica.com\/wp-content\/uploads\/2019\/11\/imagen_blog2019-1.jpg\",\"width\":1200,\"height\":540},{\"@type\":\"BreadcrumbList\",\"@id\":\"https:\/\/www.perseestetica.com\/index.php\/2019\/11\/30\/tratamiento-facial-orquidea-belleza-navidad\/#breadcrumb\",\"itemListElement\":[{\"@type\":\"ListItem\",\"position\":1,\"name\":\"Portada\",\"item\":\"https:\/\/www.perseestetica.com\/\"},{\"@type\":\"ListItem\",\"position\":2,\"name\":\"GANA un TRATAMIENTO FACIAL ORQU\u00cdDEA con nuestra promo de Navidad\"}]},{\"@type\":\"WebSite\",\"@id\":\"https:\/\/www.perseestetica.com\/#website\",\"url\":\"https:\/\/www.perseestetica.com\/\",\"name\":\"PER SE ESTETICA\",\"description\":\"Centro de est\u00e9tica y bienestar en Vitoria-Gasteiz\",\"potentialAction\":[{\"@type\":\"SearchAction\",\"target\":{\"@type\":\"EntryPoint\",\"urlTemplate\":\"https:\/\/www.perseestetica.com\/?s={search_term_string}\"},\"query-input\":{\"@type\":\"PropertyValueSpecification\",\"valueRequired\":true,\"valueName\":\"search_term_string\"}}],\"inLanguage\":\"es\"},{\"@type\":\"Person\",\"@id\":\"https:\/\/www.perseestetica.com\/#\/schema\/person\/dffe0e7ffbd7bd2d4816f9bd4f643eff\",\"name\":\"administraci\u00f3n\",\"image\":{\"@type\":\"ImageObject\",\"inLanguage\":\"es\",\"@id\":\"https:\/\/www.perseestetica.com\/#\/schema\/person\/image\/\",\"url\":\"https:\/\/secure.gravatar.com\/avatar\/c80723aa5a9a47fa5daf35d0805cde1198a8010870d2be18ca924fd80ffac640?s=96&d=mm&r=g\",\"contentUrl\":\"https:\/\/secure.gravatar.com\/avatar\/c80723aa5a9a47fa5daf35d0805cde1198a8010870d2be18ca924fd80ffac640?s=96&d=mm&r=g\",\"caption\":\"administraci\u00f3n\"},\"url\":\"https:\/\/www.perseestetica.com\/index.php\/author\/admin\/\"}]}<\/script>\n<!-- \/ Yoast SEO plugin. -->","yoast_head_json":{"title":"GANA un TRATAMIENTO FACIAL ORQU\u00cdDEA con nuestra promo de Navidad","description":"\u00a1Gana un TRATAMIENTO FACIAL ORQU\u00cdDEA! La Navidad ha llegado a PER SE est\u00e9tica y como no pod\u00eda ser menos, viene cargada de sorpresas para arrancaros una sonrisa de esos picos \u00a1Tomad nota! \u00bfQuer\u00e9is ganar un TRATAMIENTO FACIAL ORQU\u00cdDEA? Pues haced caso a estas patas magas y puede que este a\u00f1o debajo del \u00e1rbol\u2026 El regalo lo pongamos nosotras.","robots":{"index":"index","follow":"follow","max-snippet":"max-snippet:-1","max-image-preview":"max-image-preview:large","max-video-preview":"max-video-preview:-1"},"canonical":"https:\/\/www.perseestetica.com\/index.php\/2019\/11\/30\/tratamiento-facial-orquidea-belleza-navidad\/","og_locale":"es_ES","og_type":"article","og_title":"GANA un TRATAMIENTO FACIAL ORQU\u00cdDEA con nuestra promo de Navidad","og_description":"\u00a1Gana un TRATAMIENTO FACIAL ORQU\u00cdDEA! La Navidad ha llegado a PER SE est\u00e9tica y como no pod\u00eda ser menos, viene cargada de sorpresas para arrancaros una sonrisa de esos picos \u00a1Tomad nota! \u00bfQuer\u00e9is ganar un TRATAMIENTO FACIAL ORQU\u00cdDEA? Pues haced caso a estas patas magas y puede que este a\u00f1o debajo del \u00e1rbol\u2026 El regalo lo pongamos nosotras.","og_url":"https:\/\/www.perseestetica.com\/index.php\/2019\/11\/30\/tratamiento-facial-orquidea-belleza-navidad\/","og_site_name":"PER SE ESTETICA","article_published_time":"2019-11-30T07:00:29+00:00","article_modified_time":"2019-11-30T07:47:30+00:00","og_image":[{"width":1200,"height":540,"url":"https:\/\/www.perseestetica.com\/wp-content\/uploads\/2019\/11\/imagen_blog2019-1.jpg","type":"image\/jpeg"}],"author":"administraci\u00f3n","twitter_card":"summary_large_image","twitter_misc":{"Escrito por":"administraci\u00f3n","Tiempo de lectura":"2 minutos"},"schema":{"@context":"https:\/\/schema.org","@graph":[{"@type":"Article","@id":"https:\/\/www.perseestetica.com\/index.php\/2019\/11\/30\/tratamiento-facial-orquidea-belleza-navidad\/#article","isPartOf":{"@id":"https:\/\/www.perseestetica.com\/index.php\/2019\/11\/30\/tratamiento-facial-orquidea-belleza-navidad\/"},"author":{"name":"administraci\u00f3n","@id":"https:\/\/www.perseestetica.com\/#\/schema\/person\/dffe0e7ffbd7bd2d4816f9bd4f643eff"},"headline":"GANA un TRATAMIENTO FACIAL ORQU\u00cdDEA con nuestra promo de Navidad","datePublished":"2019-11-30T07:00:29+00:00","dateModified":"2019-11-30T07:47:30+00:00","mainEntityOfPage":{"@id":"https:\/\/www.perseestetica.com\/index.php\/2019\/11\/30\/tratamiento-facial-orquidea-belleza-navidad\/"},"wordCount":386,"image":{"@id":"https:\/\/www.perseestetica.com\/index.php\/2019\/11\/30\/tratamiento-facial-orquidea-belleza-navidad\/#primaryimage"},"thumbnailUrl":"https:\/\/www.perseestetica.com\/wp-content\/uploads\/2019\/11\/imagen_blog2019-1.jpg","keywords":["belleza Vitoria","Centro de depilaci\u00f3n Vitoria","centros de est\u00e9tica Vitoria","date un capricho","depilarse en Vitoria","ponerte guapa","regala belleza","regalos originales","sal\u00f3n de belleza","tratamientos corporales","tratamientos de belleza","tratamientos faciales"],"articleSection":["facial","Organic","PER SE","promociones","tratamiento"],"inLanguage":"es"},{"@type":"WebPage","@id":"https:\/\/www.perseestetica.com\/index.php\/2019\/11\/30\/tratamiento-facial-orquidea-belleza-navidad\/","url":"https:\/\/www.perseestetica.com\/index.php\/2019\/11\/30\/tratamiento-facial-orquidea-belleza-navidad\/","name":"GANA un TRATAMIENTO FACIAL ORQU\u00cdDEA con nuestra promo de Navidad","isPartOf":{"@id":"https:\/\/www.perseestetica.com\/#website"},"primaryImageOfPage":{"@id":"https:\/\/www.perseestetica.com\/index.php\/2019\/11\/30\/tratamiento-facial-orquidea-belleza-navidad\/#primaryimage"},"image":{"@id":"https:\/\/www.perseestetica.com\/index.php\/2019\/11\/30\/tratamiento-facial-orquidea-belleza-navidad\/#primaryimage"},"thumbnailUrl":"https:\/\/www.perseestetica.com\/wp-content\/uploads\/2019\/11\/imagen_blog2019-1.jpg","datePublished":"2019-11-30T07:00:29+00:00","dateModified":"2019-11-30T07:47:30+00:00","author":{"@id":"https:\/\/www.perseestetica.com\/#\/schema\/person\/dffe0e7ffbd7bd2d4816f9bd4f643eff"},"description":"\u00a1Gana un TRATAMIENTO FACIAL ORQU\u00cdDEA! La Navidad ha llegado a PER SE est\u00e9tica y como no pod\u00eda ser menos, viene cargada de sorpresas para arrancaros una sonrisa de esos picos \u00a1Tomad nota! \u00bfQuer\u00e9is ganar un TRATAMIENTO FACIAL ORQU\u00cdDEA? Pues haced caso a estas patas magas y puede que este a\u00f1o debajo del \u00e1rbol\u2026 El regalo lo pongamos nosotras.","breadcrumb":{"@id":"https:\/\/www.perseestetica.com\/index.php\/2019\/11\/30\/tratamiento-facial-orquidea-belleza-navidad\/#breadcrumb"},"inLanguage":"es","potentialAction":[{"@type":"ReadAction","target":["https:\/\/www.perseestetica.com\/index.php\/2019\/11\/30\/tratamiento-facial-orquidea-belleza-navidad\/"]}]},{"@type":"ImageObject","inLanguage":"es","@id":"https:\/\/www.perseestetica.com\/index.php\/2019\/11\/30\/tratamiento-facial-orquidea-belleza-navidad\/#primaryimage","url":"https:\/\/www.perseestetica.com\/wp-content\/uploads\/2019\/11\/imagen_blog2019-1.jpg","contentUrl":"https:\/\/www.perseestetica.com\/wp-content\/uploads\/2019\/11\/imagen_blog2019-1.jpg","width":1200,"height":540},{"@type":"BreadcrumbList","@id":"https:\/\/www.perseestetica.com\/index.php\/2019\/11\/30\/tratamiento-facial-orquidea-belleza-navidad\/#breadcrumb","itemListElement":[{"@type":"ListItem","position":1,"name":"Portada","item":"https:\/\/www.perseestetica.com\/"},{"@type":"ListItem","position":2,"name":"GANA un TRATAMIENTO FACIAL ORQU\u00cdDEA con nuestra promo de Navidad"}]},{"@type":"WebSite","@id":"https:\/\/www.perseestetica.com\/#website","url":"https:\/\/www.perseestetica.com\/","name":"PER SE ESTETICA","description":"Centro de est\u00e9tica y bienestar en Vitoria-Gasteiz","potentialAction":[{"@type":"SearchAction","target":{"@type":"EntryPoint","urlTemplate":"https:\/\/www.perseestetica.com\/?s={search_term_string}"},"query-input":{"@type":"PropertyValueSpecification","valueRequired":true,"valueName":"search_term_string"}}],"inLanguage":"es"},{"@type":"Person","@id":"https:\/\/www.perseestetica.com\/#\/schema\/person\/dffe0e7ffbd7bd2d4816f9bd4f643eff","name":"administraci\u00f3n","image":{"@type":"ImageObject","inLanguage":"es","@id":"https:\/\/www.perseestetica.com\/#\/schema\/person\/image\/","url":"https:\/\/secure.gravatar.com\/avatar\/c80723aa5a9a47fa5daf35d0805cde1198a8010870d2be18ca924fd80ffac640?s=96&d=mm&r=g","contentUrl":"https:\/\/secure.gravatar.com\/avatar\/c80723aa5a9a47fa5daf35d0805cde1198a8010870d2be18ca924fd80ffac640?s=96&d=mm&r=g","caption":"administraci\u00f3n"},"url":"https:\/\/www.perseestetica.com\/index.php\/author\/admin\/"}]}},"_links":{"self":[{"href":"https:\/\/www.perseestetica.com\/index.php\/wp-json\/wp\/v2\/posts\/3476","targetHints":{"allow":["GET"]}}],"collection":[{"href":"https:\/\/www.perseestetica.com\/index.php\/wp-json\/wp\/v2\/posts"}],"about":[{"href":"https:\/\/www.perseestetica.com\/index.php\/wp-json\/wp\/v2\/types\/post"}],"author":[{"embeddable":true,"href":"https:\/\/www.perseestetica.com\/index.php\/wp-json\/wp\/v2\/users\/1"}],"replies":[{"embeddable":true,"href":"https:\/\/www.perseestetica.com\/index.php\/wp-json\/wp\/v2\/comments?post=3476"}],"version-history":[{"count":13,"href":"https:\/\/www.perseestetica.com\/index.php\/wp-json\/wp\/v2\/posts\/3476\/revisions"}],"predecessor-version":[{"id":3491,"href":"https:\/\/www.perseestetica.com\/index.php\/wp-json\/wp\/v2\/posts\/3476\/revisions\/3491"}],"wp:featuredmedia":[{"embeddable":true,"href":"https:\/\/www.perseestetica.com\/index.php\/wp-json\/wp\/v2\/media\/3478"}],"wp:attachment":[{"href":"https:\/\/www.perseestetica.com\/index.php\/wp-json\/wp\/v2\/media?parent=3476"}],"wp:term":[{"taxonomy":"category","embeddable":true,"href":"https:\/\/www.perseestetica.com\/index.php\/wp-json\/wp\/v2\/categories?post=3476"},{"taxonomy":"post_tag","embeddable":true,"href":"https:\/\/www.perseestetica.com\/index.php\/wp-json\/wp\/v2\/tags?post=3476"}],"curies":[{"name":"wp","href":"https:\/\/api.w.org\/{rel}","templated":true}]}}