{"id":3525,"date":"2020-01-07T16:03:22","date_gmt":"2020-01-07T16:03:22","guid":{"rendered":"https:\/\/www.perseestetica.com\/?p=3525"},"modified":"2020-01-30T17:43:27","modified_gmt":"2020-01-30T17:43:27","slug":"las-3-patas-afortunadas","status":"publish","type":"post","link":"https:\/\/www.perseestetica.com\/index.php\/2020\/01\/07\/las-3-patas-afortunadas\/","title":{"rendered":"LAS 3 PATAS AFORTUNADAS"},"content":{"rendered":"<p class=\"p1\"><span class=\"s1\" style=\"color: #333333;\">La Navidad ya se fue, pero antes queremos decirle adi\u00f3s con el listado de los nombres de <b>las patas premiadas en la promoci\u00f3n de esta Navidad <\/b>en PER SE est\u00e9tica<b>.\u00a0<\/b>\u00a1Ah\u00ed van!<\/span><\/p>\n<p class=\"p1\"><span class=\"s1\" style=\"color: #333333;\">Ganadora de\u00a0<b>Facebook: Airun Mtz. Mns<\/b><\/span><\/p>\n<p class=\"p1\"><span class=\"s1\" style=\"color: #333333;\">Suplente n\u00famero 1: Olatz Marqu\u00ednez<\/span><\/p>\n<p class=\"p1\"><span class=\"s1\" style=\"color: #333333;\">Suplente n\u00famero 2: Miriam Ramos<\/span><\/p>\n<p class=\"p1\"><span class=\"s1\" style=\"color: #333333;\"><br \/>\nGanadora de\u00a0<b>Instagram: @marietitadelao<\/b><\/span><\/p>\n<p class=\"p1\"><span class=\"s1\" style=\"color: #333333;\">Suplente n\u00famero 1: @lauri_vito<\/span><\/p>\n<p class=\"p1\"><span class=\"s1\" style=\"color: #333333;\">Suplente n\u00famero 2: @mpama05<\/span><\/p>\n<p class=\"p1\"><span class=\"s1\" style=\"color: #333333;\"><br \/>\nGanadora del\u00a0<b>punto de venta: Blanca Mtz. de Marigorta<\/b><\/span><\/p>\n<p>&nbsp;<\/p>\n<p class=\"p1\"><span class=\"s1\" style=\"color: #333333;\"><strong>\u00bfEres una de las patas agraciadas?<\/strong>\u00a0\u00a1Contacta<span class=\"Apple-converted-space\">\u00a0 <\/span>con nosotras mand\u00e1ndonos un email de<b> cua@perseestetica.com <\/b>para que puedas disfrutar del premio! Un tratamiento facial Jard\u00edn de Orqu\u00eddeas\u00a0que te va a dejar super CUApa. Si lo prefieres tambi\u00e9n puedes llamarnos al <strong>945 038 646.<\/strong><\/span><\/p>\n<p>&nbsp;<\/p>\n<p class=\"p1\"><span class=\"s1\" style=\"color: #333333;\">Gracias a todas las patas que hab\u00e9is participado y que d\u00e1ndole al pico o compartiendo en las redes nos ayud\u00e1is a seguir creciendo \u00a1No sab\u00e9is CuaCuanto os queremos!<\/span><\/p>\n","protected":false},"excerpt":{"rendered":"<p>La Navidad ya se fue, pero antes queremos decirle adi\u00f3s con el listado de los nombres de las patas premiadas en la promoci\u00f3n de esta Navidad en PER SE est\u00e9tica.\u00a0\u00a1Ah\u00ed van! Ganadora de\u00a0Facebook: Airun Mtz. Mns Suplente n\u00famero 1: Olatz [&hellip;]<\/p>\n","protected":false},"author":1,"featured_media":3528,"comment_status":"closed","ping_status":"open","sticky":false,"template":"","format":"standard","meta":{"footnotes":""},"categories":[119,125,117,118,126],"tags":[130,134,128,138,135,139,136,137,131,140,127,133],"class_list":["post-3525","post","type-post","status-publish","format-standard","has-post-thumbnail","hentry","category-facial","category-noticias","category-per-se","category-promociones","category-tratamiento","tag-belleza-vitoria","tag-centro-de-depilacion-vitoria","tag-centros-de-estetica-vitoria","tag-date-un-capricho","tag-depilarse-en-vitoria","tag-ponerte-guapa","tag-regala-belleza","tag-regalos-originales","tag-salon-de-belleza","tag-tratamientos-corporales","tag-tratamientos-de-belleza","tag-tratamientos-faciales"],"yoast_head":"<!-- This site is optimized with the Yoast SEO plugin v27.0 - https:\/\/yoast.com\/product\/yoast-seo-wordpress\/ -->\n<title>LAS 3 PATAS AFORTUNADAS - PER SE ESTETICA<\/title>\n<meta name=\"robots\" content=\"index, follow, max-snippet:-1, max-image-preview:large, max-video-preview:-1\" \/>\n<link rel=\"canonical\" href=\"https:\/\/www.perseestetica.com\/index.php\/2020\/01\/07\/las-3-patas-afortunadas\/\" \/>\n<meta property=\"og:locale\" content=\"es_ES\" \/>\n<meta property=\"og:type\" content=\"article\" \/>\n<meta property=\"og:title\" content=\"LAS 3 PATAS AFORTUNADAS - PER SE ESTETICA\" \/>\n<meta property=\"og:description\" content=\"La Navidad ya se fue, pero antes queremos decirle adi\u00f3s con el listado de los nombres de las patas premiadas en la promoci\u00f3n de esta Navidad en PER SE est\u00e9tica.\u00a0\u00a1Ah\u00ed van! Ganadora de\u00a0Facebook: Airun Mtz. Mns Suplente n\u00famero 1: Olatz [&hellip;]\" \/>\n<meta property=\"og:url\" content=\"https:\/\/www.perseestetica.com\/index.php\/2020\/01\/07\/las-3-patas-afortunadas\/\" \/>\n<meta property=\"og:site_name\" content=\"PER SE ESTETICA\" \/>\n<meta property=\"article:published_time\" content=\"2020-01-07T16:03:22+00:00\" \/>\n<meta property=\"article:modified_time\" content=\"2020-01-30T17:43:27+00:00\" \/>\n<meta property=\"og:image\" content=\"https:\/\/www.perseestetica.com\/wp-content\/uploads\/2020\/01\/Ganadoras-BLOG.png\" \/>\n\t<meta property=\"og:image:width\" content=\"1024\" \/>\n\t<meta property=\"og:image:height\" content=\"675\" \/>\n\t<meta property=\"og:image:type\" content=\"image\/png\" \/>\n<meta name=\"author\" content=\"administraci\u00f3n\" \/>\n<meta name=\"twitter:card\" content=\"summary_large_image\" \/>\n<meta name=\"twitter:label1\" content=\"Escrito por\" \/>\n\t<meta name=\"twitter:data1\" content=\"administraci\u00f3n\" \/>\n\t<meta name=\"twitter:label2\" content=\"Tiempo de lectura\" \/>\n\t<meta name=\"twitter:data2\" content=\"1 minuto\" \/>\n<script type=\"application\/ld+json\" class=\"yoast-schema-graph\">{\"@context\":\"https:\/\/schema.org\",\"@graph\":[{\"@type\":\"Article\",\"@id\":\"https:\/\/www.perseestetica.com\/index.php\/2020\/01\/07\/las-3-patas-afortunadas\/#article\",\"isPartOf\":{\"@id\":\"https:\/\/www.perseestetica.com\/index.php\/2020\/01\/07\/las-3-patas-afortunadas\/\"},\"author\":{\"name\":\"administraci\u00f3n\",\"@id\":\"https:\/\/www.perseestetica.com\/#\/schema\/person\/dffe0e7ffbd7bd2d4816f9bd4f643eff\"},\"headline\":\"LAS 3 PATAS AFORTUNADAS\",\"datePublished\":\"2020-01-07T16:03:22+00:00\",\"dateModified\":\"2020-01-30T17:43:27+00:00\",\"mainEntityOfPage\":{\"@id\":\"https:\/\/www.perseestetica.com\/index.php\/2020\/01\/07\/las-3-patas-afortunadas\/\"},\"wordCount\":157,\"image\":{\"@id\":\"https:\/\/www.perseestetica.com\/index.php\/2020\/01\/07\/las-3-patas-afortunadas\/#primaryimage\"},\"thumbnailUrl\":\"https:\/\/www.perseestetica.com\/wp-content\/uploads\/2020\/01\/Ganadoras-BLOG.png\",\"keywords\":[\"belleza Vitoria\",\"Centro de depilaci\u00f3n Vitoria\",\"centros de est\u00e9tica Vitoria\",\"date un capricho\",\"depilarse en Vitoria\",\"ponerte guapa\",\"regala belleza\",\"regalos originales\",\"sal\u00f3n de belleza\",\"tratamientos corporales\",\"tratamientos de belleza\",\"tratamientos faciales\"],\"articleSection\":[\"facial\",\"noticias\",\"PER SE\",\"promociones\",\"tratamiento\"],\"inLanguage\":\"es\"},{\"@type\":\"WebPage\",\"@id\":\"https:\/\/www.perseestetica.com\/index.php\/2020\/01\/07\/las-3-patas-afortunadas\/\",\"url\":\"https:\/\/www.perseestetica.com\/index.php\/2020\/01\/07\/las-3-patas-afortunadas\/\",\"name\":\"LAS 3 PATAS AFORTUNADAS - PER SE ESTETICA\",\"isPartOf\":{\"@id\":\"https:\/\/www.perseestetica.com\/#website\"},\"primaryImageOfPage\":{\"@id\":\"https:\/\/www.perseestetica.com\/index.php\/2020\/01\/07\/las-3-patas-afortunadas\/#primaryimage\"},\"image\":{\"@id\":\"https:\/\/www.perseestetica.com\/index.php\/2020\/01\/07\/las-3-patas-afortunadas\/#primaryimage\"},\"thumbnailUrl\":\"https:\/\/www.perseestetica.com\/wp-content\/uploads\/2020\/01\/Ganadoras-BLOG.png\",\"datePublished\":\"2020-01-07T16:03:22+00:00\",\"dateModified\":\"2020-01-30T17:43:27+00:00\",\"author\":{\"@id\":\"https:\/\/www.perseestetica.com\/#\/schema\/person\/dffe0e7ffbd7bd2d4816f9bd4f643eff\"},\"breadcrumb\":{\"@id\":\"https:\/\/www.perseestetica.com\/index.php\/2020\/01\/07\/las-3-patas-afortunadas\/#breadcrumb\"},\"inLanguage\":\"es\",\"potentialAction\":[{\"@type\":\"ReadAction\",\"target\":[\"https:\/\/www.perseestetica.com\/index.php\/2020\/01\/07\/las-3-patas-afortunadas\/\"]}]},{\"@type\":\"ImageObject\",\"inLanguage\":\"es\",\"@id\":\"https:\/\/www.perseestetica.com\/index.php\/2020\/01\/07\/las-3-patas-afortunadas\/#primaryimage\",\"url\":\"https:\/\/www.perseestetica.com\/wp-content\/uploads\/2020\/01\/Ganadoras-BLOG.png\",\"contentUrl\":\"https:\/\/www.perseestetica.com\/wp-content\/uploads\/2020\/01\/Ganadoras-BLOG.png\",\"width\":1024,\"height\":675},{\"@type\":\"BreadcrumbList\",\"@id\":\"https:\/\/www.perseestetica.com\/index.php\/2020\/01\/07\/las-3-patas-afortunadas\/#breadcrumb\",\"itemListElement\":[{\"@type\":\"ListItem\",\"position\":1,\"name\":\"Portada\",\"item\":\"https:\/\/www.perseestetica.com\/\"},{\"@type\":\"ListItem\",\"position\":2,\"name\":\"LAS 3 PATAS AFORTUNADAS\"}]},{\"@type\":\"WebSite\",\"@id\":\"https:\/\/www.perseestetica.com\/#website\",\"url\":\"https:\/\/www.perseestetica.com\/\",\"name\":\"PER SE ESTETICA\",\"description\":\"Centro de est\u00e9tica y bienestar en Vitoria-Gasteiz\",\"potentialAction\":[{\"@type\":\"SearchAction\",\"target\":{\"@type\":\"EntryPoint\",\"urlTemplate\":\"https:\/\/www.perseestetica.com\/?s={search_term_string}\"},\"query-input\":{\"@type\":\"PropertyValueSpecification\",\"valueRequired\":true,\"valueName\":\"search_term_string\"}}],\"inLanguage\":\"es\"},{\"@type\":\"Person\",\"@id\":\"https:\/\/www.perseestetica.com\/#\/schema\/person\/dffe0e7ffbd7bd2d4816f9bd4f643eff\",\"name\":\"administraci\u00f3n\",\"image\":{\"@type\":\"ImageObject\",\"inLanguage\":\"es\",\"@id\":\"https:\/\/www.perseestetica.com\/#\/schema\/person\/image\/\",\"url\":\"https:\/\/secure.gravatar.com\/avatar\/c80723aa5a9a47fa5daf35d0805cde1198a8010870d2be18ca924fd80ffac640?s=96&d=mm&r=g\",\"contentUrl\":\"https:\/\/secure.gravatar.com\/avatar\/c80723aa5a9a47fa5daf35d0805cde1198a8010870d2be18ca924fd80ffac640?s=96&d=mm&r=g\",\"caption\":\"administraci\u00f3n\"},\"url\":\"https:\/\/www.perseestetica.com\/index.php\/author\/admin\/\"}]}<\/script>\n<!-- \/ Yoast SEO plugin. -->","yoast_head_json":{"title":"LAS 3 PATAS AFORTUNADAS - PER SE ESTETICA","robots":{"index":"index","follow":"follow","max-snippet":"max-snippet:-1","max-image-preview":"max-image-preview:large","max-video-preview":"max-video-preview:-1"},"canonical":"https:\/\/www.perseestetica.com\/index.php\/2020\/01\/07\/las-3-patas-afortunadas\/","og_locale":"es_ES","og_type":"article","og_title":"LAS 3 PATAS AFORTUNADAS - PER SE ESTETICA","og_description":"La Navidad ya se fue, pero antes queremos decirle adi\u00f3s con el listado de los nombres de las patas premiadas en la promoci\u00f3n de esta Navidad en PER SE est\u00e9tica.\u00a0\u00a1Ah\u00ed van! Ganadora de\u00a0Facebook: Airun Mtz. Mns Suplente n\u00famero 1: Olatz [&hellip;]","og_url":"https:\/\/www.perseestetica.com\/index.php\/2020\/01\/07\/las-3-patas-afortunadas\/","og_site_name":"PER SE ESTETICA","article_published_time":"2020-01-07T16:03:22+00:00","article_modified_time":"2020-01-30T17:43:27+00:00","og_image":[{"width":1024,"height":675,"url":"https:\/\/www.perseestetica.com\/wp-content\/uploads\/2020\/01\/Ganadoras-BLOG.png","type":"image\/png"}],"author":"administraci\u00f3n","twitter_card":"summary_large_image","twitter_misc":{"Escrito por":"administraci\u00f3n","Tiempo de lectura":"1 minuto"},"schema":{"@context":"https:\/\/schema.org","@graph":[{"@type":"Article","@id":"https:\/\/www.perseestetica.com\/index.php\/2020\/01\/07\/las-3-patas-afortunadas\/#article","isPartOf":{"@id":"https:\/\/www.perseestetica.com\/index.php\/2020\/01\/07\/las-3-patas-afortunadas\/"},"author":{"name":"administraci\u00f3n","@id":"https:\/\/www.perseestetica.com\/#\/schema\/person\/dffe0e7ffbd7bd2d4816f9bd4f643eff"},"headline":"LAS 3 PATAS AFORTUNADAS","datePublished":"2020-01-07T16:03:22+00:00","dateModified":"2020-01-30T17:43:27+00:00","mainEntityOfPage":{"@id":"https:\/\/www.perseestetica.com\/index.php\/2020\/01\/07\/las-3-patas-afortunadas\/"},"wordCount":157,"image":{"@id":"https:\/\/www.perseestetica.com\/index.php\/2020\/01\/07\/las-3-patas-afortunadas\/#primaryimage"},"thumbnailUrl":"https:\/\/www.perseestetica.com\/wp-content\/uploads\/2020\/01\/Ganadoras-BLOG.png","keywords":["belleza Vitoria","Centro de depilaci\u00f3n Vitoria","centros de est\u00e9tica Vitoria","date un capricho","depilarse en Vitoria","ponerte guapa","regala belleza","regalos originales","sal\u00f3n de belleza","tratamientos corporales","tratamientos de belleza","tratamientos faciales"],"articleSection":["facial","noticias","PER SE","promociones","tratamiento"],"inLanguage":"es"},{"@type":"WebPage","@id":"https:\/\/www.perseestetica.com\/index.php\/2020\/01\/07\/las-3-patas-afortunadas\/","url":"https:\/\/www.perseestetica.com\/index.php\/2020\/01\/07\/las-3-patas-afortunadas\/","name":"LAS 3 PATAS AFORTUNADAS - PER SE ESTETICA","isPartOf":{"@id":"https:\/\/www.perseestetica.com\/#website"},"primaryImageOfPage":{"@id":"https:\/\/www.perseestetica.com\/index.php\/2020\/01\/07\/las-3-patas-afortunadas\/#primaryimage"},"image":{"@id":"https:\/\/www.perseestetica.com\/index.php\/2020\/01\/07\/las-3-patas-afortunadas\/#primaryimage"},"thumbnailUrl":"https:\/\/www.perseestetica.com\/wp-content\/uploads\/2020\/01\/Ganadoras-BLOG.png","datePublished":"2020-01-07T16:03:22+00:00","dateModified":"2020-01-30T17:43:27+00:00","author":{"@id":"https:\/\/www.perseestetica.com\/#\/schema\/person\/dffe0e7ffbd7bd2d4816f9bd4f643eff"},"breadcrumb":{"@id":"https:\/\/www.perseestetica.com\/index.php\/2020\/01\/07\/las-3-patas-afortunadas\/#breadcrumb"},"inLanguage":"es","potentialAction":[{"@type":"ReadAction","target":["https:\/\/www.perseestetica.com\/index.php\/2020\/01\/07\/las-3-patas-afortunadas\/"]}]},{"@type":"ImageObject","inLanguage":"es","@id":"https:\/\/www.perseestetica.com\/index.php\/2020\/01\/07\/las-3-patas-afortunadas\/#primaryimage","url":"https:\/\/www.perseestetica.com\/wp-content\/uploads\/2020\/01\/Ganadoras-BLOG.png","contentUrl":"https:\/\/www.perseestetica.com\/wp-content\/uploads\/2020\/01\/Ganadoras-BLOG.png","width":1024,"height":675},{"@type":"BreadcrumbList","@id":"https:\/\/www.perseestetica.com\/index.php\/2020\/01\/07\/las-3-patas-afortunadas\/#breadcrumb","itemListElement":[{"@type":"ListItem","position":1,"name":"Portada","item":"https:\/\/www.perseestetica.com\/"},{"@type":"ListItem","position":2,"name":"LAS 3 PATAS AFORTUNADAS"}]},{"@type":"WebSite","@id":"https:\/\/www.perseestetica.com\/#website","url":"https:\/\/www.perseestetica.com\/","name":"PER SE ESTETICA","description":"Centro de est\u00e9tica y bienestar en Vitoria-Gasteiz","potentialAction":[{"@type":"SearchAction","target":{"@type":"EntryPoint","urlTemplate":"https:\/\/www.perseestetica.com\/?s={search_term_string}"},"query-input":{"@type":"PropertyValueSpecification","valueRequired":true,"valueName":"search_term_string"}}],"inLanguage":"es"},{"@type":"Person","@id":"https:\/\/www.perseestetica.com\/#\/schema\/person\/dffe0e7ffbd7bd2d4816f9bd4f643eff","name":"administraci\u00f3n","image":{"@type":"ImageObject","inLanguage":"es","@id":"https:\/\/www.perseestetica.com\/#\/schema\/person\/image\/","url":"https:\/\/secure.gravatar.com\/avatar\/c80723aa5a9a47fa5daf35d0805cde1198a8010870d2be18ca924fd80ffac640?s=96&d=mm&r=g","contentUrl":"https:\/\/secure.gravatar.com\/avatar\/c80723aa5a9a47fa5daf35d0805cde1198a8010870d2be18ca924fd80ffac640?s=96&d=mm&r=g","caption":"administraci\u00f3n"},"url":"https:\/\/www.perseestetica.com\/index.php\/author\/admin\/"}]}},"_links":{"self":[{"href":"https:\/\/www.perseestetica.com\/index.php\/wp-json\/wp\/v2\/posts\/3525","targetHints":{"allow":["GET"]}}],"collection":[{"href":"https:\/\/www.perseestetica.com\/index.php\/wp-json\/wp\/v2\/posts"}],"about":[{"href":"https:\/\/www.perseestetica.com\/index.php\/wp-json\/wp\/v2\/types\/post"}],"author":[{"embeddable":true,"href":"https:\/\/www.perseestetica.com\/index.php\/wp-json\/wp\/v2\/users\/1"}],"replies":[{"embeddable":true,"href":"https:\/\/www.perseestetica.com\/index.php\/wp-json\/wp\/v2\/comments?post=3525"}],"version-history":[{"count":9,"href":"https:\/\/www.perseestetica.com\/index.php\/wp-json\/wp\/v2\/posts\/3525\/revisions"}],"predecessor-version":[{"id":3537,"href":"https:\/\/www.perseestetica.com\/index.php\/wp-json\/wp\/v2\/posts\/3525\/revisions\/3537"}],"wp:featuredmedia":[{"embeddable":true,"href":"https:\/\/www.perseestetica.com\/index.php\/wp-json\/wp\/v2\/media\/3528"}],"wp:attachment":[{"href":"https:\/\/www.perseestetica.com\/index.php\/wp-json\/wp\/v2\/media?parent=3525"}],"wp:term":[{"taxonomy":"category","embeddable":true,"href":"https:\/\/www.perseestetica.com\/index.php\/wp-json\/wp\/v2\/categories?post=3525"},{"taxonomy":"post_tag","embeddable":true,"href":"https:\/\/www.perseestetica.com\/index.php\/wp-json\/wp\/v2\/tags?post=3525"}],"curies":[{"name":"wp","href":"https:\/\/api.w.org\/{rel}","templated":true}]}}