{"id":3562,"date":"2020-05-01T05:00:28","date_gmt":"2020-05-01T05:00:28","guid":{"rendered":"https:\/\/www.perseestetica.com\/?p=3562"},"modified":"2020-05-01T06:16:05","modified_gmt":"2020-05-01T06:16:05","slug":"3o-pativersario-perse","status":"publish","type":"post","link":"https:\/\/www.perseestetica.com\/index.php\/2020\/05\/01\/3o-pativersario-perse\/","title":{"rendered":"3\u00ba PATIVERSARIO PERSE"},"content":{"rendered":"<p><span style=\"color: #000000;\"><strong>\u00a1Cumplimos tres a\u00f1os!<\/strong> Y para no perder las buenas costumbres y aunque sea una \u00e9poca complicada <strong>\u00a1Lo vamos a celebrar con vosotras!<\/strong><\/span><br \/>\n<span style=\"color: #000000;\">Atentas queridas patas porque con un poco de suerte\u2026 hay premios que puede ser tuyos, un<strong> tratamiento exfoliante corporal Tierra Volc\u00e1nica<\/strong>\u00a0ideal para preparar la piel para el comienzo del buen tiempo. El <strong>sorteo <\/strong>ser\u00e1 solo <strong>on line<\/strong>: uno para \u201cnuestras patas m\u00e1s face\u201d (en facebook) y otra para las patagramers (en instagram).<\/span><\/p>\n<p>&nbsp;<\/p>\n<p><span style=\"color: #000000;\">\u00bfQu\u00e9 tienes que hacer? Pues muy f\u00e1cil. <strong>Dar a me gusta<\/strong> en alguno de los <strong>post<\/strong> que hablemos <strong>de nuestro pativersario<\/strong> en la red social en la que vayas a participar de <strong>PER SE esteticua<\/strong>. Adem\u00e1s si nos sigues a trav\u00e9s\u00a0 de nuestras rrss durante todo el mes de mayo, podr\u00e1s estar al corriente de todas las novedades de nuestra granja y estar m\u00e1s CUapa que nunca. <\/span><\/p>\n<p><span style=\"color: #000000;\">Recuerda se elegir\u00e1 1 ganador por red social. El <strong>sorteo <\/strong>se realizar\u00e1 el <strong>1 de junio<\/strong> y publicaremos los ganadores en nuestro blog, en facebook e Instagram.<\/span><\/p>\n<p>&nbsp;<\/p>\n<p><span style=\"color: #000000;\">Si quieres puedes invitar a una pata-amiga para que se una al sorteo y as\u00ed ayudarnos a hacer <strong>crecer nuestra granja on line. Gracias.<\/strong><\/span><\/p>\n<p><span style=\"color: #008080;\"><a style=\"color: #008080;\" href=\"https:\/\/www.perseestetica.com\/wp-content\/uploads\/2020\/04\/bases-3aniversario.pdf\"><strong>Pod\u00e9is consultar las bases de la promoci\u00f3n aqu\u00ed.<\/strong><\/a><\/span><\/p>\n","protected":false},"excerpt":{"rendered":"<p>\u00a1Cumplimos tres a\u00f1os! Y para no perder las buenas costumbres y aunque sea una \u00e9poca complicada \u00a1Lo vamos a celebrar con vosotras! Atentas queridas patas porque con un poco de suerte\u2026 hay premios que puede ser tuyos, un tratamiento exfoliante [&hellip;]<\/p>\n","protected":false},"author":1,"featured_media":3578,"comment_status":"open","ping_status":"open","sticky":false,"template":"","format":"standard","meta":{"footnotes":""},"categories":[122,120,125,117,118,126],"tags":[],"class_list":["post-3562","post","type-post","status-publish","format-standard","has-post-thumbnail","hentry","category-corporal","category-cosmetica-natural","category-noticias","category-per-se","category-promociones","category-tratamiento"],"yoast_head":"<!-- This site is optimized with the Yoast SEO plugin v27.0 - https:\/\/yoast.com\/product\/yoast-seo-wordpress\/ -->\n<title>3\u00ba PATIVERSARIO PERSE - PER SE ESTETICA<\/title>\n<meta name=\"robots\" content=\"index, follow, max-snippet:-1, max-image-preview:large, max-video-preview:-1\" \/>\n<link rel=\"canonical\" href=\"https:\/\/www.perseestetica.com\/index.php\/2020\/05\/01\/3o-pativersario-perse\/\" \/>\n<meta property=\"og:locale\" content=\"es_ES\" \/>\n<meta property=\"og:type\" content=\"article\" \/>\n<meta property=\"og:title\" content=\"3\u00ba PATIVERSARIO PERSE - PER SE ESTETICA\" \/>\n<meta property=\"og:description\" content=\"\u00a1Cumplimos tres a\u00f1os! Y para no perder las buenas costumbres y aunque sea una \u00e9poca complicada \u00a1Lo vamos a celebrar con vosotras! Atentas queridas patas porque con un poco de suerte\u2026 hay premios que puede ser tuyos, un tratamiento exfoliante [&hellip;]\" \/>\n<meta property=\"og:url\" content=\"https:\/\/www.perseestetica.com\/index.php\/2020\/05\/01\/3o-pativersario-perse\/\" \/>\n<meta property=\"og:site_name\" content=\"PER SE ESTETICA\" \/>\n<meta property=\"article:published_time\" content=\"2020-05-01T05:00:28+00:00\" \/>\n<meta property=\"article:modified_time\" content=\"2020-05-01T06:16:05+00:00\" \/>\n<meta property=\"og:image\" content=\"https:\/\/www.perseestetica.com\/wp-content\/uploads\/2020\/04\/BLOG-3ANIVinterior-1.jpg\" \/>\n\t<meta property=\"og:image:width\" content=\"1024\" \/>\n\t<meta property=\"og:image:height\" content=\"675\" \/>\n\t<meta property=\"og:image:type\" content=\"image\/jpeg\" \/>\n<meta name=\"author\" content=\"administraci\u00f3n\" \/>\n<meta name=\"twitter:card\" content=\"summary_large_image\" \/>\n<meta name=\"twitter:label1\" content=\"Escrito por\" \/>\n\t<meta name=\"twitter:data1\" content=\"administraci\u00f3n\" \/>\n\t<meta name=\"twitter:label2\" content=\"Tiempo de lectura\" \/>\n\t<meta name=\"twitter:data2\" content=\"1 minuto\" \/>\n<script type=\"application\/ld+json\" class=\"yoast-schema-graph\">{\"@context\":\"https:\/\/schema.org\",\"@graph\":[{\"@type\":\"Article\",\"@id\":\"https:\/\/www.perseestetica.com\/index.php\/2020\/05\/01\/3o-pativersario-perse\/#article\",\"isPartOf\":{\"@id\":\"https:\/\/www.perseestetica.com\/index.php\/2020\/05\/01\/3o-pativersario-perse\/\"},\"author\":{\"name\":\"administraci\u00f3n\",\"@id\":\"https:\/\/www.perseestetica.com\/#\/schema\/person\/dffe0e7ffbd7bd2d4816f9bd4f643eff\"},\"headline\":\"3\u00ba PATIVERSARIO PERSE\",\"datePublished\":\"2020-05-01T05:00:28+00:00\",\"dateModified\":\"2020-05-01T06:16:05+00:00\",\"mainEntityOfPage\":{\"@id\":\"https:\/\/www.perseestetica.com\/index.php\/2020\/05\/01\/3o-pativersario-perse\/\"},\"wordCount\":213,\"commentCount\":0,\"image\":{\"@id\":\"https:\/\/www.perseestetica.com\/index.php\/2020\/05\/01\/3o-pativersario-perse\/#primaryimage\"},\"thumbnailUrl\":\"https:\/\/www.perseestetica.com\/wp-content\/uploads\/2020\/04\/BLOG-3ANIVinterior-1.jpg\",\"articleSection\":[\"corporal\",\"cosm\u00e9tica natural\",\"noticias\",\"PER SE\",\"promociones\",\"tratamiento\"],\"inLanguage\":\"es\",\"potentialAction\":[{\"@type\":\"CommentAction\",\"name\":\"Comment\",\"target\":[\"https:\/\/www.perseestetica.com\/index.php\/2020\/05\/01\/3o-pativersario-perse\/#respond\"]}]},{\"@type\":\"WebPage\",\"@id\":\"https:\/\/www.perseestetica.com\/index.php\/2020\/05\/01\/3o-pativersario-perse\/\",\"url\":\"https:\/\/www.perseestetica.com\/index.php\/2020\/05\/01\/3o-pativersario-perse\/\",\"name\":\"3\u00ba PATIVERSARIO PERSE - PER SE ESTETICA\",\"isPartOf\":{\"@id\":\"https:\/\/www.perseestetica.com\/#website\"},\"primaryImageOfPage\":{\"@id\":\"https:\/\/www.perseestetica.com\/index.php\/2020\/05\/01\/3o-pativersario-perse\/#primaryimage\"},\"image\":{\"@id\":\"https:\/\/www.perseestetica.com\/index.php\/2020\/05\/01\/3o-pativersario-perse\/#primaryimage\"},\"thumbnailUrl\":\"https:\/\/www.perseestetica.com\/wp-content\/uploads\/2020\/04\/BLOG-3ANIVinterior-1.jpg\",\"datePublished\":\"2020-05-01T05:00:28+00:00\",\"dateModified\":\"2020-05-01T06:16:05+00:00\",\"author\":{\"@id\":\"https:\/\/www.perseestetica.com\/#\/schema\/person\/dffe0e7ffbd7bd2d4816f9bd4f643eff\"},\"breadcrumb\":{\"@id\":\"https:\/\/www.perseestetica.com\/index.php\/2020\/05\/01\/3o-pativersario-perse\/#breadcrumb\"},\"inLanguage\":\"es\",\"potentialAction\":[{\"@type\":\"ReadAction\",\"target\":[\"https:\/\/www.perseestetica.com\/index.php\/2020\/05\/01\/3o-pativersario-perse\/\"]}]},{\"@type\":\"ImageObject\",\"inLanguage\":\"es\",\"@id\":\"https:\/\/www.perseestetica.com\/index.php\/2020\/05\/01\/3o-pativersario-perse\/#primaryimage\",\"url\":\"https:\/\/www.perseestetica.com\/wp-content\/uploads\/2020\/04\/BLOG-3ANIVinterior-1.jpg\",\"contentUrl\":\"https:\/\/www.perseestetica.com\/wp-content\/uploads\/2020\/04\/BLOG-3ANIVinterior-1.jpg\",\"width\":1024,\"height\":675},{\"@type\":\"BreadcrumbList\",\"@id\":\"https:\/\/www.perseestetica.com\/index.php\/2020\/05\/01\/3o-pativersario-perse\/#breadcrumb\",\"itemListElement\":[{\"@type\":\"ListItem\",\"position\":1,\"name\":\"Portada\",\"item\":\"https:\/\/www.perseestetica.com\/\"},{\"@type\":\"ListItem\",\"position\":2,\"name\":\"3\u00ba PATIVERSARIO PERSE\"}]},{\"@type\":\"WebSite\",\"@id\":\"https:\/\/www.perseestetica.com\/#website\",\"url\":\"https:\/\/www.perseestetica.com\/\",\"name\":\"PER SE ESTETICA\",\"description\":\"Centro de est\u00e9tica y bienestar en Vitoria-Gasteiz\",\"potentialAction\":[{\"@type\":\"SearchAction\",\"target\":{\"@type\":\"EntryPoint\",\"urlTemplate\":\"https:\/\/www.perseestetica.com\/?s={search_term_string}\"},\"query-input\":{\"@type\":\"PropertyValueSpecification\",\"valueRequired\":true,\"valueName\":\"search_term_string\"}}],\"inLanguage\":\"es\"},{\"@type\":\"Person\",\"@id\":\"https:\/\/www.perseestetica.com\/#\/schema\/person\/dffe0e7ffbd7bd2d4816f9bd4f643eff\",\"name\":\"administraci\u00f3n\",\"image\":{\"@type\":\"ImageObject\",\"inLanguage\":\"es\",\"@id\":\"https:\/\/www.perseestetica.com\/#\/schema\/person\/image\/\",\"url\":\"https:\/\/secure.gravatar.com\/avatar\/c80723aa5a9a47fa5daf35d0805cde1198a8010870d2be18ca924fd80ffac640?s=96&d=mm&r=g\",\"contentUrl\":\"https:\/\/secure.gravatar.com\/avatar\/c80723aa5a9a47fa5daf35d0805cde1198a8010870d2be18ca924fd80ffac640?s=96&d=mm&r=g\",\"caption\":\"administraci\u00f3n\"},\"url\":\"https:\/\/www.perseestetica.com\/index.php\/author\/admin\/\"}]}<\/script>\n<!-- \/ Yoast SEO plugin. -->","yoast_head_json":{"title":"3\u00ba PATIVERSARIO PERSE - PER SE ESTETICA","robots":{"index":"index","follow":"follow","max-snippet":"max-snippet:-1","max-image-preview":"max-image-preview:large","max-video-preview":"max-video-preview:-1"},"canonical":"https:\/\/www.perseestetica.com\/index.php\/2020\/05\/01\/3o-pativersario-perse\/","og_locale":"es_ES","og_type":"article","og_title":"3\u00ba PATIVERSARIO PERSE - PER SE ESTETICA","og_description":"\u00a1Cumplimos tres a\u00f1os! Y para no perder las buenas costumbres y aunque sea una \u00e9poca complicada \u00a1Lo vamos a celebrar con vosotras! Atentas queridas patas porque con un poco de suerte\u2026 hay premios que puede ser tuyos, un tratamiento exfoliante [&hellip;]","og_url":"https:\/\/www.perseestetica.com\/index.php\/2020\/05\/01\/3o-pativersario-perse\/","og_site_name":"PER SE ESTETICA","article_published_time":"2020-05-01T05:00:28+00:00","article_modified_time":"2020-05-01T06:16:05+00:00","og_image":[{"width":1024,"height":675,"url":"https:\/\/www.perseestetica.com\/wp-content\/uploads\/2020\/04\/BLOG-3ANIVinterior-1.jpg","type":"image\/jpeg"}],"author":"administraci\u00f3n","twitter_card":"summary_large_image","twitter_misc":{"Escrito por":"administraci\u00f3n","Tiempo de lectura":"1 minuto"},"schema":{"@context":"https:\/\/schema.org","@graph":[{"@type":"Article","@id":"https:\/\/www.perseestetica.com\/index.php\/2020\/05\/01\/3o-pativersario-perse\/#article","isPartOf":{"@id":"https:\/\/www.perseestetica.com\/index.php\/2020\/05\/01\/3o-pativersario-perse\/"},"author":{"name":"administraci\u00f3n","@id":"https:\/\/www.perseestetica.com\/#\/schema\/person\/dffe0e7ffbd7bd2d4816f9bd4f643eff"},"headline":"3\u00ba PATIVERSARIO PERSE","datePublished":"2020-05-01T05:00:28+00:00","dateModified":"2020-05-01T06:16:05+00:00","mainEntityOfPage":{"@id":"https:\/\/www.perseestetica.com\/index.php\/2020\/05\/01\/3o-pativersario-perse\/"},"wordCount":213,"commentCount":0,"image":{"@id":"https:\/\/www.perseestetica.com\/index.php\/2020\/05\/01\/3o-pativersario-perse\/#primaryimage"},"thumbnailUrl":"https:\/\/www.perseestetica.com\/wp-content\/uploads\/2020\/04\/BLOG-3ANIVinterior-1.jpg","articleSection":["corporal","cosm\u00e9tica natural","noticias","PER SE","promociones","tratamiento"],"inLanguage":"es","potentialAction":[{"@type":"CommentAction","name":"Comment","target":["https:\/\/www.perseestetica.com\/index.php\/2020\/05\/01\/3o-pativersario-perse\/#respond"]}]},{"@type":"WebPage","@id":"https:\/\/www.perseestetica.com\/index.php\/2020\/05\/01\/3o-pativersario-perse\/","url":"https:\/\/www.perseestetica.com\/index.php\/2020\/05\/01\/3o-pativersario-perse\/","name":"3\u00ba PATIVERSARIO PERSE - PER SE ESTETICA","isPartOf":{"@id":"https:\/\/www.perseestetica.com\/#website"},"primaryImageOfPage":{"@id":"https:\/\/www.perseestetica.com\/index.php\/2020\/05\/01\/3o-pativersario-perse\/#primaryimage"},"image":{"@id":"https:\/\/www.perseestetica.com\/index.php\/2020\/05\/01\/3o-pativersario-perse\/#primaryimage"},"thumbnailUrl":"https:\/\/www.perseestetica.com\/wp-content\/uploads\/2020\/04\/BLOG-3ANIVinterior-1.jpg","datePublished":"2020-05-01T05:00:28+00:00","dateModified":"2020-05-01T06:16:05+00:00","author":{"@id":"https:\/\/www.perseestetica.com\/#\/schema\/person\/dffe0e7ffbd7bd2d4816f9bd4f643eff"},"breadcrumb":{"@id":"https:\/\/www.perseestetica.com\/index.php\/2020\/05\/01\/3o-pativersario-perse\/#breadcrumb"},"inLanguage":"es","potentialAction":[{"@type":"ReadAction","target":["https:\/\/www.perseestetica.com\/index.php\/2020\/05\/01\/3o-pativersario-perse\/"]}]},{"@type":"ImageObject","inLanguage":"es","@id":"https:\/\/www.perseestetica.com\/index.php\/2020\/05\/01\/3o-pativersario-perse\/#primaryimage","url":"https:\/\/www.perseestetica.com\/wp-content\/uploads\/2020\/04\/BLOG-3ANIVinterior-1.jpg","contentUrl":"https:\/\/www.perseestetica.com\/wp-content\/uploads\/2020\/04\/BLOG-3ANIVinterior-1.jpg","width":1024,"height":675},{"@type":"BreadcrumbList","@id":"https:\/\/www.perseestetica.com\/index.php\/2020\/05\/01\/3o-pativersario-perse\/#breadcrumb","itemListElement":[{"@type":"ListItem","position":1,"name":"Portada","item":"https:\/\/www.perseestetica.com\/"},{"@type":"ListItem","position":2,"name":"3\u00ba PATIVERSARIO PERSE"}]},{"@type":"WebSite","@id":"https:\/\/www.perseestetica.com\/#website","url":"https:\/\/www.perseestetica.com\/","name":"PER SE ESTETICA","description":"Centro de est\u00e9tica y bienestar en Vitoria-Gasteiz","potentialAction":[{"@type":"SearchAction","target":{"@type":"EntryPoint","urlTemplate":"https:\/\/www.perseestetica.com\/?s={search_term_string}"},"query-input":{"@type":"PropertyValueSpecification","valueRequired":true,"valueName":"search_term_string"}}],"inLanguage":"es"},{"@type":"Person","@id":"https:\/\/www.perseestetica.com\/#\/schema\/person\/dffe0e7ffbd7bd2d4816f9bd4f643eff","name":"administraci\u00f3n","image":{"@type":"ImageObject","inLanguage":"es","@id":"https:\/\/www.perseestetica.com\/#\/schema\/person\/image\/","url":"https:\/\/secure.gravatar.com\/avatar\/c80723aa5a9a47fa5daf35d0805cde1198a8010870d2be18ca924fd80ffac640?s=96&d=mm&r=g","contentUrl":"https:\/\/secure.gravatar.com\/avatar\/c80723aa5a9a47fa5daf35d0805cde1198a8010870d2be18ca924fd80ffac640?s=96&d=mm&r=g","caption":"administraci\u00f3n"},"url":"https:\/\/www.perseestetica.com\/index.php\/author\/admin\/"}]}},"_links":{"self":[{"href":"https:\/\/www.perseestetica.com\/index.php\/wp-json\/wp\/v2\/posts\/3562","targetHints":{"allow":["GET"]}}],"collection":[{"href":"https:\/\/www.perseestetica.com\/index.php\/wp-json\/wp\/v2\/posts"}],"about":[{"href":"https:\/\/www.perseestetica.com\/index.php\/wp-json\/wp\/v2\/types\/post"}],"author":[{"embeddable":true,"href":"https:\/\/www.perseestetica.com\/index.php\/wp-json\/wp\/v2\/users\/1"}],"replies":[{"embeddable":true,"href":"https:\/\/www.perseestetica.com\/index.php\/wp-json\/wp\/v2\/comments?post=3562"}],"version-history":[{"count":13,"href":"https:\/\/www.perseestetica.com\/index.php\/wp-json\/wp\/v2\/posts\/3562\/revisions"}],"predecessor-version":[{"id":3587,"href":"https:\/\/www.perseestetica.com\/index.php\/wp-json\/wp\/v2\/posts\/3562\/revisions\/3587"}],"wp:featuredmedia":[{"embeddable":true,"href":"https:\/\/www.perseestetica.com\/index.php\/wp-json\/wp\/v2\/media\/3578"}],"wp:attachment":[{"href":"https:\/\/www.perseestetica.com\/index.php\/wp-json\/wp\/v2\/media?parent=3562"}],"wp:term":[{"taxonomy":"category","embeddable":true,"href":"https:\/\/www.perseestetica.com\/index.php\/wp-json\/wp\/v2\/categories?post=3562"},{"taxonomy":"post_tag","embeddable":true,"href":"https:\/\/www.perseestetica.com\/index.php\/wp-json\/wp\/v2\/tags?post=3562"}],"curies":[{"name":"wp","href":"https:\/\/api.w.org\/{rel}","templated":true}]}}