{"id":3589,"date":"2020-06-01T08:00:59","date_gmt":"2020-06-01T08:00:59","guid":{"rendered":"https:\/\/www.perseestetica.com\/?p=3589"},"modified":"2020-06-01T08:36:54","modified_gmt":"2020-06-01T08:36:54","slug":"3o-pativersario-las-ganadoras","status":"publish","type":"post","link":"https:\/\/www.perseestetica.com\/index.php\/2020\/06\/01\/3o-pativersario-las-ganadoras\/","title":{"rendered":"3\u00ba PATIVERSARIO: LAS GANADORAS"},"content":{"rendered":"<p class=\"p1\"><span class=\"s1\">Es un placer empezar este lunes 1 de junio con buenas noticias. Ya tenemos el nombre de las <b>dos patas afortunadas<\/b> que han participado en nuestra promoci\u00f3n del <b>tercer PATIVERSARIO y han sido las ganadoras.<\/b><\/span><\/p>\n<p class=\"p1\"><span class=\"s1\">Antes de nada queremos agradeceros las muestras de cari\u00f1o, la confianza en nuestro trabajo, y vuestra fidelidad en el sal\u00f3n y las redes tras estos dif\u00edciles meses. Y ahora\u2026 <\/span><\/p>\n<p class=\"p1\"><span class=\"s1\">\u2026 es un placer deciros el nombre de las patas ganadoras de este sorteo: <\/span><span class=\"s1\"><b>@Sarah Co\u00f1\u00f1or <\/b>(usuaria de Facebook y ganadora de nuestra promo en <b>Facebook)<\/b> y <b>@lidiamartinez_12 <\/b>(usuaria de Instagram y ganadora del premio en <b>Instagram<\/b>). <\/span><span class=\"s1\">Nos pondremos en contacto con vosotras\u00a0para que pod\u00e1is disfrutar de vuestro premio. Recordad se trata de un tratamiento corporal relajante <b>\u201cTierra Volc\u00e1nica\u201d. Un\u00a0peeling volc\u00e1nico que favorece la renovaci\u00f3n cut\u00e1nea<\/b> mediante un ligero masaje que dejar\u00e1 tu piel suave, radiante y libre de impurezas.\u00a0<\/span><\/p>\n<p class=\"p1\"><span class=\"s1\"><b>Enhorabuena <\/b>a estas dos patas fieles y a\u00fan m\u00e1s listas que han dedicado su tiempo a participar en nuestra promoci\u00f3n del 3\u00ba PATIVERSARIO y mira por donde\u2026 \u00a1Lo han ganado! <\/span><\/p>\n<p class=\"p1\"><span class=\"s1\">CUAnta felicidad!!! CUA, CUA.<\/span><\/p>\n","protected":false},"excerpt":{"rendered":"<p>Es un placer empezar este lunes 1 de junio con buenas noticias. Ya tenemos el nombre de las dos patas afortunadas que han participado en nuestra promoci\u00f3n del tercer PATIVERSARIO y han sido las ganadoras. Antes de nada queremos agradeceros [&hellip;]<\/p>\n","protected":false},"author":1,"featured_media":3591,"comment_status":"closed","ping_status":"open","sticky":false,"template":"","format":"standard","meta":{"footnotes":""},"categories":[122,125,117,118],"tags":[182,191,188,183,184,185,139,131,189,179,180,133,187],"class_list":["post-3589","post","type-post","status-publish","format-standard","has-post-thumbnail","hentry","category-corporal","category-noticias","category-per-se","category-promociones","tag-centro-de-belleza","tag-centro-de-depilacion","tag-centros-de-estetica-en-vitoria","tag-depilacion","tag-depilacion-al-hilo","tag-depilacion-laser","tag-ponerte-guapa","tag-salon-de-belleza","tag-sorteo-belleza","tag-tratamiento-corporal","tag-tratamiento-de-belleza","tag-tratamientos-faciales","tag-vitoria"],"yoast_head":"<!-- This site is optimized with the Yoast SEO plugin v27.0 - https:\/\/yoast.com\/product\/yoast-seo-wordpress\/ -->\n<title>3\u00ba PATIVERSARIO: LAS GANADORAS - PER SE ESTETICA<\/title>\n<meta name=\"description\" content=\"Estas son las patas ganadoras del sorteo por nuestro tercer aniverasario de un tratamiento corporal &quot;Tierra Volc\u00e1nica&quot; . Tratamiento de belleza. Vitoria-Gasteiz.\" \/>\n<meta name=\"robots\" content=\"index, follow, max-snippet:-1, max-image-preview:large, max-video-preview:-1\" \/>\n<link rel=\"canonical\" href=\"https:\/\/www.perseestetica.com\/index.php\/2020\/06\/01\/3o-pativersario-las-ganadoras\/\" \/>\n<meta property=\"og:locale\" content=\"es_ES\" \/>\n<meta property=\"og:type\" content=\"article\" \/>\n<meta property=\"og:title\" content=\"3\u00ba PATIVERSARIO: LAS GANADORAS - PER SE ESTETICA\" \/>\n<meta property=\"og:description\" content=\"Estas son las patas ganadoras del sorteo por nuestro tercer aniverasario de un tratamiento corporal &quot;Tierra Volc\u00e1nica&quot; . Tratamiento de belleza. Vitoria-Gasteiz.\" \/>\n<meta property=\"og:url\" content=\"https:\/\/www.perseestetica.com\/index.php\/2020\/06\/01\/3o-pativersario-las-ganadoras\/\" \/>\n<meta property=\"og:site_name\" content=\"PER SE ESTETICA\" \/>\n<meta property=\"article:published_time\" content=\"2020-06-01T08:00:59+00:00\" \/>\n<meta property=\"article:modified_time\" content=\"2020-06-01T08:36:54+00:00\" \/>\n<meta property=\"og:image\" content=\"https:\/\/www.perseestetica.com\/wp-content\/uploads\/2020\/06\/ganadores-aniversario20.jpg\" \/>\n\t<meta property=\"og:image:width\" content=\"1024\" \/>\n\t<meta property=\"og:image:height\" content=\"675\" \/>\n\t<meta property=\"og:image:type\" content=\"image\/jpeg\" \/>\n<meta name=\"author\" content=\"administraci\u00f3n\" \/>\n<meta name=\"twitter:card\" content=\"summary_large_image\" \/>\n<meta name=\"twitter:label1\" content=\"Escrito por\" \/>\n\t<meta name=\"twitter:data1\" content=\"administraci\u00f3n\" \/>\n\t<meta name=\"twitter:label2\" content=\"Tiempo de lectura\" \/>\n\t<meta name=\"twitter:data2\" content=\"1 minuto\" \/>\n<script type=\"application\/ld+json\" class=\"yoast-schema-graph\">{\"@context\":\"https:\/\/schema.org\",\"@graph\":[{\"@type\":\"Article\",\"@id\":\"https:\/\/www.perseestetica.com\/index.php\/2020\/06\/01\/3o-pativersario-las-ganadoras\/#article\",\"isPartOf\":{\"@id\":\"https:\/\/www.perseestetica.com\/index.php\/2020\/06\/01\/3o-pativersario-las-ganadoras\/\"},\"author\":{\"name\":\"administraci\u00f3n\",\"@id\":\"https:\/\/www.perseestetica.com\/#\/schema\/person\/dffe0e7ffbd7bd2d4816f9bd4f643eff\"},\"headline\":\"3\u00ba PATIVERSARIO: LAS GANADORAS\",\"datePublished\":\"2020-06-01T08:00:59+00:00\",\"dateModified\":\"2020-06-01T08:36:54+00:00\",\"mainEntityOfPage\":{\"@id\":\"https:\/\/www.perseestetica.com\/index.php\/2020\/06\/01\/3o-pativersario-las-ganadoras\/\"},\"wordCount\":193,\"image\":{\"@id\":\"https:\/\/www.perseestetica.com\/index.php\/2020\/06\/01\/3o-pativersario-las-ganadoras\/#primaryimage\"},\"thumbnailUrl\":\"https:\/\/www.perseestetica.com\/wp-content\/uploads\/2020\/06\/ganadores-aniversario20.jpg\",\"keywords\":[\"centro de belleza\",\"centro de depilaci\u00f3n\",\"centros de est\u00e9tica en Vitoria\",\"depilaci\u00f3n\",\"depilaci\u00f3n al hilo\",\"depilaci\u00f3n l\u00e1ser\",\"ponerte guapa\",\"sal\u00f3n de belleza\",\"sorteo belleza\",\"tratamiento corporal\",\"tratamiento de belleza\",\"tratamientos faciales\",\"Vitoria\"],\"articleSection\":[\"corporal\",\"noticias\",\"PER SE\",\"promociones\"],\"inLanguage\":\"es\"},{\"@type\":\"WebPage\",\"@id\":\"https:\/\/www.perseestetica.com\/index.php\/2020\/06\/01\/3o-pativersario-las-ganadoras\/\",\"url\":\"https:\/\/www.perseestetica.com\/index.php\/2020\/06\/01\/3o-pativersario-las-ganadoras\/\",\"name\":\"3\u00ba PATIVERSARIO: LAS GANADORAS - PER SE ESTETICA\",\"isPartOf\":{\"@id\":\"https:\/\/www.perseestetica.com\/#website\"},\"primaryImageOfPage\":{\"@id\":\"https:\/\/www.perseestetica.com\/index.php\/2020\/06\/01\/3o-pativersario-las-ganadoras\/#primaryimage\"},\"image\":{\"@id\":\"https:\/\/www.perseestetica.com\/index.php\/2020\/06\/01\/3o-pativersario-las-ganadoras\/#primaryimage\"},\"thumbnailUrl\":\"https:\/\/www.perseestetica.com\/wp-content\/uploads\/2020\/06\/ganadores-aniversario20.jpg\",\"datePublished\":\"2020-06-01T08:00:59+00:00\",\"dateModified\":\"2020-06-01T08:36:54+00:00\",\"author\":{\"@id\":\"https:\/\/www.perseestetica.com\/#\/schema\/person\/dffe0e7ffbd7bd2d4816f9bd4f643eff\"},\"description\":\"Estas son las patas ganadoras del sorteo por nuestro tercer aniverasario de un tratamiento corporal \\\"Tierra Volc\u00e1nica\\\" . Tratamiento de belleza. Vitoria-Gasteiz.\",\"breadcrumb\":{\"@id\":\"https:\/\/www.perseestetica.com\/index.php\/2020\/06\/01\/3o-pativersario-las-ganadoras\/#breadcrumb\"},\"inLanguage\":\"es\",\"potentialAction\":[{\"@type\":\"ReadAction\",\"target\":[\"https:\/\/www.perseestetica.com\/index.php\/2020\/06\/01\/3o-pativersario-las-ganadoras\/\"]}]},{\"@type\":\"ImageObject\",\"inLanguage\":\"es\",\"@id\":\"https:\/\/www.perseestetica.com\/index.php\/2020\/06\/01\/3o-pativersario-las-ganadoras\/#primaryimage\",\"url\":\"https:\/\/www.perseestetica.com\/wp-content\/uploads\/2020\/06\/ganadores-aniversario20.jpg\",\"contentUrl\":\"https:\/\/www.perseestetica.com\/wp-content\/uploads\/2020\/06\/ganadores-aniversario20.jpg\",\"width\":1024,\"height\":675},{\"@type\":\"BreadcrumbList\",\"@id\":\"https:\/\/www.perseestetica.com\/index.php\/2020\/06\/01\/3o-pativersario-las-ganadoras\/#breadcrumb\",\"itemListElement\":[{\"@type\":\"ListItem\",\"position\":1,\"name\":\"Portada\",\"item\":\"https:\/\/www.perseestetica.com\/\"},{\"@type\":\"ListItem\",\"position\":2,\"name\":\"3\u00ba PATIVERSARIO: LAS GANADORAS\"}]},{\"@type\":\"WebSite\",\"@id\":\"https:\/\/www.perseestetica.com\/#website\",\"url\":\"https:\/\/www.perseestetica.com\/\",\"name\":\"PER SE ESTETICA\",\"description\":\"Centro de est\u00e9tica y bienestar en Vitoria-Gasteiz\",\"potentialAction\":[{\"@type\":\"SearchAction\",\"target\":{\"@type\":\"EntryPoint\",\"urlTemplate\":\"https:\/\/www.perseestetica.com\/?s={search_term_string}\"},\"query-input\":{\"@type\":\"PropertyValueSpecification\",\"valueRequired\":true,\"valueName\":\"search_term_string\"}}],\"inLanguage\":\"es\"},{\"@type\":\"Person\",\"@id\":\"https:\/\/www.perseestetica.com\/#\/schema\/person\/dffe0e7ffbd7bd2d4816f9bd4f643eff\",\"name\":\"administraci\u00f3n\",\"image\":{\"@type\":\"ImageObject\",\"inLanguage\":\"es\",\"@id\":\"https:\/\/www.perseestetica.com\/#\/schema\/person\/image\/\",\"url\":\"https:\/\/secure.gravatar.com\/avatar\/c80723aa5a9a47fa5daf35d0805cde1198a8010870d2be18ca924fd80ffac640?s=96&d=mm&r=g\",\"contentUrl\":\"https:\/\/secure.gravatar.com\/avatar\/c80723aa5a9a47fa5daf35d0805cde1198a8010870d2be18ca924fd80ffac640?s=96&d=mm&r=g\",\"caption\":\"administraci\u00f3n\"},\"url\":\"https:\/\/www.perseestetica.com\/index.php\/author\/admin\/\"}]}<\/script>\n<!-- \/ Yoast SEO plugin. -->","yoast_head_json":{"title":"3\u00ba PATIVERSARIO: LAS GANADORAS - PER SE ESTETICA","description":"Estas son las patas ganadoras del sorteo por nuestro tercer aniverasario de un tratamiento corporal \"Tierra Volc\u00e1nica\" . Tratamiento de belleza. Vitoria-Gasteiz.","robots":{"index":"index","follow":"follow","max-snippet":"max-snippet:-1","max-image-preview":"max-image-preview:large","max-video-preview":"max-video-preview:-1"},"canonical":"https:\/\/www.perseestetica.com\/index.php\/2020\/06\/01\/3o-pativersario-las-ganadoras\/","og_locale":"es_ES","og_type":"article","og_title":"3\u00ba PATIVERSARIO: LAS GANADORAS - PER SE ESTETICA","og_description":"Estas son las patas ganadoras del sorteo por nuestro tercer aniverasario de un tratamiento corporal \"Tierra Volc\u00e1nica\" . Tratamiento de belleza. Vitoria-Gasteiz.","og_url":"https:\/\/www.perseestetica.com\/index.php\/2020\/06\/01\/3o-pativersario-las-ganadoras\/","og_site_name":"PER SE ESTETICA","article_published_time":"2020-06-01T08:00:59+00:00","article_modified_time":"2020-06-01T08:36:54+00:00","og_image":[{"width":1024,"height":675,"url":"https:\/\/www.perseestetica.com\/wp-content\/uploads\/2020\/06\/ganadores-aniversario20.jpg","type":"image\/jpeg"}],"author":"administraci\u00f3n","twitter_card":"summary_large_image","twitter_misc":{"Escrito por":"administraci\u00f3n","Tiempo de lectura":"1 minuto"},"schema":{"@context":"https:\/\/schema.org","@graph":[{"@type":"Article","@id":"https:\/\/www.perseestetica.com\/index.php\/2020\/06\/01\/3o-pativersario-las-ganadoras\/#article","isPartOf":{"@id":"https:\/\/www.perseestetica.com\/index.php\/2020\/06\/01\/3o-pativersario-las-ganadoras\/"},"author":{"name":"administraci\u00f3n","@id":"https:\/\/www.perseestetica.com\/#\/schema\/person\/dffe0e7ffbd7bd2d4816f9bd4f643eff"},"headline":"3\u00ba PATIVERSARIO: LAS GANADORAS","datePublished":"2020-06-01T08:00:59+00:00","dateModified":"2020-06-01T08:36:54+00:00","mainEntityOfPage":{"@id":"https:\/\/www.perseestetica.com\/index.php\/2020\/06\/01\/3o-pativersario-las-ganadoras\/"},"wordCount":193,"image":{"@id":"https:\/\/www.perseestetica.com\/index.php\/2020\/06\/01\/3o-pativersario-las-ganadoras\/#primaryimage"},"thumbnailUrl":"https:\/\/www.perseestetica.com\/wp-content\/uploads\/2020\/06\/ganadores-aniversario20.jpg","keywords":["centro de belleza","centro de depilaci\u00f3n","centros de est\u00e9tica en Vitoria","depilaci\u00f3n","depilaci\u00f3n al hilo","depilaci\u00f3n l\u00e1ser","ponerte guapa","sal\u00f3n de belleza","sorteo belleza","tratamiento corporal","tratamiento de belleza","tratamientos faciales","Vitoria"],"articleSection":["corporal","noticias","PER SE","promociones"],"inLanguage":"es"},{"@type":"WebPage","@id":"https:\/\/www.perseestetica.com\/index.php\/2020\/06\/01\/3o-pativersario-las-ganadoras\/","url":"https:\/\/www.perseestetica.com\/index.php\/2020\/06\/01\/3o-pativersario-las-ganadoras\/","name":"3\u00ba PATIVERSARIO: LAS GANADORAS - PER SE ESTETICA","isPartOf":{"@id":"https:\/\/www.perseestetica.com\/#website"},"primaryImageOfPage":{"@id":"https:\/\/www.perseestetica.com\/index.php\/2020\/06\/01\/3o-pativersario-las-ganadoras\/#primaryimage"},"image":{"@id":"https:\/\/www.perseestetica.com\/index.php\/2020\/06\/01\/3o-pativersario-las-ganadoras\/#primaryimage"},"thumbnailUrl":"https:\/\/www.perseestetica.com\/wp-content\/uploads\/2020\/06\/ganadores-aniversario20.jpg","datePublished":"2020-06-01T08:00:59+00:00","dateModified":"2020-06-01T08:36:54+00:00","author":{"@id":"https:\/\/www.perseestetica.com\/#\/schema\/person\/dffe0e7ffbd7bd2d4816f9bd4f643eff"},"description":"Estas son las patas ganadoras del sorteo por nuestro tercer aniverasario de un tratamiento corporal \"Tierra Volc\u00e1nica\" . Tratamiento de belleza. Vitoria-Gasteiz.","breadcrumb":{"@id":"https:\/\/www.perseestetica.com\/index.php\/2020\/06\/01\/3o-pativersario-las-ganadoras\/#breadcrumb"},"inLanguage":"es","potentialAction":[{"@type":"ReadAction","target":["https:\/\/www.perseestetica.com\/index.php\/2020\/06\/01\/3o-pativersario-las-ganadoras\/"]}]},{"@type":"ImageObject","inLanguage":"es","@id":"https:\/\/www.perseestetica.com\/index.php\/2020\/06\/01\/3o-pativersario-las-ganadoras\/#primaryimage","url":"https:\/\/www.perseestetica.com\/wp-content\/uploads\/2020\/06\/ganadores-aniversario20.jpg","contentUrl":"https:\/\/www.perseestetica.com\/wp-content\/uploads\/2020\/06\/ganadores-aniversario20.jpg","width":1024,"height":675},{"@type":"BreadcrumbList","@id":"https:\/\/www.perseestetica.com\/index.php\/2020\/06\/01\/3o-pativersario-las-ganadoras\/#breadcrumb","itemListElement":[{"@type":"ListItem","position":1,"name":"Portada","item":"https:\/\/www.perseestetica.com\/"},{"@type":"ListItem","position":2,"name":"3\u00ba PATIVERSARIO: LAS GANADORAS"}]},{"@type":"WebSite","@id":"https:\/\/www.perseestetica.com\/#website","url":"https:\/\/www.perseestetica.com\/","name":"PER SE ESTETICA","description":"Centro de est\u00e9tica y bienestar en Vitoria-Gasteiz","potentialAction":[{"@type":"SearchAction","target":{"@type":"EntryPoint","urlTemplate":"https:\/\/www.perseestetica.com\/?s={search_term_string}"},"query-input":{"@type":"PropertyValueSpecification","valueRequired":true,"valueName":"search_term_string"}}],"inLanguage":"es"},{"@type":"Person","@id":"https:\/\/www.perseestetica.com\/#\/schema\/person\/dffe0e7ffbd7bd2d4816f9bd4f643eff","name":"administraci\u00f3n","image":{"@type":"ImageObject","inLanguage":"es","@id":"https:\/\/www.perseestetica.com\/#\/schema\/person\/image\/","url":"https:\/\/secure.gravatar.com\/avatar\/c80723aa5a9a47fa5daf35d0805cde1198a8010870d2be18ca924fd80ffac640?s=96&d=mm&r=g","contentUrl":"https:\/\/secure.gravatar.com\/avatar\/c80723aa5a9a47fa5daf35d0805cde1198a8010870d2be18ca924fd80ffac640?s=96&d=mm&r=g","caption":"administraci\u00f3n"},"url":"https:\/\/www.perseestetica.com\/index.php\/author\/admin\/"}]}},"_links":{"self":[{"href":"https:\/\/www.perseestetica.com\/index.php\/wp-json\/wp\/v2\/posts\/3589","targetHints":{"allow":["GET"]}}],"collection":[{"href":"https:\/\/www.perseestetica.com\/index.php\/wp-json\/wp\/v2\/posts"}],"about":[{"href":"https:\/\/www.perseestetica.com\/index.php\/wp-json\/wp\/v2\/types\/post"}],"author":[{"embeddable":true,"href":"https:\/\/www.perseestetica.com\/index.php\/wp-json\/wp\/v2\/users\/1"}],"replies":[{"embeddable":true,"href":"https:\/\/www.perseestetica.com\/index.php\/wp-json\/wp\/v2\/comments?post=3589"}],"version-history":[{"count":7,"href":"https:\/\/www.perseestetica.com\/index.php\/wp-json\/wp\/v2\/posts\/3589\/revisions"}],"predecessor-version":[{"id":3599,"href":"https:\/\/www.perseestetica.com\/index.php\/wp-json\/wp\/v2\/posts\/3589\/revisions\/3599"}],"wp:featuredmedia":[{"embeddable":true,"href":"https:\/\/www.perseestetica.com\/index.php\/wp-json\/wp\/v2\/media\/3591"}],"wp:attachment":[{"href":"https:\/\/www.perseestetica.com\/index.php\/wp-json\/wp\/v2\/media?parent=3589"}],"wp:term":[{"taxonomy":"category","embeddable":true,"href":"https:\/\/www.perseestetica.com\/index.php\/wp-json\/wp\/v2\/categories?post=3589"},{"taxonomy":"post_tag","embeddable":true,"href":"https:\/\/www.perseestetica.com\/index.php\/wp-json\/wp\/v2\/tags?post=3589"}],"curies":[{"name":"wp","href":"https:\/\/api.w.org\/{rel}","templated":true}]}}