{"id":3686,"date":"2021-02-08T08:23:24","date_gmt":"2021-02-08T08:23:24","guid":{"rendered":"https:\/\/www.perseestetica.com\/?p=3686"},"modified":"2021-02-08T08:44:28","modified_gmt":"2021-02-08T08:44:28","slug":"tratamiento-adelgazante-p5","status":"publish","type":"post","link":"https:\/\/www.perseestetica.com\/index.php\/2021\/02\/08\/tratamiento-adelgazante-p5\/","title":{"rendered":"Tratamiento adelgazante P5"},"content":{"rendered":"<p class=\"p1\"><span class=\"s1\">Disfruta de nuestro tratamiento corporal en cabina <strong>P5 de Phytomer<\/strong>. <\/span><\/p>\n<p class=\"p1\"><strong><span class=\"s1\">Reduce tus redondeces en tan solo 15 d\u00edas.<\/span><\/strong><\/p>\n<p class=\"p1\"><span class=\"s1\">Phytomer ha incorporado los <strong>ingredientes marinos<\/strong> m\u00e1s potentes para reducir las redondeces en su nueva f\u00f3rmula adelante: Loci\u00f3n P5.<\/span><\/p>\n<p class=\"p3\"><span class=\"s1\">Su textura combina:<\/span><\/p>\n<p class=\"p4\"><span class=\"s2\">1.-<span class=\"Apple-converted-space\">\u00a0 <\/span>Las propiedades efectivas de <strong>OLIG\u00d3MER\u00ae en un 75%,<\/strong> un exclusivo concentrado de agua de mar en una muy alta concentraci\u00f3n. El oligomer activa la formaci\u00f3n de nuevos adipocitos maduros y la liberaci\u00f3n de los \u00e1cidos grasos en el interior de los adipocitos maduros. Resultado: las acumulaciones de grasa se eliminan y se reduce la aparici\u00f3n de nueva grasa.<\/span><\/p>\n<p class=\"p4\"><span class=\"s2\">2.- El <strong>poder antigrasa de cuatro algas<\/strong> de referencia. \u00a0<\/span><span class=\"s1\">Por su parte las algas poseen una gran capacidad para regular la cantidad de grasa que generan. Gracias a su alta concentraci\u00f3n en minerales permiten favorecer el drenaje y estimular la microcirculaci\u00f3n, convirti\u00e9ndose as\u00ed en la mejor aliada para quemar el exceso de grasa. <\/span><\/p>\n<p class=\"p1\"><span class=\"s1\">En nuestros tratamientos en cabina dibujamos la silueta en <strong>tres etapas durante 1 hora<\/strong> con un <strong>masaje remodelado<\/strong> esculpimos los contornos de tu cuerpo, aplicamos la <strong>loci\u00f3n P5 para reducir las redondeces<\/strong> y por \u00faltimo realizamos una <strong>envoltura a base de algas<\/strong> que tonifica la piel. <\/span><\/p>\n<p class=\"p1\"><span class=\"s1\">Si quieres refinar tu cuerpo y redondear tus curvas, ya sabes: <\/span><span class=\"s1\">pide tu cita en #PERSEest\u00e9tica con nuestro <strong>tratamiento en cabina P5 de Phytomer.<\/strong> \u00a1Te esperamos con las alas abiertas!<\/span><\/p>\n<p><img loading=\"lazy\" decoding=\"async\" class=\"aligncenter  wp-image-3691\" src=\"https:\/\/www.perseestetica.com\/wp-content\/uploads\/2021\/02\/fin-P5.jpg\" alt=\"\" width=\"679\" height=\"359\" \/><\/p>\n","protected":false},"excerpt":{"rendered":"<p>Disfruta de nuestro tratamiento corporal en cabina P5 de Phytomer. Reduce tus redondeces en tan solo 15 d\u00edas. Phytomer ha incorporado los ingredientes marinos m\u00e1s potentes para reducir las redondeces en su nueva f\u00f3rmula adelante: Loci\u00f3n P5. Su textura combina: [&hellip;]<\/p>\n","protected":false},"author":1,"featured_media":3688,"comment_status":"open","ping_status":"open","sticky":false,"template":"","format":"standard","meta":{"footnotes":""},"categories":[122,120,125,117,126],"tags":[195],"class_list":["post-3686","post","type-post","status-publish","format-standard","has-post-thumbnail","hentry","category-corporal","category-cosmetica-natural","category-noticias","category-per-se","category-tratamiento","tag-tratamientocorporal-tratamientoadegalzante-adelgazar-reducirvolumen-contralacelulitis-celulitis-tratamientoadelgazante-locionp5-phytomer-tratamientosencabina-tratamientop5"],"yoast_head":"<!-- This site is optimized with the Yoast SEO plugin v27.0 - https:\/\/yoast.com\/product\/yoast-seo-wordpress\/ -->\n<title>Tratamiento adelgazante P5 - PER SE ESTETICA<\/title>\n<meta name=\"robots\" content=\"index, follow, max-snippet:-1, max-image-preview:large, max-video-preview:-1\" \/>\n<link rel=\"canonical\" href=\"https:\/\/www.perseestetica.com\/index.php\/2021\/02\/08\/tratamiento-adelgazante-p5\/\" \/>\n<meta property=\"og:locale\" content=\"es_ES\" \/>\n<meta property=\"og:type\" content=\"article\" \/>\n<meta property=\"og:title\" content=\"Tratamiento adelgazante P5 - PER SE ESTETICA\" \/>\n<meta property=\"og:description\" content=\"Disfruta de nuestro tratamiento corporal en cabina P5 de Phytomer. Reduce tus redondeces en tan solo 15 d\u00edas. Phytomer ha incorporado los ingredientes marinos m\u00e1s potentes para reducir las redondeces en su nueva f\u00f3rmula adelante: Loci\u00f3n P5. Su textura combina: [&hellip;]\" \/>\n<meta property=\"og:url\" content=\"https:\/\/www.perseestetica.com\/index.php\/2021\/02\/08\/tratamiento-adelgazante-p5\/\" \/>\n<meta property=\"og:site_name\" content=\"PER SE ESTETICA\" \/>\n<meta property=\"article:published_time\" content=\"2021-02-08T08:23:24+00:00\" \/>\n<meta property=\"article:modified_time\" content=\"2021-02-08T08:44:28+00:00\" \/>\n<meta property=\"og:image\" content=\"https:\/\/www.perseestetica.com\/wp-content\/uploads\/2021\/02\/base-P5.jpg\" \/>\n\t<meta property=\"og:image:width\" content=\"1024\" \/>\n\t<meta property=\"og:image:height\" content=\"675\" \/>\n\t<meta property=\"og:image:type\" content=\"image\/jpeg\" \/>\n<meta name=\"author\" content=\"administraci\u00f3n\" \/>\n<meta name=\"twitter:card\" content=\"summary_large_image\" \/>\n<meta name=\"twitter:label1\" content=\"Escrito por\" \/>\n\t<meta name=\"twitter:data1\" content=\"administraci\u00f3n\" \/>\n\t<meta name=\"twitter:label2\" content=\"Tiempo de lectura\" \/>\n\t<meta name=\"twitter:data2\" content=\"1 minuto\" \/>\n<script type=\"application\/ld+json\" class=\"yoast-schema-graph\">{\"@context\":\"https:\/\/schema.org\",\"@graph\":[{\"@type\":\"Article\",\"@id\":\"https:\/\/www.perseestetica.com\/index.php\/2021\/02\/08\/tratamiento-adelgazante-p5\/#article\",\"isPartOf\":{\"@id\":\"https:\/\/www.perseestetica.com\/index.php\/2021\/02\/08\/tratamiento-adelgazante-p5\/\"},\"author\":{\"name\":\"administraci\u00f3n\",\"@id\":\"https:\/\/www.perseestetica.com\/#\/schema\/person\/dffe0e7ffbd7bd2d4816f9bd4f643eff\"},\"headline\":\"Tratamiento adelgazante P5\",\"datePublished\":\"2021-02-08T08:23:24+00:00\",\"dateModified\":\"2021-02-08T08:44:28+00:00\",\"mainEntityOfPage\":{\"@id\":\"https:\/\/www.perseestetica.com\/index.php\/2021\/02\/08\/tratamiento-adelgazante-p5\/\"},\"wordCount\":242,\"commentCount\":0,\"image\":{\"@id\":\"https:\/\/www.perseestetica.com\/index.php\/2021\/02\/08\/tratamiento-adelgazante-p5\/#primaryimage\"},\"thumbnailUrl\":\"https:\/\/www.perseestetica.com\/wp-content\/uploads\/2021\/02\/base-P5.jpg\",\"keywords\":[\"#tratamientocorporal #tratamientoadegalzante #adelgazar #reducirvolumen #contralacelulitis #celulitis #tratamientoadelgazante #locionP5 #phytomer #tratamientosencabina #tratamientoP5\"],\"articleSection\":[\"corporal\",\"cosm\u00e9tica natural\",\"noticias\",\"PER SE\",\"tratamiento\"],\"inLanguage\":\"es\",\"potentialAction\":[{\"@type\":\"CommentAction\",\"name\":\"Comment\",\"target\":[\"https:\/\/www.perseestetica.com\/index.php\/2021\/02\/08\/tratamiento-adelgazante-p5\/#respond\"]}]},{\"@type\":\"WebPage\",\"@id\":\"https:\/\/www.perseestetica.com\/index.php\/2021\/02\/08\/tratamiento-adelgazante-p5\/\",\"url\":\"https:\/\/www.perseestetica.com\/index.php\/2021\/02\/08\/tratamiento-adelgazante-p5\/\",\"name\":\"Tratamiento adelgazante P5 - PER SE ESTETICA\",\"isPartOf\":{\"@id\":\"https:\/\/www.perseestetica.com\/#website\"},\"primaryImageOfPage\":{\"@id\":\"https:\/\/www.perseestetica.com\/index.php\/2021\/02\/08\/tratamiento-adelgazante-p5\/#primaryimage\"},\"image\":{\"@id\":\"https:\/\/www.perseestetica.com\/index.php\/2021\/02\/08\/tratamiento-adelgazante-p5\/#primaryimage\"},\"thumbnailUrl\":\"https:\/\/www.perseestetica.com\/wp-content\/uploads\/2021\/02\/base-P5.jpg\",\"datePublished\":\"2021-02-08T08:23:24+00:00\",\"dateModified\":\"2021-02-08T08:44:28+00:00\",\"author\":{\"@id\":\"https:\/\/www.perseestetica.com\/#\/schema\/person\/dffe0e7ffbd7bd2d4816f9bd4f643eff\"},\"breadcrumb\":{\"@id\":\"https:\/\/www.perseestetica.com\/index.php\/2021\/02\/08\/tratamiento-adelgazante-p5\/#breadcrumb\"},\"inLanguage\":\"es\",\"potentialAction\":[{\"@type\":\"ReadAction\",\"target\":[\"https:\/\/www.perseestetica.com\/index.php\/2021\/02\/08\/tratamiento-adelgazante-p5\/\"]}]},{\"@type\":\"ImageObject\",\"inLanguage\":\"es\",\"@id\":\"https:\/\/www.perseestetica.com\/index.php\/2021\/02\/08\/tratamiento-adelgazante-p5\/#primaryimage\",\"url\":\"https:\/\/www.perseestetica.com\/wp-content\/uploads\/2021\/02\/base-P5.jpg\",\"contentUrl\":\"https:\/\/www.perseestetica.com\/wp-content\/uploads\/2021\/02\/base-P5.jpg\",\"width\":1024,\"height\":675},{\"@type\":\"BreadcrumbList\",\"@id\":\"https:\/\/www.perseestetica.com\/index.php\/2021\/02\/08\/tratamiento-adelgazante-p5\/#breadcrumb\",\"itemListElement\":[{\"@type\":\"ListItem\",\"position\":1,\"name\":\"Portada\",\"item\":\"https:\/\/www.perseestetica.com\/\"},{\"@type\":\"ListItem\",\"position\":2,\"name\":\"Tratamiento adelgazante P5\"}]},{\"@type\":\"WebSite\",\"@id\":\"https:\/\/www.perseestetica.com\/#website\",\"url\":\"https:\/\/www.perseestetica.com\/\",\"name\":\"PER SE ESTETICA\",\"description\":\"Centro de est\u00e9tica y bienestar en Vitoria-Gasteiz\",\"potentialAction\":[{\"@type\":\"SearchAction\",\"target\":{\"@type\":\"EntryPoint\",\"urlTemplate\":\"https:\/\/www.perseestetica.com\/?s={search_term_string}\"},\"query-input\":{\"@type\":\"PropertyValueSpecification\",\"valueRequired\":true,\"valueName\":\"search_term_string\"}}],\"inLanguage\":\"es\"},{\"@type\":\"Person\",\"@id\":\"https:\/\/www.perseestetica.com\/#\/schema\/person\/dffe0e7ffbd7bd2d4816f9bd4f643eff\",\"name\":\"administraci\u00f3n\",\"image\":{\"@type\":\"ImageObject\",\"inLanguage\":\"es\",\"@id\":\"https:\/\/www.perseestetica.com\/#\/schema\/person\/image\/\",\"url\":\"https:\/\/secure.gravatar.com\/avatar\/c80723aa5a9a47fa5daf35d0805cde1198a8010870d2be18ca924fd80ffac640?s=96&d=mm&r=g\",\"contentUrl\":\"https:\/\/secure.gravatar.com\/avatar\/c80723aa5a9a47fa5daf35d0805cde1198a8010870d2be18ca924fd80ffac640?s=96&d=mm&r=g\",\"caption\":\"administraci\u00f3n\"},\"url\":\"https:\/\/www.perseestetica.com\/index.php\/author\/admin\/\"}]}<\/script>\n<!-- \/ Yoast SEO plugin. -->","yoast_head_json":{"title":"Tratamiento adelgazante P5 - PER SE ESTETICA","robots":{"index":"index","follow":"follow","max-snippet":"max-snippet:-1","max-image-preview":"max-image-preview:large","max-video-preview":"max-video-preview:-1"},"canonical":"https:\/\/www.perseestetica.com\/index.php\/2021\/02\/08\/tratamiento-adelgazante-p5\/","og_locale":"es_ES","og_type":"article","og_title":"Tratamiento adelgazante P5 - PER SE ESTETICA","og_description":"Disfruta de nuestro tratamiento corporal en cabina P5 de Phytomer. Reduce tus redondeces en tan solo 15 d\u00edas. Phytomer ha incorporado los ingredientes marinos m\u00e1s potentes para reducir las redondeces en su nueva f\u00f3rmula adelante: Loci\u00f3n P5. Su textura combina: [&hellip;]","og_url":"https:\/\/www.perseestetica.com\/index.php\/2021\/02\/08\/tratamiento-adelgazante-p5\/","og_site_name":"PER SE ESTETICA","article_published_time":"2021-02-08T08:23:24+00:00","article_modified_time":"2021-02-08T08:44:28+00:00","og_image":[{"width":1024,"height":675,"url":"https:\/\/www.perseestetica.com\/wp-content\/uploads\/2021\/02\/base-P5.jpg","type":"image\/jpeg"}],"author":"administraci\u00f3n","twitter_card":"summary_large_image","twitter_misc":{"Escrito por":"administraci\u00f3n","Tiempo de lectura":"1 minuto"},"schema":{"@context":"https:\/\/schema.org","@graph":[{"@type":"Article","@id":"https:\/\/www.perseestetica.com\/index.php\/2021\/02\/08\/tratamiento-adelgazante-p5\/#article","isPartOf":{"@id":"https:\/\/www.perseestetica.com\/index.php\/2021\/02\/08\/tratamiento-adelgazante-p5\/"},"author":{"name":"administraci\u00f3n","@id":"https:\/\/www.perseestetica.com\/#\/schema\/person\/dffe0e7ffbd7bd2d4816f9bd4f643eff"},"headline":"Tratamiento adelgazante P5","datePublished":"2021-02-08T08:23:24+00:00","dateModified":"2021-02-08T08:44:28+00:00","mainEntityOfPage":{"@id":"https:\/\/www.perseestetica.com\/index.php\/2021\/02\/08\/tratamiento-adelgazante-p5\/"},"wordCount":242,"commentCount":0,"image":{"@id":"https:\/\/www.perseestetica.com\/index.php\/2021\/02\/08\/tratamiento-adelgazante-p5\/#primaryimage"},"thumbnailUrl":"https:\/\/www.perseestetica.com\/wp-content\/uploads\/2021\/02\/base-P5.jpg","keywords":["#tratamientocorporal #tratamientoadegalzante #adelgazar #reducirvolumen #contralacelulitis #celulitis #tratamientoadelgazante #locionP5 #phytomer #tratamientosencabina #tratamientoP5"],"articleSection":["corporal","cosm\u00e9tica natural","noticias","PER SE","tratamiento"],"inLanguage":"es","potentialAction":[{"@type":"CommentAction","name":"Comment","target":["https:\/\/www.perseestetica.com\/index.php\/2021\/02\/08\/tratamiento-adelgazante-p5\/#respond"]}]},{"@type":"WebPage","@id":"https:\/\/www.perseestetica.com\/index.php\/2021\/02\/08\/tratamiento-adelgazante-p5\/","url":"https:\/\/www.perseestetica.com\/index.php\/2021\/02\/08\/tratamiento-adelgazante-p5\/","name":"Tratamiento adelgazante P5 - PER SE ESTETICA","isPartOf":{"@id":"https:\/\/www.perseestetica.com\/#website"},"primaryImageOfPage":{"@id":"https:\/\/www.perseestetica.com\/index.php\/2021\/02\/08\/tratamiento-adelgazante-p5\/#primaryimage"},"image":{"@id":"https:\/\/www.perseestetica.com\/index.php\/2021\/02\/08\/tratamiento-adelgazante-p5\/#primaryimage"},"thumbnailUrl":"https:\/\/www.perseestetica.com\/wp-content\/uploads\/2021\/02\/base-P5.jpg","datePublished":"2021-02-08T08:23:24+00:00","dateModified":"2021-02-08T08:44:28+00:00","author":{"@id":"https:\/\/www.perseestetica.com\/#\/schema\/person\/dffe0e7ffbd7bd2d4816f9bd4f643eff"},"breadcrumb":{"@id":"https:\/\/www.perseestetica.com\/index.php\/2021\/02\/08\/tratamiento-adelgazante-p5\/#breadcrumb"},"inLanguage":"es","potentialAction":[{"@type":"ReadAction","target":["https:\/\/www.perseestetica.com\/index.php\/2021\/02\/08\/tratamiento-adelgazante-p5\/"]}]},{"@type":"ImageObject","inLanguage":"es","@id":"https:\/\/www.perseestetica.com\/index.php\/2021\/02\/08\/tratamiento-adelgazante-p5\/#primaryimage","url":"https:\/\/www.perseestetica.com\/wp-content\/uploads\/2021\/02\/base-P5.jpg","contentUrl":"https:\/\/www.perseestetica.com\/wp-content\/uploads\/2021\/02\/base-P5.jpg","width":1024,"height":675},{"@type":"BreadcrumbList","@id":"https:\/\/www.perseestetica.com\/index.php\/2021\/02\/08\/tratamiento-adelgazante-p5\/#breadcrumb","itemListElement":[{"@type":"ListItem","position":1,"name":"Portada","item":"https:\/\/www.perseestetica.com\/"},{"@type":"ListItem","position":2,"name":"Tratamiento adelgazante P5"}]},{"@type":"WebSite","@id":"https:\/\/www.perseestetica.com\/#website","url":"https:\/\/www.perseestetica.com\/","name":"PER SE ESTETICA","description":"Centro de est\u00e9tica y bienestar en Vitoria-Gasteiz","potentialAction":[{"@type":"SearchAction","target":{"@type":"EntryPoint","urlTemplate":"https:\/\/www.perseestetica.com\/?s={search_term_string}"},"query-input":{"@type":"PropertyValueSpecification","valueRequired":true,"valueName":"search_term_string"}}],"inLanguage":"es"},{"@type":"Person","@id":"https:\/\/www.perseestetica.com\/#\/schema\/person\/dffe0e7ffbd7bd2d4816f9bd4f643eff","name":"administraci\u00f3n","image":{"@type":"ImageObject","inLanguage":"es","@id":"https:\/\/www.perseestetica.com\/#\/schema\/person\/image\/","url":"https:\/\/secure.gravatar.com\/avatar\/c80723aa5a9a47fa5daf35d0805cde1198a8010870d2be18ca924fd80ffac640?s=96&d=mm&r=g","contentUrl":"https:\/\/secure.gravatar.com\/avatar\/c80723aa5a9a47fa5daf35d0805cde1198a8010870d2be18ca924fd80ffac640?s=96&d=mm&r=g","caption":"administraci\u00f3n"},"url":"https:\/\/www.perseestetica.com\/index.php\/author\/admin\/"}]}},"_links":{"self":[{"href":"https:\/\/www.perseestetica.com\/index.php\/wp-json\/wp\/v2\/posts\/3686","targetHints":{"allow":["GET"]}}],"collection":[{"href":"https:\/\/www.perseestetica.com\/index.php\/wp-json\/wp\/v2\/posts"}],"about":[{"href":"https:\/\/www.perseestetica.com\/index.php\/wp-json\/wp\/v2\/types\/post"}],"author":[{"embeddable":true,"href":"https:\/\/www.perseestetica.com\/index.php\/wp-json\/wp\/v2\/users\/1"}],"replies":[{"embeddable":true,"href":"https:\/\/www.perseestetica.com\/index.php\/wp-json\/wp\/v2\/comments?post=3686"}],"version-history":[{"count":5,"href":"https:\/\/www.perseestetica.com\/index.php\/wp-json\/wp\/v2\/posts\/3686\/revisions"}],"predecessor-version":[{"id":3693,"href":"https:\/\/www.perseestetica.com\/index.php\/wp-json\/wp\/v2\/posts\/3686\/revisions\/3693"}],"wp:featuredmedia":[{"embeddable":true,"href":"https:\/\/www.perseestetica.com\/index.php\/wp-json\/wp\/v2\/media\/3688"}],"wp:attachment":[{"href":"https:\/\/www.perseestetica.com\/index.php\/wp-json\/wp\/v2\/media?parent=3686"}],"wp:term":[{"taxonomy":"category","embeddable":true,"href":"https:\/\/www.perseestetica.com\/index.php\/wp-json\/wp\/v2\/categories?post=3686"},{"taxonomy":"post_tag","embeddable":true,"href":"https:\/\/www.perseestetica.com\/index.php\/wp-json\/wp\/v2\/tags?post=3686"}],"curies":[{"name":"wp","href":"https:\/\/api.w.org\/{rel}","templated":true}]}}