{"id":3698,"date":"2021-05-01T09:00:31","date_gmt":"2021-05-01T09:00:31","guid":{"rendered":"https:\/\/www.perseestetica.com\/?p=3698"},"modified":"2021-04-26T16:01:02","modified_gmt":"2021-04-26T16:01:02","slug":"cuarto-pativersario-perse","status":"publish","type":"post","link":"https:\/\/www.perseestetica.com\/index.php\/2021\/05\/01\/cuarto-pativersario-perse\/","title":{"rendered":"CUArto PATIVERSARIO PERSE"},"content":{"rendered":"<p class=\"p1\"><span class=\"s1\">\u00a1Cumplimos 4 a\u00f1azos, queridas! Y queremos celebrarlo con vosotras porque, \u00bfqui\u00e9n, si no, hace posible que podamos seguir con nuestra granja abierta? Atentas, con un poco de suerte&#8230; podr\u00e9is conseguir un premio de lo m\u00e1s \u201crelajante\u201d.<\/span><\/p>\n<p class=\"p1\"><span class=\"s1\">Si pasas por el sal\u00f3n, rellena tu cup\u00f3n hasta el 31 de mayo y participa con tu ticket de compra en el sorteo de un \u201cMASAJE RELAJANTE CORPORAL\u201d que te pondr\u00e1 las plumas de punta.<\/span><\/p>\n<p class=\"p1\"><span class=\"s1\">Adem\u00e1s, para \u00abnuestras PATAS m\u00e1s face\u00bb (en Facebook) y nuestras PATAgramers (en Instagram), sorteamos otro \u00abMasaje relajante corporal\u00bb en cada una de nuestras RRSS.<\/span><\/p>\n<p class=\"p1\"><span class=\"s1\">\u00bfQu\u00e9 tienes que hacer? Pues muy f\u00e1cil. Hazte seguidora de PER SE esteticua en la red social en la que vayas a participar. All\u00ed publicaremos durante todo el mes de mayo varias im\u00e1genes en las que podr\u00e1s participar dando \u00abme gusta\u00bb. Recuerda: se elegir\u00e1 1 ganador por red social. El sorteo se realizar\u00e1 el 1 de junio y publicaremos los ganadores en nuestro blog y a trav\u00e9s de nuestras RRSS.<\/span><\/p>\n<p class=\"p1\"><span class=\"s1\">Si quieres, puedes invitar a una pata-amiga a unirse al sorteo para que as\u00ed pueda conocernos y hacer crecer nuestra granja\u00a0<i>online<\/i>.<\/span><\/p>\n<p class=\"p2\"><span class=\"s1\">Puedes consultar <a href=\"https:\/\/www.perseestetica.com\/wp-content\/uploads\/2021\/04\/BASES-2021.pdf\">las bases de la promoci\u00f3n aqu\u00ed.<\/a><\/span><\/p>\n","protected":false},"excerpt":{"rendered":"<p>\u00a1Cumplimos 4 a\u00f1azos, queridas! Y queremos celebrarlo con vosotras porque, \u00bfqui\u00e9n, si no, hace posible que podamos seguir con nuestra granja abierta? Atentas, con un poco de suerte&#8230; podr\u00e9is conseguir un premio de lo m\u00e1s \u201crelajante\u201d. Si pasas por el [&hellip;]<\/p>\n","protected":false},"author":1,"featured_media":3699,"comment_status":"open","ping_status":"open","sticky":false,"template":"","format":"standard","meta":{"footnotes":""},"categories":[125,117,118,126],"tags":[196],"class_list":["post-3698","post","type-post","status-publish","format-standard","has-post-thumbnail","hentry","category-noticias","category-per-se","category-promociones","category-tratamiento","tag-promocion-masaje-corporal-sorteo-aniversario-centrodestetica-belleza-bienestar-masajecorporal-masajeregalo-cuartoaniversario-pativersario"],"yoast_head":"<!-- This site is optimized with the Yoast SEO plugin v27.0 - https:\/\/yoast.com\/product\/yoast-seo-wordpress\/ -->\n<title>CUArto PATIVERSARIO PERSE - PER SE ESTETICA<\/title>\n<meta name=\"robots\" content=\"index, follow, max-snippet:-1, max-image-preview:large, max-video-preview:-1\" \/>\n<link rel=\"canonical\" href=\"https:\/\/www.perseestetica.com\/index.php\/2021\/05\/01\/cuarto-pativersario-perse\/\" \/>\n<meta property=\"og:locale\" content=\"es_ES\" \/>\n<meta property=\"og:type\" content=\"article\" \/>\n<meta property=\"og:title\" content=\"CUArto PATIVERSARIO PERSE - PER SE ESTETICA\" \/>\n<meta property=\"og:description\" content=\"\u00a1Cumplimos 4 a\u00f1azos, queridas! Y queremos celebrarlo con vosotras porque, \u00bfqui\u00e9n, si no, hace posible que podamos seguir con nuestra granja abierta? Atentas, con un poco de suerte&#8230; podr\u00e9is conseguir un premio de lo m\u00e1s \u201crelajante\u201d. Si pasas por el [&hellip;]\" \/>\n<meta property=\"og:url\" content=\"https:\/\/www.perseestetica.com\/index.php\/2021\/05\/01\/cuarto-pativersario-perse\/\" \/>\n<meta property=\"og:site_name\" content=\"PER SE ESTETICA\" \/>\n<meta property=\"article:published_time\" content=\"2021-05-01T09:00:31+00:00\" \/>\n<meta property=\"og:image\" content=\"https:\/\/www.perseestetica.com\/wp-content\/uploads\/2021\/04\/BLOG-4ANI-interior.jpg\" \/>\n\t<meta property=\"og:image:width\" content=\"1024\" \/>\n\t<meta property=\"og:image:height\" content=\"675\" \/>\n\t<meta property=\"og:image:type\" content=\"image\/jpeg\" \/>\n<meta name=\"author\" content=\"administraci\u00f3n\" \/>\n<meta name=\"twitter:card\" content=\"summary_large_image\" \/>\n<meta name=\"twitter:label1\" content=\"Escrito por\" \/>\n\t<meta name=\"twitter:data1\" content=\"administraci\u00f3n\" \/>\n\t<meta name=\"twitter:label2\" content=\"Tiempo de lectura\" \/>\n\t<meta name=\"twitter:data2\" content=\"1 minuto\" \/>\n<script type=\"application\/ld+json\" class=\"yoast-schema-graph\">{\"@context\":\"https:\/\/schema.org\",\"@graph\":[{\"@type\":\"Article\",\"@id\":\"https:\/\/www.perseestetica.com\/index.php\/2021\/05\/01\/cuarto-pativersario-perse\/#article\",\"isPartOf\":{\"@id\":\"https:\/\/www.perseestetica.com\/index.php\/2021\/05\/01\/cuarto-pativersario-perse\/\"},\"author\":{\"name\":\"administraci\u00f3n\",\"@id\":\"https:\/\/www.perseestetica.com\/#\/schema\/person\/dffe0e7ffbd7bd2d4816f9bd4f643eff\"},\"headline\":\"CUArto PATIVERSARIO PERSE\",\"datePublished\":\"2021-05-01T09:00:31+00:00\",\"mainEntityOfPage\":{\"@id\":\"https:\/\/www.perseestetica.com\/index.php\/2021\/05\/01\/cuarto-pativersario-perse\/\"},\"wordCount\":207,\"commentCount\":0,\"image\":{\"@id\":\"https:\/\/www.perseestetica.com\/index.php\/2021\/05\/01\/cuarto-pativersario-perse\/#primaryimage\"},\"thumbnailUrl\":\"https:\/\/www.perseestetica.com\/wp-content\/uploads\/2021\/04\/BLOG-4ANI-interior.jpg\",\"keywords\":[\"#promoci\u00f3n #masaje #corporal #sorteo #aniversario #centrodest\u00e9tica #belleza #bienestar #masajecorporal #masajeregalo #cuartoaniversario #pativersario\"],\"articleSection\":[\"noticias\",\"PER SE\",\"promociones\",\"tratamiento\"],\"inLanguage\":\"es\",\"potentialAction\":[{\"@type\":\"CommentAction\",\"name\":\"Comment\",\"target\":[\"https:\/\/www.perseestetica.com\/index.php\/2021\/05\/01\/cuarto-pativersario-perse\/#respond\"]}]},{\"@type\":\"WebPage\",\"@id\":\"https:\/\/www.perseestetica.com\/index.php\/2021\/05\/01\/cuarto-pativersario-perse\/\",\"url\":\"https:\/\/www.perseestetica.com\/index.php\/2021\/05\/01\/cuarto-pativersario-perse\/\",\"name\":\"CUArto PATIVERSARIO PERSE - PER SE ESTETICA\",\"isPartOf\":{\"@id\":\"https:\/\/www.perseestetica.com\/#website\"},\"primaryImageOfPage\":{\"@id\":\"https:\/\/www.perseestetica.com\/index.php\/2021\/05\/01\/cuarto-pativersario-perse\/#primaryimage\"},\"image\":{\"@id\":\"https:\/\/www.perseestetica.com\/index.php\/2021\/05\/01\/cuarto-pativersario-perse\/#primaryimage\"},\"thumbnailUrl\":\"https:\/\/www.perseestetica.com\/wp-content\/uploads\/2021\/04\/BLOG-4ANI-interior.jpg\",\"datePublished\":\"2021-05-01T09:00:31+00:00\",\"author\":{\"@id\":\"https:\/\/www.perseestetica.com\/#\/schema\/person\/dffe0e7ffbd7bd2d4816f9bd4f643eff\"},\"breadcrumb\":{\"@id\":\"https:\/\/www.perseestetica.com\/index.php\/2021\/05\/01\/cuarto-pativersario-perse\/#breadcrumb\"},\"inLanguage\":\"es\",\"potentialAction\":[{\"@type\":\"ReadAction\",\"target\":[\"https:\/\/www.perseestetica.com\/index.php\/2021\/05\/01\/cuarto-pativersario-perse\/\"]}]},{\"@type\":\"ImageObject\",\"inLanguage\":\"es\",\"@id\":\"https:\/\/www.perseestetica.com\/index.php\/2021\/05\/01\/cuarto-pativersario-perse\/#primaryimage\",\"url\":\"https:\/\/www.perseestetica.com\/wp-content\/uploads\/2021\/04\/BLOG-4ANI-interior.jpg\",\"contentUrl\":\"https:\/\/www.perseestetica.com\/wp-content\/uploads\/2021\/04\/BLOG-4ANI-interior.jpg\",\"width\":1024,\"height\":675},{\"@type\":\"BreadcrumbList\",\"@id\":\"https:\/\/www.perseestetica.com\/index.php\/2021\/05\/01\/cuarto-pativersario-perse\/#breadcrumb\",\"itemListElement\":[{\"@type\":\"ListItem\",\"position\":1,\"name\":\"Portada\",\"item\":\"https:\/\/www.perseestetica.com\/\"},{\"@type\":\"ListItem\",\"position\":2,\"name\":\"CUArto PATIVERSARIO PERSE\"}]},{\"@type\":\"WebSite\",\"@id\":\"https:\/\/www.perseestetica.com\/#website\",\"url\":\"https:\/\/www.perseestetica.com\/\",\"name\":\"PER SE ESTETICA\",\"description\":\"Centro de est\u00e9tica y bienestar en Vitoria-Gasteiz\",\"potentialAction\":[{\"@type\":\"SearchAction\",\"target\":{\"@type\":\"EntryPoint\",\"urlTemplate\":\"https:\/\/www.perseestetica.com\/?s={search_term_string}\"},\"query-input\":{\"@type\":\"PropertyValueSpecification\",\"valueRequired\":true,\"valueName\":\"search_term_string\"}}],\"inLanguage\":\"es\"},{\"@type\":\"Person\",\"@id\":\"https:\/\/www.perseestetica.com\/#\/schema\/person\/dffe0e7ffbd7bd2d4816f9bd4f643eff\",\"name\":\"administraci\u00f3n\",\"image\":{\"@type\":\"ImageObject\",\"inLanguage\":\"es\",\"@id\":\"https:\/\/www.perseestetica.com\/#\/schema\/person\/image\/\",\"url\":\"https:\/\/secure.gravatar.com\/avatar\/c80723aa5a9a47fa5daf35d0805cde1198a8010870d2be18ca924fd80ffac640?s=96&d=mm&r=g\",\"contentUrl\":\"https:\/\/secure.gravatar.com\/avatar\/c80723aa5a9a47fa5daf35d0805cde1198a8010870d2be18ca924fd80ffac640?s=96&d=mm&r=g\",\"caption\":\"administraci\u00f3n\"},\"url\":\"https:\/\/www.perseestetica.com\/index.php\/author\/admin\/\"}]}<\/script>\n<!-- \/ Yoast SEO plugin. -->","yoast_head_json":{"title":"CUArto PATIVERSARIO PERSE - PER SE ESTETICA","robots":{"index":"index","follow":"follow","max-snippet":"max-snippet:-1","max-image-preview":"max-image-preview:large","max-video-preview":"max-video-preview:-1"},"canonical":"https:\/\/www.perseestetica.com\/index.php\/2021\/05\/01\/cuarto-pativersario-perse\/","og_locale":"es_ES","og_type":"article","og_title":"CUArto PATIVERSARIO PERSE - PER SE ESTETICA","og_description":"\u00a1Cumplimos 4 a\u00f1azos, queridas! Y queremos celebrarlo con vosotras porque, \u00bfqui\u00e9n, si no, hace posible que podamos seguir con nuestra granja abierta? Atentas, con un poco de suerte&#8230; podr\u00e9is conseguir un premio de lo m\u00e1s \u201crelajante\u201d. Si pasas por el [&hellip;]","og_url":"https:\/\/www.perseestetica.com\/index.php\/2021\/05\/01\/cuarto-pativersario-perse\/","og_site_name":"PER SE ESTETICA","article_published_time":"2021-05-01T09:00:31+00:00","og_image":[{"width":1024,"height":675,"url":"https:\/\/www.perseestetica.com\/wp-content\/uploads\/2021\/04\/BLOG-4ANI-interior.jpg","type":"image\/jpeg"}],"author":"administraci\u00f3n","twitter_card":"summary_large_image","twitter_misc":{"Escrito por":"administraci\u00f3n","Tiempo de lectura":"1 minuto"},"schema":{"@context":"https:\/\/schema.org","@graph":[{"@type":"Article","@id":"https:\/\/www.perseestetica.com\/index.php\/2021\/05\/01\/cuarto-pativersario-perse\/#article","isPartOf":{"@id":"https:\/\/www.perseestetica.com\/index.php\/2021\/05\/01\/cuarto-pativersario-perse\/"},"author":{"name":"administraci\u00f3n","@id":"https:\/\/www.perseestetica.com\/#\/schema\/person\/dffe0e7ffbd7bd2d4816f9bd4f643eff"},"headline":"CUArto PATIVERSARIO PERSE","datePublished":"2021-05-01T09:00:31+00:00","mainEntityOfPage":{"@id":"https:\/\/www.perseestetica.com\/index.php\/2021\/05\/01\/cuarto-pativersario-perse\/"},"wordCount":207,"commentCount":0,"image":{"@id":"https:\/\/www.perseestetica.com\/index.php\/2021\/05\/01\/cuarto-pativersario-perse\/#primaryimage"},"thumbnailUrl":"https:\/\/www.perseestetica.com\/wp-content\/uploads\/2021\/04\/BLOG-4ANI-interior.jpg","keywords":["#promoci\u00f3n #masaje #corporal #sorteo #aniversario #centrodest\u00e9tica #belleza #bienestar #masajecorporal #masajeregalo #cuartoaniversario #pativersario"],"articleSection":["noticias","PER SE","promociones","tratamiento"],"inLanguage":"es","potentialAction":[{"@type":"CommentAction","name":"Comment","target":["https:\/\/www.perseestetica.com\/index.php\/2021\/05\/01\/cuarto-pativersario-perse\/#respond"]}]},{"@type":"WebPage","@id":"https:\/\/www.perseestetica.com\/index.php\/2021\/05\/01\/cuarto-pativersario-perse\/","url":"https:\/\/www.perseestetica.com\/index.php\/2021\/05\/01\/cuarto-pativersario-perse\/","name":"CUArto PATIVERSARIO PERSE - PER SE ESTETICA","isPartOf":{"@id":"https:\/\/www.perseestetica.com\/#website"},"primaryImageOfPage":{"@id":"https:\/\/www.perseestetica.com\/index.php\/2021\/05\/01\/cuarto-pativersario-perse\/#primaryimage"},"image":{"@id":"https:\/\/www.perseestetica.com\/index.php\/2021\/05\/01\/cuarto-pativersario-perse\/#primaryimage"},"thumbnailUrl":"https:\/\/www.perseestetica.com\/wp-content\/uploads\/2021\/04\/BLOG-4ANI-interior.jpg","datePublished":"2021-05-01T09:00:31+00:00","author":{"@id":"https:\/\/www.perseestetica.com\/#\/schema\/person\/dffe0e7ffbd7bd2d4816f9bd4f643eff"},"breadcrumb":{"@id":"https:\/\/www.perseestetica.com\/index.php\/2021\/05\/01\/cuarto-pativersario-perse\/#breadcrumb"},"inLanguage":"es","potentialAction":[{"@type":"ReadAction","target":["https:\/\/www.perseestetica.com\/index.php\/2021\/05\/01\/cuarto-pativersario-perse\/"]}]},{"@type":"ImageObject","inLanguage":"es","@id":"https:\/\/www.perseestetica.com\/index.php\/2021\/05\/01\/cuarto-pativersario-perse\/#primaryimage","url":"https:\/\/www.perseestetica.com\/wp-content\/uploads\/2021\/04\/BLOG-4ANI-interior.jpg","contentUrl":"https:\/\/www.perseestetica.com\/wp-content\/uploads\/2021\/04\/BLOG-4ANI-interior.jpg","width":1024,"height":675},{"@type":"BreadcrumbList","@id":"https:\/\/www.perseestetica.com\/index.php\/2021\/05\/01\/cuarto-pativersario-perse\/#breadcrumb","itemListElement":[{"@type":"ListItem","position":1,"name":"Portada","item":"https:\/\/www.perseestetica.com\/"},{"@type":"ListItem","position":2,"name":"CUArto PATIVERSARIO PERSE"}]},{"@type":"WebSite","@id":"https:\/\/www.perseestetica.com\/#website","url":"https:\/\/www.perseestetica.com\/","name":"PER SE ESTETICA","description":"Centro de est\u00e9tica y bienestar en Vitoria-Gasteiz","potentialAction":[{"@type":"SearchAction","target":{"@type":"EntryPoint","urlTemplate":"https:\/\/www.perseestetica.com\/?s={search_term_string}"},"query-input":{"@type":"PropertyValueSpecification","valueRequired":true,"valueName":"search_term_string"}}],"inLanguage":"es"},{"@type":"Person","@id":"https:\/\/www.perseestetica.com\/#\/schema\/person\/dffe0e7ffbd7bd2d4816f9bd4f643eff","name":"administraci\u00f3n","image":{"@type":"ImageObject","inLanguage":"es","@id":"https:\/\/www.perseestetica.com\/#\/schema\/person\/image\/","url":"https:\/\/secure.gravatar.com\/avatar\/c80723aa5a9a47fa5daf35d0805cde1198a8010870d2be18ca924fd80ffac640?s=96&d=mm&r=g","contentUrl":"https:\/\/secure.gravatar.com\/avatar\/c80723aa5a9a47fa5daf35d0805cde1198a8010870d2be18ca924fd80ffac640?s=96&d=mm&r=g","caption":"administraci\u00f3n"},"url":"https:\/\/www.perseestetica.com\/index.php\/author\/admin\/"}]}},"_links":{"self":[{"href":"https:\/\/www.perseestetica.com\/index.php\/wp-json\/wp\/v2\/posts\/3698","targetHints":{"allow":["GET"]}}],"collection":[{"href":"https:\/\/www.perseestetica.com\/index.php\/wp-json\/wp\/v2\/posts"}],"about":[{"href":"https:\/\/www.perseestetica.com\/index.php\/wp-json\/wp\/v2\/types\/post"}],"author":[{"embeddable":true,"href":"https:\/\/www.perseestetica.com\/index.php\/wp-json\/wp\/v2\/users\/1"}],"replies":[{"embeddable":true,"href":"https:\/\/www.perseestetica.com\/index.php\/wp-json\/wp\/v2\/comments?post=3698"}],"version-history":[{"count":2,"href":"https:\/\/www.perseestetica.com\/index.php\/wp-json\/wp\/v2\/posts\/3698\/revisions"}],"predecessor-version":[{"id":3702,"href":"https:\/\/www.perseestetica.com\/index.php\/wp-json\/wp\/v2\/posts\/3698\/revisions\/3702"}],"wp:featuredmedia":[{"embeddable":true,"href":"https:\/\/www.perseestetica.com\/index.php\/wp-json\/wp\/v2\/media\/3699"}],"wp:attachment":[{"href":"https:\/\/www.perseestetica.com\/index.php\/wp-json\/wp\/v2\/media?parent=3698"}],"wp:term":[{"taxonomy":"category","embeddable":true,"href":"https:\/\/www.perseestetica.com\/index.php\/wp-json\/wp\/v2\/categories?post=3698"},{"taxonomy":"post_tag","embeddable":true,"href":"https:\/\/www.perseestetica.com\/index.php\/wp-json\/wp\/v2\/tags?post=3698"}],"curies":[{"name":"wp","href":"https:\/\/api.w.org\/{rel}","templated":true}]}}