{"id":3752,"date":"2021-11-03T14:57:33","date_gmt":"2021-11-03T14:57:33","guid":{"rendered":"https:\/\/www.perseestetica.com\/?p=3752"},"modified":"2022-01-10T17:58:04","modified_gmt":"2022-01-10T17:58:04","slug":"pack-regalo","status":"publish","type":"post","link":"https:\/\/www.perseestetica.com\/index.php\/2021\/11\/03\/pack-regalo\/","title":{"rendered":"PACK REGALO"},"content":{"rendered":"<p>Este a\u00f1o en #PERSEestetica nos adelantamos a la Navidad \u00a1Ya est\u00e1n aqu\u00ed los cofres de regalo m\u00e1s esperados!<\/p>\n<p>En formato pack para regalar o autorregalarte. Hay 4 packs disponibles:<\/p>\n<p>1.- Pack Vie Collection. Pack antiarrugas.<br \/>\nContiene la crema ultra suavizante CHRONO RIDES y la crema para las ojeras y bolsas, CHRONO YEUX.<br \/>\nChrono Rides lanza la ofensiva contra las arrugas con una f\u00f3rmula sofisticada concentrada en ingredientes activos de referencia en medicina est\u00e9tica.\u00a0Esta crema ultra suave, con una textura ligera y un acabado imperceptible, entrena la piel en diferentes etapas cronol\u00f3gicas del envejecimiento.\u00a0Marcas de deshidrataci\u00f3n, cansancio y arrugas de la edad: una acci\u00f3n espec\u00edfica sobre los signos del tiempo para una piel suave y una cara cansada.<br \/>\nChrono Yeux, crema antiarrugas, ojeras e hinchaz\u00f3n. Combina la actuaci\u00f3n de tres ingredientes dermocosm\u00e9ticos para actuar visiblemente sobre arrugas, ojeras e hinchaz\u00f3n.\u00a0En 1 minuto *, el aspecto se suaviza.\u00a0En 1 semana *, los signos de fatiga se reducen.\u00a0En 1 mes ** se reduce la aparici\u00f3n de arrugas, ojeras y bolsas.<\/p>\n<p><img loading=\"lazy\" decoding=\"async\" src=\"https:\/\/www.perseestetica.com\/wp-content\/uploads\/2021\/11\/VIE-01.jpg\" alt=\"\" width=\"1080\" height=\"1080\" class=\"aligncenter size-full wp-image-3756\" srcset=\"https:\/\/www.perseestetica.com\/wp-content\/uploads\/2021\/11\/VIE-01.jpg 1080w, https:\/\/www.perseestetica.com\/wp-content\/uploads\/2021\/11\/VIE-01-300x300.jpg 300w, https:\/\/www.perseestetica.com\/wp-content\/uploads\/2021\/11\/VIE-01-1024x1024.jpg 1024w, https:\/\/www.perseestetica.com\/wp-content\/uploads\/2021\/11\/VIE-01-150x150.jpg 150w, https:\/\/www.perseestetica.com\/wp-content\/uploads\/2021\/11\/VIE-01-768x768.jpg 768w, https:\/\/www.perseestetica.com\/wp-content\/uploads\/2021\/11\/VIE-01-550x550.jpg 550w, https:\/\/www.perseestetica.com\/wp-content\/uploads\/2021\/11\/VIE-01-600x600.jpg 600w, https:\/\/www.perseestetica.com\/wp-content\/uploads\/2021\/11\/VIE-01-100x100.jpg 100w\" sizes=\"auto, (max-width: 1080px) 100vw, 1080px\" \/><\/p>\n<p>2.- Pack Expert Jeunesse de Phytomer.<br \/>\nContiene la crema correctora de arrugas, Expert Jeunesse y la crema exfoliaste Scrub Marin.<br \/>\nExpert Jeunesse los estudios de investigaci\u00f3n de phytomer desarrollan SEASTEM componente principal de Expert Jeunesse. Asociaci\u00f3n de mol\u00e9culas marinas procedentes de las algas laminarias obtenido a partir de un proceso biotecnol\u00f3gico patentado. Seastem es capaz de regenerar las c\u00e9lulas madre de las algas y crear, as\u00ed, una nueva materia algal. Se utiliza el poder de Seastem  para optimizar el funcionamiento de las c\u00e9lulas madre cut\u00e1neas para corregir las arrugas de la piel.<br \/>\nScrub marin, esta rica crema exfoliante limpia suavemente y exfolia la piel para revelar una piel m\u00e1s clara y m\u00e1s suave. Con el uso, la textura de la piel se afina y la tez est\u00e1 radiante.<\/p>\n<p><img loading=\"lazy\" decoding=\"async\" src=\"https:\/\/www.perseestetica.com\/wp-content\/uploads\/2021\/11\/VIE-04.jpg\" alt=\"\" width=\"1080\" height=\"1080\" class=\"aligncenter size-full wp-image-3762\" srcset=\"https:\/\/www.perseestetica.com\/wp-content\/uploads\/2021\/11\/VIE-04.jpg 1080w, https:\/\/www.perseestetica.com\/wp-content\/uploads\/2021\/11\/VIE-04-300x300.jpg 300w, https:\/\/www.perseestetica.com\/wp-content\/uploads\/2021\/11\/VIE-04-1024x1024.jpg 1024w, https:\/\/www.perseestetica.com\/wp-content\/uploads\/2021\/11\/VIE-04-150x150.jpg 150w, https:\/\/www.perseestetica.com\/wp-content\/uploads\/2021\/11\/VIE-04-768x768.jpg 768w, https:\/\/www.perseestetica.com\/wp-content\/uploads\/2021\/11\/VIE-04-550x550.jpg 550w, https:\/\/www.perseestetica.com\/wp-content\/uploads\/2021\/11\/VIE-04-600x600.jpg 600w, https:\/\/www.perseestetica.com\/wp-content\/uploads\/2021\/11\/VIE-04-100x100.jpg 100w\" sizes=\"auto, (max-width: 1080px) 100vw, 1080px\" \/><\/p>\n<p>3.- Pack Hydra Originel de Phytomer.<br \/>\nContiene la crema  hidratante, Hydra Originel y el exfoliante Peeling V\u00e9g\u00e9tal.\u2028Hydra Originel. La alta hidrataci\u00f3n para una piel radiante, jugosa, llena de vida, m\u00e1s resplandeciente que nunca y m\u00e1s en \u00e9pocas de fr\u00edo, la piel necesita un extra de hidrataci\u00f3n para que se vea m\u00e1s joven, m\u00e1s luminosa, con esa idea nace Hydra Originel de @phytomer, una joya de hidrataci\u00f3n intensiva que ba\u00f1a todas las capas de la piel. Esta crema deliciosa proporciona una hidrataci\u00f3n intensa y duradera para una piel c\u00f3moda, visiblemente rellenada y radiante.<br \/>\nPeeling Vegetal. Exfoliante con enzimas naturales. La suave textura y acci\u00f3n de este exfoliante se adapta incluso a la piel m\u00e1s sensible. Elimina las impurezas y refina la textura de la piel.\u00a0Exfoliaci\u00f3n enzim\u00e1tica muy suave, ideal para las pieles m\u00e1s sensibles.<br \/>\nIdeal para las pieles maduras y para las pieles sensibles. Se utiliza de 1 a 2 veces por semana. Se aplica como una mascarilla en el rostro y el cuello evitando el contorno de los ojos. R\u00e1pido, con un tiempo de actuaci\u00f3n corto de 5 minutos. Aclarar.<\/p>\n<p><img loading=\"lazy\" decoding=\"async\" src=\"https:\/\/www.perseestetica.com\/wp-content\/uploads\/2021\/11\/VIE-06.jpg\" alt=\"\" width=\"1080\" height=\"1080\" class=\"aligncenter size-full wp-image-3763\" srcset=\"https:\/\/www.perseestetica.com\/wp-content\/uploads\/2021\/11\/VIE-06.jpg 1080w, https:\/\/www.perseestetica.com\/wp-content\/uploads\/2021\/11\/VIE-06-300x300.jpg 300w, https:\/\/www.perseestetica.com\/wp-content\/uploads\/2021\/11\/VIE-06-1024x1024.jpg 1024w, https:\/\/www.perseestetica.com\/wp-content\/uploads\/2021\/11\/VIE-06-150x150.jpg 150w, https:\/\/www.perseestetica.com\/wp-content\/uploads\/2021\/11\/VIE-06-768x768.jpg 768w, https:\/\/www.perseestetica.com\/wp-content\/uploads\/2021\/11\/VIE-06-550x550.jpg 550w, https:\/\/www.perseestetica.com\/wp-content\/uploads\/2021\/11\/VIE-06-600x600.jpg 600w, https:\/\/www.perseestetica.com\/wp-content\/uploads\/2021\/11\/VIE-06-100x100.jpg 100w\" sizes=\"auto, (max-width: 1080px) 100vw, 1080px\" \/><\/p>\n<p>4.- Cyfloia Bio de Phytomer.<br \/>\nContiene la crema Hydra-Comforting Radiance y crema Exfoliante Luminosidad.<br \/>\nCrema hidratante reconfortante para el resplandor. Phytomer apuesta por la piel y el mar con su l\u00ednea facial esencial Cyfolia Bio, certificada por Ecocert.\u00a0Su alga org\u00e1nica Cyfolia, cultivada en Breta\u00f1a, confiere al cutis todo su resplandor y luminosidad. La crema Hydra-Comforting Radiance envuelve la piel con comodidad, hidrataci\u00f3n y luminosidad.\u00a0Su textura capullo deposita sobre la piel acordes frescos y vegetales de aloe vera, rosa y madera de cedro realzados por una nota especiada alrededor de las bayas de pimienta rosa.\u00a0D\u00eda tras d\u00eda, la piel es m\u00e1s luminosa, confortable y visiblemente m\u00e1s bella.<br \/>\nCrema Exfoliante Luminosidad. Phytomer apuesta por la piel y el mar con su l\u00ednea facial esencial Cyfolia Bio, certificada por Ecocert. Su alga org\u00e1nica Cyfolia, cultivada en Breta\u00f1a, confiere al cutis todo su resplandor y luminosidad. La Crema Exfoliante Radiance, rociada con part\u00edculas exfoliantes naturales de nueces de arg\u00e1n org\u00e1nico y semillas de granada org\u00e1nica, exfolia suavemente la piel. Su textura cremosa le confiere confort y lo envuelve en acordes frescos y vegetales de aloe vera, rosa y madera de cedro realzados por una nota especiada alrededor de las bayas de pimienta rosa. D\u00eda tras d\u00eda, la piel est\u00e1 visiblemente m\u00e1s tersa, suave y luminosa.<\/p>\n<p><img loading=\"lazy\" decoding=\"async\" src=\"https:\/\/www.perseestetica.com\/wp-content\/uploads\/2021\/11\/VIE-08.jpg\" alt=\"\" width=\"1080\" height=\"1080\" class=\"aligncenter size-full wp-image-3764\" srcset=\"https:\/\/www.perseestetica.com\/wp-content\/uploads\/2021\/11\/VIE-08.jpg 1080w, https:\/\/www.perseestetica.com\/wp-content\/uploads\/2021\/11\/VIE-08-300x300.jpg 300w, https:\/\/www.perseestetica.com\/wp-content\/uploads\/2021\/11\/VIE-08-1024x1024.jpg 1024w, https:\/\/www.perseestetica.com\/wp-content\/uploads\/2021\/11\/VIE-08-150x150.jpg 150w, https:\/\/www.perseestetica.com\/wp-content\/uploads\/2021\/11\/VIE-08-768x768.jpg 768w, https:\/\/www.perseestetica.com\/wp-content\/uploads\/2021\/11\/VIE-08-550x550.jpg 550w, https:\/\/www.perseestetica.com\/wp-content\/uploads\/2021\/11\/VIE-08-600x600.jpg 600w, https:\/\/www.perseestetica.com\/wp-content\/uploads\/2021\/11\/VIE-08-100x100.jpg 100w\" sizes=\"auto, (max-width: 1080px) 100vw, 1080px\" \/><\/p>\n<p>Si eres una pata lista, \u00a1Adelanta tus compras de Navidad!<br \/>\nUtiliza el Bono Denda y ahorra dinerito. <\/p>\n<p>* Date prisa porque tenemos los packs contados. Hasta fin de existencias.<\/p>\n","protected":false},"excerpt":{"rendered":"<p>Este a\u00f1o en #PERSEestetica nos adelantamos a la Navidad \u00a1Ya est\u00e1n aqu\u00ed los cofres de regalo m\u00e1s esperados! En formato pack para regalar o autorregalarte. Hay 4 packs disponibles: 1.- Pack Vie Collection. Pack antiarrugas. Contiene la crema ultra suavizante [&hellip;]<\/p>\n","protected":false},"author":1,"featured_media":3754,"comment_status":"closed","ping_status":"closed","sticky":false,"template":"","format":"standard","meta":{"footnotes":""},"categories":[120,119,125,15,117,118],"tags":[223],"class_list":["post-3752","post","type-post","status-publish","format-standard","has-post-thumbnail","hentry","category-cosmetica-natural","category-facial","category-noticias","category-organic","category-per-se","category-promociones","tag-cofresregalo-regalosdenavidad-packregalos-autorregalo-phytomer-bio-organic-cyfolia-antiarrugas-exfoliante"],"yoast_head":"<!-- This site is optimized with the Yoast SEO plugin v27.0 - https:\/\/yoast.com\/product\/yoast-seo-wordpress\/ -->\n<title>PACK REGALO - PER SE ESTETICA<\/title>\n<meta name=\"robots\" content=\"index, follow, max-snippet:-1, max-image-preview:large, max-video-preview:-1\" \/>\n<link rel=\"canonical\" href=\"https:\/\/www.perseestetica.com\/index.php\/2021\/11\/03\/pack-regalo\/\" \/>\n<meta property=\"og:locale\" content=\"es_ES\" \/>\n<meta property=\"og:type\" content=\"article\" \/>\n<meta property=\"og:title\" content=\"PACK REGALO - PER SE ESTETICA\" \/>\n<meta property=\"og:description\" content=\"Este a\u00f1o en #PERSEestetica nos adelantamos a la Navidad \u00a1Ya est\u00e1n aqu\u00ed los cofres de regalo m\u00e1s esperados! En formato pack para regalar o autorregalarte. Hay 4 packs disponibles: 1.- Pack Vie Collection. Pack antiarrugas. Contiene la crema ultra suavizante [&hellip;]\" \/>\n<meta property=\"og:url\" content=\"https:\/\/www.perseestetica.com\/index.php\/2021\/11\/03\/pack-regalo\/\" \/>\n<meta property=\"og:site_name\" content=\"PER SE ESTETICA\" \/>\n<meta property=\"article:published_time\" content=\"2021-11-03T14:57:33+00:00\" \/>\n<meta property=\"article:modified_time\" content=\"2022-01-10T17:58:04+00:00\" \/>\n<meta property=\"og:image\" content=\"https:\/\/www.perseestetica.com\/wp-content\/uploads\/2021\/11\/Cofres-portada.jpg\" \/>\n\t<meta property=\"og:image:width\" content=\"1024\" \/>\n\t<meta property=\"og:image:height\" content=\"675\" \/>\n\t<meta property=\"og:image:type\" content=\"image\/jpeg\" \/>\n<meta name=\"author\" content=\"administraci\u00f3n\" \/>\n<meta name=\"twitter:card\" content=\"summary_large_image\" \/>\n<meta name=\"twitter:label1\" content=\"Escrito por\" \/>\n\t<meta name=\"twitter:data1\" content=\"administraci\u00f3n\" \/>\n\t<meta name=\"twitter:label2\" content=\"Tiempo de lectura\" \/>\n\t<meta name=\"twitter:data2\" content=\"4 minutos\" \/>\n<script type=\"application\/ld+json\" class=\"yoast-schema-graph\">{\"@context\":\"https:\/\/schema.org\",\"@graph\":[{\"@type\":\"Article\",\"@id\":\"https:\/\/www.perseestetica.com\/index.php\/2021\/11\/03\/pack-regalo\/#article\",\"isPartOf\":{\"@id\":\"https:\/\/www.perseestetica.com\/index.php\/2021\/11\/03\/pack-regalo\/\"},\"author\":{\"name\":\"administraci\u00f3n\",\"@id\":\"https:\/\/www.perseestetica.com\/#\/schema\/person\/dffe0e7ffbd7bd2d4816f9bd4f643eff\"},\"headline\":\"PACK REGALO\",\"datePublished\":\"2021-11-03T14:57:33+00:00\",\"dateModified\":\"2022-01-10T17:58:04+00:00\",\"mainEntityOfPage\":{\"@id\":\"https:\/\/www.perseestetica.com\/index.php\/2021\/11\/03\/pack-regalo\/\"},\"wordCount\":777,\"image\":{\"@id\":\"https:\/\/www.perseestetica.com\/index.php\/2021\/11\/03\/pack-regalo\/#primaryimage\"},\"thumbnailUrl\":\"https:\/\/www.perseestetica.com\/wp-content\/uploads\/2021\/11\/Cofres-portada.jpg\",\"keywords\":[\"#cofresregalo #regalosdeNavidad #packregalos #autorregalo #phytomer #bio-organic #cyfolia #antiarrugas #exfoliante\"],\"articleSection\":[\"cosm\u00e9tica natural\",\"facial\",\"noticias\",\"Organic\",\"PER SE\",\"promociones\"],\"inLanguage\":\"es\"},{\"@type\":\"WebPage\",\"@id\":\"https:\/\/www.perseestetica.com\/index.php\/2021\/11\/03\/pack-regalo\/\",\"url\":\"https:\/\/www.perseestetica.com\/index.php\/2021\/11\/03\/pack-regalo\/\",\"name\":\"PACK REGALO - PER SE ESTETICA\",\"isPartOf\":{\"@id\":\"https:\/\/www.perseestetica.com\/#website\"},\"primaryImageOfPage\":{\"@id\":\"https:\/\/www.perseestetica.com\/index.php\/2021\/11\/03\/pack-regalo\/#primaryimage\"},\"image\":{\"@id\":\"https:\/\/www.perseestetica.com\/index.php\/2021\/11\/03\/pack-regalo\/#primaryimage\"},\"thumbnailUrl\":\"https:\/\/www.perseestetica.com\/wp-content\/uploads\/2021\/11\/Cofres-portada.jpg\",\"datePublished\":\"2021-11-03T14:57:33+00:00\",\"dateModified\":\"2022-01-10T17:58:04+00:00\",\"author\":{\"@id\":\"https:\/\/www.perseestetica.com\/#\/schema\/person\/dffe0e7ffbd7bd2d4816f9bd4f643eff\"},\"breadcrumb\":{\"@id\":\"https:\/\/www.perseestetica.com\/index.php\/2021\/11\/03\/pack-regalo\/#breadcrumb\"},\"inLanguage\":\"es\",\"potentialAction\":[{\"@type\":\"ReadAction\",\"target\":[\"https:\/\/www.perseestetica.com\/index.php\/2021\/11\/03\/pack-regalo\/\"]}]},{\"@type\":\"ImageObject\",\"inLanguage\":\"es\",\"@id\":\"https:\/\/www.perseestetica.com\/index.php\/2021\/11\/03\/pack-regalo\/#primaryimage\",\"url\":\"https:\/\/www.perseestetica.com\/wp-content\/uploads\/2021\/11\/Cofres-portada.jpg\",\"contentUrl\":\"https:\/\/www.perseestetica.com\/wp-content\/uploads\/2021\/11\/Cofres-portada.jpg\",\"width\":1024,\"height\":675},{\"@type\":\"BreadcrumbList\",\"@id\":\"https:\/\/www.perseestetica.com\/index.php\/2021\/11\/03\/pack-regalo\/#breadcrumb\",\"itemListElement\":[{\"@type\":\"ListItem\",\"position\":1,\"name\":\"Portada\",\"item\":\"https:\/\/www.perseestetica.com\/\"},{\"@type\":\"ListItem\",\"position\":2,\"name\":\"PACK REGALO\"}]},{\"@type\":\"WebSite\",\"@id\":\"https:\/\/www.perseestetica.com\/#website\",\"url\":\"https:\/\/www.perseestetica.com\/\",\"name\":\"PER SE ESTETICA\",\"description\":\"Centro de est\u00e9tica y bienestar en Vitoria-Gasteiz\",\"potentialAction\":[{\"@type\":\"SearchAction\",\"target\":{\"@type\":\"EntryPoint\",\"urlTemplate\":\"https:\/\/www.perseestetica.com\/?s={search_term_string}\"},\"query-input\":{\"@type\":\"PropertyValueSpecification\",\"valueRequired\":true,\"valueName\":\"search_term_string\"}}],\"inLanguage\":\"es\"},{\"@type\":\"Person\",\"@id\":\"https:\/\/www.perseestetica.com\/#\/schema\/person\/dffe0e7ffbd7bd2d4816f9bd4f643eff\",\"name\":\"administraci\u00f3n\",\"image\":{\"@type\":\"ImageObject\",\"inLanguage\":\"es\",\"@id\":\"https:\/\/www.perseestetica.com\/#\/schema\/person\/image\/\",\"url\":\"https:\/\/secure.gravatar.com\/avatar\/c80723aa5a9a47fa5daf35d0805cde1198a8010870d2be18ca924fd80ffac640?s=96&d=mm&r=g\",\"contentUrl\":\"https:\/\/secure.gravatar.com\/avatar\/c80723aa5a9a47fa5daf35d0805cde1198a8010870d2be18ca924fd80ffac640?s=96&d=mm&r=g\",\"caption\":\"administraci\u00f3n\"},\"url\":\"https:\/\/www.perseestetica.com\/index.php\/author\/admin\/\"}]}<\/script>\n<!-- \/ Yoast SEO plugin. -->","yoast_head_json":{"title":"PACK REGALO - PER SE ESTETICA","robots":{"index":"index","follow":"follow","max-snippet":"max-snippet:-1","max-image-preview":"max-image-preview:large","max-video-preview":"max-video-preview:-1"},"canonical":"https:\/\/www.perseestetica.com\/index.php\/2021\/11\/03\/pack-regalo\/","og_locale":"es_ES","og_type":"article","og_title":"PACK REGALO - PER SE ESTETICA","og_description":"Este a\u00f1o en #PERSEestetica nos adelantamos a la Navidad \u00a1Ya est\u00e1n aqu\u00ed los cofres de regalo m\u00e1s esperados! En formato pack para regalar o autorregalarte. Hay 4 packs disponibles: 1.- Pack Vie Collection. Pack antiarrugas. Contiene la crema ultra suavizante [&hellip;]","og_url":"https:\/\/www.perseestetica.com\/index.php\/2021\/11\/03\/pack-regalo\/","og_site_name":"PER SE ESTETICA","article_published_time":"2021-11-03T14:57:33+00:00","article_modified_time":"2022-01-10T17:58:04+00:00","og_image":[{"width":1024,"height":675,"url":"https:\/\/www.perseestetica.com\/wp-content\/uploads\/2021\/11\/Cofres-portada.jpg","type":"image\/jpeg"}],"author":"administraci\u00f3n","twitter_card":"summary_large_image","twitter_misc":{"Escrito por":"administraci\u00f3n","Tiempo de lectura":"4 minutos"},"schema":{"@context":"https:\/\/schema.org","@graph":[{"@type":"Article","@id":"https:\/\/www.perseestetica.com\/index.php\/2021\/11\/03\/pack-regalo\/#article","isPartOf":{"@id":"https:\/\/www.perseestetica.com\/index.php\/2021\/11\/03\/pack-regalo\/"},"author":{"name":"administraci\u00f3n","@id":"https:\/\/www.perseestetica.com\/#\/schema\/person\/dffe0e7ffbd7bd2d4816f9bd4f643eff"},"headline":"PACK REGALO","datePublished":"2021-11-03T14:57:33+00:00","dateModified":"2022-01-10T17:58:04+00:00","mainEntityOfPage":{"@id":"https:\/\/www.perseestetica.com\/index.php\/2021\/11\/03\/pack-regalo\/"},"wordCount":777,"image":{"@id":"https:\/\/www.perseestetica.com\/index.php\/2021\/11\/03\/pack-regalo\/#primaryimage"},"thumbnailUrl":"https:\/\/www.perseestetica.com\/wp-content\/uploads\/2021\/11\/Cofres-portada.jpg","keywords":["#cofresregalo #regalosdeNavidad #packregalos #autorregalo #phytomer #bio-organic #cyfolia #antiarrugas #exfoliante"],"articleSection":["cosm\u00e9tica natural","facial","noticias","Organic","PER SE","promociones"],"inLanguage":"es"},{"@type":"WebPage","@id":"https:\/\/www.perseestetica.com\/index.php\/2021\/11\/03\/pack-regalo\/","url":"https:\/\/www.perseestetica.com\/index.php\/2021\/11\/03\/pack-regalo\/","name":"PACK REGALO - PER SE ESTETICA","isPartOf":{"@id":"https:\/\/www.perseestetica.com\/#website"},"primaryImageOfPage":{"@id":"https:\/\/www.perseestetica.com\/index.php\/2021\/11\/03\/pack-regalo\/#primaryimage"},"image":{"@id":"https:\/\/www.perseestetica.com\/index.php\/2021\/11\/03\/pack-regalo\/#primaryimage"},"thumbnailUrl":"https:\/\/www.perseestetica.com\/wp-content\/uploads\/2021\/11\/Cofres-portada.jpg","datePublished":"2021-11-03T14:57:33+00:00","dateModified":"2022-01-10T17:58:04+00:00","author":{"@id":"https:\/\/www.perseestetica.com\/#\/schema\/person\/dffe0e7ffbd7bd2d4816f9bd4f643eff"},"breadcrumb":{"@id":"https:\/\/www.perseestetica.com\/index.php\/2021\/11\/03\/pack-regalo\/#breadcrumb"},"inLanguage":"es","potentialAction":[{"@type":"ReadAction","target":["https:\/\/www.perseestetica.com\/index.php\/2021\/11\/03\/pack-regalo\/"]}]},{"@type":"ImageObject","inLanguage":"es","@id":"https:\/\/www.perseestetica.com\/index.php\/2021\/11\/03\/pack-regalo\/#primaryimage","url":"https:\/\/www.perseestetica.com\/wp-content\/uploads\/2021\/11\/Cofres-portada.jpg","contentUrl":"https:\/\/www.perseestetica.com\/wp-content\/uploads\/2021\/11\/Cofres-portada.jpg","width":1024,"height":675},{"@type":"BreadcrumbList","@id":"https:\/\/www.perseestetica.com\/index.php\/2021\/11\/03\/pack-regalo\/#breadcrumb","itemListElement":[{"@type":"ListItem","position":1,"name":"Portada","item":"https:\/\/www.perseestetica.com\/"},{"@type":"ListItem","position":2,"name":"PACK REGALO"}]},{"@type":"WebSite","@id":"https:\/\/www.perseestetica.com\/#website","url":"https:\/\/www.perseestetica.com\/","name":"PER SE ESTETICA","description":"Centro de est\u00e9tica y bienestar en Vitoria-Gasteiz","potentialAction":[{"@type":"SearchAction","target":{"@type":"EntryPoint","urlTemplate":"https:\/\/www.perseestetica.com\/?s={search_term_string}"},"query-input":{"@type":"PropertyValueSpecification","valueRequired":true,"valueName":"search_term_string"}}],"inLanguage":"es"},{"@type":"Person","@id":"https:\/\/www.perseestetica.com\/#\/schema\/person\/dffe0e7ffbd7bd2d4816f9bd4f643eff","name":"administraci\u00f3n","image":{"@type":"ImageObject","inLanguage":"es","@id":"https:\/\/www.perseestetica.com\/#\/schema\/person\/image\/","url":"https:\/\/secure.gravatar.com\/avatar\/c80723aa5a9a47fa5daf35d0805cde1198a8010870d2be18ca924fd80ffac640?s=96&d=mm&r=g","contentUrl":"https:\/\/secure.gravatar.com\/avatar\/c80723aa5a9a47fa5daf35d0805cde1198a8010870d2be18ca924fd80ffac640?s=96&d=mm&r=g","caption":"administraci\u00f3n"},"url":"https:\/\/www.perseestetica.com\/index.php\/author\/admin\/"}]}},"_links":{"self":[{"href":"https:\/\/www.perseestetica.com\/index.php\/wp-json\/wp\/v2\/posts\/3752","targetHints":{"allow":["GET"]}}],"collection":[{"href":"https:\/\/www.perseestetica.com\/index.php\/wp-json\/wp\/v2\/posts"}],"about":[{"href":"https:\/\/www.perseestetica.com\/index.php\/wp-json\/wp\/v2\/types\/post"}],"author":[{"embeddable":true,"href":"https:\/\/www.perseestetica.com\/index.php\/wp-json\/wp\/v2\/users\/1"}],"replies":[{"embeddable":true,"href":"https:\/\/www.perseestetica.com\/index.php\/wp-json\/wp\/v2\/comments?post=3752"}],"version-history":[{"count":3,"href":"https:\/\/www.perseestetica.com\/index.php\/wp-json\/wp\/v2\/posts\/3752\/revisions"}],"predecessor-version":[{"id":3766,"href":"https:\/\/www.perseestetica.com\/index.php\/wp-json\/wp\/v2\/posts\/3752\/revisions\/3766"}],"wp:featuredmedia":[{"embeddable":true,"href":"https:\/\/www.perseestetica.com\/index.php\/wp-json\/wp\/v2\/media\/3754"}],"wp:attachment":[{"href":"https:\/\/www.perseestetica.com\/index.php\/wp-json\/wp\/v2\/media?parent=3752"}],"wp:term":[{"taxonomy":"category","embeddable":true,"href":"https:\/\/www.perseestetica.com\/index.php\/wp-json\/wp\/v2\/categories?post=3752"},{"taxonomy":"post_tag","embeddable":true,"href":"https:\/\/www.perseestetica.com\/index.php\/wp-json\/wp\/v2\/tags?post=3752"}],"curies":[{"name":"wp","href":"https:\/\/api.w.org\/{rel}","templated":true}]}}