{"id":3771,"date":"2021-12-07T12:01:50","date_gmt":"2021-12-07T12:01:50","guid":{"rendered":"https:\/\/www.perseestetica.com\/?p=3771"},"modified":"2022-01-10T17:57:59","modified_gmt":"2022-01-10T17:57:59","slug":"gana-un-tratamiento-facial-especifico-en-nuestra-promo-de-esta-navidad","status":"publish","type":"post","link":"https:\/\/www.perseestetica.com\/index.php\/2021\/12\/07\/gana-un-tratamiento-facial-especifico-en-nuestra-promo-de-esta-navidad\/","title":{"rendered":"GANA UN TRATAMIENTO FACIAL ESPEC\u00cdFICO EN NUESTRA PROMO DE ESTA NAVIDAD"},"content":{"rendered":"<p>La Navidad llega a PER SE est\u00e9tica y un a\u00f1o m\u00e1s queremos sortear entre nuestr@s pat@s un tratamiento para que empieces el a\u00f1o con buena cara. Disfruta de un <strong>TRATAMIENTO FACIAL ESPEC\u00cdFICO.<\/strong><\/p>\n<p>\u00bfQuieres ganar este tratamiento? Haz caso a tu pata esteticista y participa, es muy sencillo.<\/p>\n<p><strong>PROMOCI\u00d3N EN EL PUNTO DE VENTA:<\/strong><br \/>\nRellena el cup\u00f3n que te entregaremos con tus compras\/servicios PER SE antes del 8 de enero de 2022 (incluido) y participa en el sorteo de un TRATAMIENTO FACIAL ESPEC\u00cdFICO.\u00a0<br \/>\n<strong>\u00bfQu\u00e9 es un tratamiento facial espec\u00edfico? <\/strong>Es un tratamiento que responde a las necesidades concretas de cada tipo de piel, incluso aquellas con una condici\u00f3n cut\u00e1nea especial.<br \/>\nCon los tratamientos faciales podemos dar soluci\u00f3n a las diferentes alternaciones cut\u00e1neas: deshidrataci\u00f3n, tez apagada, arrugas, acn\u00e9, manchas\u2026<br \/>\nEste tratamiento est\u00e1 especialmente indicado para ti. As\u00ed que ya sabes\u2026 no olvides rellenar tu cup\u00f3n de participaci\u00f3n CUAndo pases por aqu\u00ed. Gana un tratamiento facial espec\u00edfico con la promo en nuestro corral esta Navidad.<\/p>\n<p><strong>PROMOCI\u00d3N EN LAS REDES SOCIALES:<\/strong><br \/>\nEn nuestra granja virtual tambi\u00e9n sorteamos un tratamiento facial espec\u00edfico en Facebook y otro en Instagram.<br \/>\n<strong>\u00bfC\u00f3mo participar en Facebook?<\/strong> Muy f\u00e1cil, sigue estos pasos:<br \/>\n1.- Sigue la cuenta de PER SE est\u00e9tica @perseesteticua<br \/>\n2.- Da a me gusta en este post.<br \/>\n3.- Etiqueta en los comentarios a 2 patit@s para hacer crecer nuestra granja.<\/p>\n<p><strong>\u00bfY en Instagram?<\/strong> Lo mismo<br \/>\n1.- Sigue la cuenta de PER SE est\u00e9tica @perse_esteticua<br \/>\n2.- Da a me gusta en este post.<br \/>\n3.- Etiqueta en los comentarios a 2 patit@s para hacer crecer nuestra granja.<\/p>\n<p>CUAnto m\u00e1s comentes el post, m\u00e1s oportunidades tienes de ganar.<br \/>\n<strong>Puedes participa hasta el 8 de enero de 2022.<\/strong><br \/>\nSi resultas ganadora podr\u00e1s disfrutar de este tratamiento y ponerte CUAp\u00edsim@.<br \/>\nRecuerda se elegir\u00e1 1 ganador por red social (Fb e Ig).<br \/>\nSi quieres seguirnos por el ciberespacio podr\u00e1s estar al corriente de todas las novedades y recibir\u00e1s PATAconsejos que te pueden venir muy bien. <\/p>\n<p>\u00a1PARTICIPA y GANA UN TRATAMIENTO FACIAL ESPEC\u00cdFICO con nuestra promo de Navidad!<br \/>\nPod\u00e9is consultar <a href=\"https:\/\/www.perseestetica.com\/wp-content\/uploads\/2021\/12\/bases-navidad-2021-OK.pdf\"><strong>las bases de la promoci\u00f3n aqu\u00ed.<\/strong><\/a><\/a><br \/>\nRecordad que ya\u00a0tenemos los cofres de PHYTOMER y de VIE COLLECTION para los regalos de Navidad disponibles, y nuestras tarjetas de regalo en PER SE con todos los\u00a0tratamientos que puedes adquirir viniendo a nuestro sal\u00f3n o comprando en nuestra granja online. <\/p>\n<p>Date prisa porque el tiempo vuela como nosotras CUA, CUA\u2026<\/p>\n","protected":false},"excerpt":{"rendered":"<p>La Navidad llega a PER SE est\u00e9tica y un a\u00f1o m\u00e1s queremos sortear entre nuestr@s pat@s un tratamiento para que empieces el a\u00f1o con buena cara. Disfruta de un TRATAMIENTO FACIAL ESPEC\u00cdFICO. \u00bfQuieres ganar este tratamiento? Haz caso a tu [&hellip;]<\/p>\n","protected":false},"author":1,"featured_media":3779,"comment_status":"closed","ping_status":"closed","sticky":false,"template":"","format":"standard","meta":{"footnotes":""},"categories":[119,125,117,118,126],"tags":[228,224,230,226,227,225,208,229,132],"class_list":["post-3771","post","type-post","status-publish","format-standard","has-post-thumbnail","hentry","category-facial","category-noticias","category-per-se","category-promociones","category-tratamiento","tag-bonosregalo","tag-navidad","tag-promociones","tag-regalabelleza","tag-regalabienestar","tag-regalosoriginales","tag-sorteo","tag-tratamientoscorporales","tag-tratamientosfaciales"],"yoast_head":"<!-- This site is optimized with the Yoast SEO plugin v27.0 - https:\/\/yoast.com\/product\/yoast-seo-wordpress\/ -->\n<title>GANA UN TRATAMIENTO FACIAL ESPEC\u00cdFICO EN NUESTRA PROMO DE ESTA NAVIDAD - PER SE ESTETICA<\/title>\n<meta name=\"robots\" content=\"index, follow, max-snippet:-1, max-image-preview:large, max-video-preview:-1\" \/>\n<link rel=\"canonical\" href=\"https:\/\/www.perseestetica.com\/index.php\/2021\/12\/07\/gana-un-tratamiento-facial-especifico-en-nuestra-promo-de-esta-navidad\/\" \/>\n<meta property=\"og:locale\" content=\"es_ES\" \/>\n<meta property=\"og:type\" content=\"article\" \/>\n<meta property=\"og:title\" content=\"GANA UN TRATAMIENTO FACIAL ESPEC\u00cdFICO EN NUESTRA PROMO DE ESTA NAVIDAD - PER SE ESTETICA\" \/>\n<meta property=\"og:description\" content=\"La Navidad llega a PER SE est\u00e9tica y un a\u00f1o m\u00e1s queremos sortear entre nuestr@s pat@s un tratamiento para que empieces el a\u00f1o con buena cara. Disfruta de un TRATAMIENTO FACIAL ESPEC\u00cdFICO. \u00bfQuieres ganar este tratamiento? Haz caso a tu [&hellip;]\" \/>\n<meta property=\"og:url\" content=\"https:\/\/www.perseestetica.com\/index.php\/2021\/12\/07\/gana-un-tratamiento-facial-especifico-en-nuestra-promo-de-esta-navidad\/\" \/>\n<meta property=\"og:site_name\" content=\"PER SE ESTETICA\" \/>\n<meta property=\"article:published_time\" content=\"2021-12-07T12:01:50+00:00\" \/>\n<meta property=\"article:modified_time\" content=\"2022-01-10T17:57:59+00:00\" \/>\n<meta property=\"og:image\" content=\"https:\/\/www.perseestetica.com\/wp-content\/uploads\/2021\/12\/Ganadoras-BLOG_21.jpg\" \/>\n\t<meta property=\"og:image:width\" content=\"1024\" \/>\n\t<meta property=\"og:image:height\" content=\"675\" \/>\n\t<meta property=\"og:image:type\" content=\"image\/jpeg\" \/>\n<meta name=\"author\" content=\"administraci\u00f3n\" \/>\n<meta name=\"twitter:card\" content=\"summary_large_image\" \/>\n<meta name=\"twitter:label1\" content=\"Escrito por\" \/>\n\t<meta name=\"twitter:data1\" content=\"administraci\u00f3n\" \/>\n\t<meta name=\"twitter:label2\" content=\"Tiempo de lectura\" \/>\n\t<meta name=\"twitter:data2\" content=\"2 minutos\" \/>\n<script type=\"application\/ld+json\" class=\"yoast-schema-graph\">{\"@context\":\"https:\/\/schema.org\",\"@graph\":[{\"@type\":\"Article\",\"@id\":\"https:\/\/www.perseestetica.com\/index.php\/2021\/12\/07\/gana-un-tratamiento-facial-especifico-en-nuestra-promo-de-esta-navidad\/#article\",\"isPartOf\":{\"@id\":\"https:\/\/www.perseestetica.com\/index.php\/2021\/12\/07\/gana-un-tratamiento-facial-especifico-en-nuestra-promo-de-esta-navidad\/\"},\"author\":{\"name\":\"administraci\u00f3n\",\"@id\":\"https:\/\/www.perseestetica.com\/#\/schema\/person\/dffe0e7ffbd7bd2d4816f9bd4f643eff\"},\"headline\":\"GANA UN TRATAMIENTO FACIAL ESPEC\u00cdFICO EN NUESTRA PROMO DE ESTA NAVIDAD\",\"datePublished\":\"2021-12-07T12:01:50+00:00\",\"dateModified\":\"2022-01-10T17:57:59+00:00\",\"mainEntityOfPage\":{\"@id\":\"https:\/\/www.perseestetica.com\/index.php\/2021\/12\/07\/gana-un-tratamiento-facial-especifico-en-nuestra-promo-de-esta-navidad\/\"},\"wordCount\":439,\"image\":{\"@id\":\"https:\/\/www.perseestetica.com\/index.php\/2021\/12\/07\/gana-un-tratamiento-facial-especifico-en-nuestra-promo-de-esta-navidad\/#primaryimage\"},\"thumbnailUrl\":\"https:\/\/www.perseestetica.com\/wp-content\/uploads\/2021\/12\/Ganadoras-BLOG_21.jpg\",\"keywords\":[\"bonosregalo\",\"navidad\",\"promociones\",\"regalabelleza\",\"regalabienestar\",\"regalosoriginales\",\"sorteo\",\"tratamientoscorporales\",\"tratamientosfaciales\"],\"articleSection\":[\"facial\",\"noticias\",\"PER SE\",\"promociones\",\"tratamiento\"],\"inLanguage\":\"es\"},{\"@type\":\"WebPage\",\"@id\":\"https:\/\/www.perseestetica.com\/index.php\/2021\/12\/07\/gana-un-tratamiento-facial-especifico-en-nuestra-promo-de-esta-navidad\/\",\"url\":\"https:\/\/www.perseestetica.com\/index.php\/2021\/12\/07\/gana-un-tratamiento-facial-especifico-en-nuestra-promo-de-esta-navidad\/\",\"name\":\"GANA UN TRATAMIENTO FACIAL ESPEC\u00cdFICO EN NUESTRA PROMO DE ESTA NAVIDAD - PER SE ESTETICA\",\"isPartOf\":{\"@id\":\"https:\/\/www.perseestetica.com\/#website\"},\"primaryImageOfPage\":{\"@id\":\"https:\/\/www.perseestetica.com\/index.php\/2021\/12\/07\/gana-un-tratamiento-facial-especifico-en-nuestra-promo-de-esta-navidad\/#primaryimage\"},\"image\":{\"@id\":\"https:\/\/www.perseestetica.com\/index.php\/2021\/12\/07\/gana-un-tratamiento-facial-especifico-en-nuestra-promo-de-esta-navidad\/#primaryimage\"},\"thumbnailUrl\":\"https:\/\/www.perseestetica.com\/wp-content\/uploads\/2021\/12\/Ganadoras-BLOG_21.jpg\",\"datePublished\":\"2021-12-07T12:01:50+00:00\",\"dateModified\":\"2022-01-10T17:57:59+00:00\",\"author\":{\"@id\":\"https:\/\/www.perseestetica.com\/#\/schema\/person\/dffe0e7ffbd7bd2d4816f9bd4f643eff\"},\"breadcrumb\":{\"@id\":\"https:\/\/www.perseestetica.com\/index.php\/2021\/12\/07\/gana-un-tratamiento-facial-especifico-en-nuestra-promo-de-esta-navidad\/#breadcrumb\"},\"inLanguage\":\"es\",\"potentialAction\":[{\"@type\":\"ReadAction\",\"target\":[\"https:\/\/www.perseestetica.com\/index.php\/2021\/12\/07\/gana-un-tratamiento-facial-especifico-en-nuestra-promo-de-esta-navidad\/\"]}]},{\"@type\":\"ImageObject\",\"inLanguage\":\"es\",\"@id\":\"https:\/\/www.perseestetica.com\/index.php\/2021\/12\/07\/gana-un-tratamiento-facial-especifico-en-nuestra-promo-de-esta-navidad\/#primaryimage\",\"url\":\"https:\/\/www.perseestetica.com\/wp-content\/uploads\/2021\/12\/Ganadoras-BLOG_21.jpg\",\"contentUrl\":\"https:\/\/www.perseestetica.com\/wp-content\/uploads\/2021\/12\/Ganadoras-BLOG_21.jpg\",\"width\":1024,\"height\":675},{\"@type\":\"BreadcrumbList\",\"@id\":\"https:\/\/www.perseestetica.com\/index.php\/2021\/12\/07\/gana-un-tratamiento-facial-especifico-en-nuestra-promo-de-esta-navidad\/#breadcrumb\",\"itemListElement\":[{\"@type\":\"ListItem\",\"position\":1,\"name\":\"Portada\",\"item\":\"https:\/\/www.perseestetica.com\/\"},{\"@type\":\"ListItem\",\"position\":2,\"name\":\"GANA UN TRATAMIENTO FACIAL ESPEC\u00cdFICO EN NUESTRA PROMO DE ESTA NAVIDAD\"}]},{\"@type\":\"WebSite\",\"@id\":\"https:\/\/www.perseestetica.com\/#website\",\"url\":\"https:\/\/www.perseestetica.com\/\",\"name\":\"PER SE ESTETICA\",\"description\":\"Centro de est\u00e9tica y bienestar en Vitoria-Gasteiz\",\"potentialAction\":[{\"@type\":\"SearchAction\",\"target\":{\"@type\":\"EntryPoint\",\"urlTemplate\":\"https:\/\/www.perseestetica.com\/?s={search_term_string}\"},\"query-input\":{\"@type\":\"PropertyValueSpecification\",\"valueRequired\":true,\"valueName\":\"search_term_string\"}}],\"inLanguage\":\"es\"},{\"@type\":\"Person\",\"@id\":\"https:\/\/www.perseestetica.com\/#\/schema\/person\/dffe0e7ffbd7bd2d4816f9bd4f643eff\",\"name\":\"administraci\u00f3n\",\"image\":{\"@type\":\"ImageObject\",\"inLanguage\":\"es\",\"@id\":\"https:\/\/www.perseestetica.com\/#\/schema\/person\/image\/\",\"url\":\"https:\/\/secure.gravatar.com\/avatar\/c80723aa5a9a47fa5daf35d0805cde1198a8010870d2be18ca924fd80ffac640?s=96&d=mm&r=g\",\"contentUrl\":\"https:\/\/secure.gravatar.com\/avatar\/c80723aa5a9a47fa5daf35d0805cde1198a8010870d2be18ca924fd80ffac640?s=96&d=mm&r=g\",\"caption\":\"administraci\u00f3n\"},\"url\":\"https:\/\/www.perseestetica.com\/index.php\/author\/admin\/\"}]}<\/script>\n<!-- \/ Yoast SEO plugin. -->","yoast_head_json":{"title":"GANA UN TRATAMIENTO FACIAL ESPEC\u00cdFICO EN NUESTRA PROMO DE ESTA NAVIDAD - PER SE ESTETICA","robots":{"index":"index","follow":"follow","max-snippet":"max-snippet:-1","max-image-preview":"max-image-preview:large","max-video-preview":"max-video-preview:-1"},"canonical":"https:\/\/www.perseestetica.com\/index.php\/2021\/12\/07\/gana-un-tratamiento-facial-especifico-en-nuestra-promo-de-esta-navidad\/","og_locale":"es_ES","og_type":"article","og_title":"GANA UN TRATAMIENTO FACIAL ESPEC\u00cdFICO EN NUESTRA PROMO DE ESTA NAVIDAD - PER SE ESTETICA","og_description":"La Navidad llega a PER SE est\u00e9tica y un a\u00f1o m\u00e1s queremos sortear entre nuestr@s pat@s un tratamiento para que empieces el a\u00f1o con buena cara. Disfruta de un TRATAMIENTO FACIAL ESPEC\u00cdFICO. \u00bfQuieres ganar este tratamiento? Haz caso a tu [&hellip;]","og_url":"https:\/\/www.perseestetica.com\/index.php\/2021\/12\/07\/gana-un-tratamiento-facial-especifico-en-nuestra-promo-de-esta-navidad\/","og_site_name":"PER SE ESTETICA","article_published_time":"2021-12-07T12:01:50+00:00","article_modified_time":"2022-01-10T17:57:59+00:00","og_image":[{"width":1024,"height":675,"url":"https:\/\/www.perseestetica.com\/wp-content\/uploads\/2021\/12\/Ganadoras-BLOG_21.jpg","type":"image\/jpeg"}],"author":"administraci\u00f3n","twitter_card":"summary_large_image","twitter_misc":{"Escrito por":"administraci\u00f3n","Tiempo de lectura":"2 minutos"},"schema":{"@context":"https:\/\/schema.org","@graph":[{"@type":"Article","@id":"https:\/\/www.perseestetica.com\/index.php\/2021\/12\/07\/gana-un-tratamiento-facial-especifico-en-nuestra-promo-de-esta-navidad\/#article","isPartOf":{"@id":"https:\/\/www.perseestetica.com\/index.php\/2021\/12\/07\/gana-un-tratamiento-facial-especifico-en-nuestra-promo-de-esta-navidad\/"},"author":{"name":"administraci\u00f3n","@id":"https:\/\/www.perseestetica.com\/#\/schema\/person\/dffe0e7ffbd7bd2d4816f9bd4f643eff"},"headline":"GANA UN TRATAMIENTO FACIAL ESPEC\u00cdFICO EN NUESTRA PROMO DE ESTA NAVIDAD","datePublished":"2021-12-07T12:01:50+00:00","dateModified":"2022-01-10T17:57:59+00:00","mainEntityOfPage":{"@id":"https:\/\/www.perseestetica.com\/index.php\/2021\/12\/07\/gana-un-tratamiento-facial-especifico-en-nuestra-promo-de-esta-navidad\/"},"wordCount":439,"image":{"@id":"https:\/\/www.perseestetica.com\/index.php\/2021\/12\/07\/gana-un-tratamiento-facial-especifico-en-nuestra-promo-de-esta-navidad\/#primaryimage"},"thumbnailUrl":"https:\/\/www.perseestetica.com\/wp-content\/uploads\/2021\/12\/Ganadoras-BLOG_21.jpg","keywords":["bonosregalo","navidad","promociones","regalabelleza","regalabienestar","regalosoriginales","sorteo","tratamientoscorporales","tratamientosfaciales"],"articleSection":["facial","noticias","PER SE","promociones","tratamiento"],"inLanguage":"es"},{"@type":"WebPage","@id":"https:\/\/www.perseestetica.com\/index.php\/2021\/12\/07\/gana-un-tratamiento-facial-especifico-en-nuestra-promo-de-esta-navidad\/","url":"https:\/\/www.perseestetica.com\/index.php\/2021\/12\/07\/gana-un-tratamiento-facial-especifico-en-nuestra-promo-de-esta-navidad\/","name":"GANA UN TRATAMIENTO FACIAL ESPEC\u00cdFICO EN NUESTRA PROMO DE ESTA NAVIDAD - PER SE ESTETICA","isPartOf":{"@id":"https:\/\/www.perseestetica.com\/#website"},"primaryImageOfPage":{"@id":"https:\/\/www.perseestetica.com\/index.php\/2021\/12\/07\/gana-un-tratamiento-facial-especifico-en-nuestra-promo-de-esta-navidad\/#primaryimage"},"image":{"@id":"https:\/\/www.perseestetica.com\/index.php\/2021\/12\/07\/gana-un-tratamiento-facial-especifico-en-nuestra-promo-de-esta-navidad\/#primaryimage"},"thumbnailUrl":"https:\/\/www.perseestetica.com\/wp-content\/uploads\/2021\/12\/Ganadoras-BLOG_21.jpg","datePublished":"2021-12-07T12:01:50+00:00","dateModified":"2022-01-10T17:57:59+00:00","author":{"@id":"https:\/\/www.perseestetica.com\/#\/schema\/person\/dffe0e7ffbd7bd2d4816f9bd4f643eff"},"breadcrumb":{"@id":"https:\/\/www.perseestetica.com\/index.php\/2021\/12\/07\/gana-un-tratamiento-facial-especifico-en-nuestra-promo-de-esta-navidad\/#breadcrumb"},"inLanguage":"es","potentialAction":[{"@type":"ReadAction","target":["https:\/\/www.perseestetica.com\/index.php\/2021\/12\/07\/gana-un-tratamiento-facial-especifico-en-nuestra-promo-de-esta-navidad\/"]}]},{"@type":"ImageObject","inLanguage":"es","@id":"https:\/\/www.perseestetica.com\/index.php\/2021\/12\/07\/gana-un-tratamiento-facial-especifico-en-nuestra-promo-de-esta-navidad\/#primaryimage","url":"https:\/\/www.perseestetica.com\/wp-content\/uploads\/2021\/12\/Ganadoras-BLOG_21.jpg","contentUrl":"https:\/\/www.perseestetica.com\/wp-content\/uploads\/2021\/12\/Ganadoras-BLOG_21.jpg","width":1024,"height":675},{"@type":"BreadcrumbList","@id":"https:\/\/www.perseestetica.com\/index.php\/2021\/12\/07\/gana-un-tratamiento-facial-especifico-en-nuestra-promo-de-esta-navidad\/#breadcrumb","itemListElement":[{"@type":"ListItem","position":1,"name":"Portada","item":"https:\/\/www.perseestetica.com\/"},{"@type":"ListItem","position":2,"name":"GANA UN TRATAMIENTO FACIAL ESPEC\u00cdFICO EN NUESTRA PROMO DE ESTA NAVIDAD"}]},{"@type":"WebSite","@id":"https:\/\/www.perseestetica.com\/#website","url":"https:\/\/www.perseestetica.com\/","name":"PER SE ESTETICA","description":"Centro de est\u00e9tica y bienestar en Vitoria-Gasteiz","potentialAction":[{"@type":"SearchAction","target":{"@type":"EntryPoint","urlTemplate":"https:\/\/www.perseestetica.com\/?s={search_term_string}"},"query-input":{"@type":"PropertyValueSpecification","valueRequired":true,"valueName":"search_term_string"}}],"inLanguage":"es"},{"@type":"Person","@id":"https:\/\/www.perseestetica.com\/#\/schema\/person\/dffe0e7ffbd7bd2d4816f9bd4f643eff","name":"administraci\u00f3n","image":{"@type":"ImageObject","inLanguage":"es","@id":"https:\/\/www.perseestetica.com\/#\/schema\/person\/image\/","url":"https:\/\/secure.gravatar.com\/avatar\/c80723aa5a9a47fa5daf35d0805cde1198a8010870d2be18ca924fd80ffac640?s=96&d=mm&r=g","contentUrl":"https:\/\/secure.gravatar.com\/avatar\/c80723aa5a9a47fa5daf35d0805cde1198a8010870d2be18ca924fd80ffac640?s=96&d=mm&r=g","caption":"administraci\u00f3n"},"url":"https:\/\/www.perseestetica.com\/index.php\/author\/admin\/"}]}},"_links":{"self":[{"href":"https:\/\/www.perseestetica.com\/index.php\/wp-json\/wp\/v2\/posts\/3771","targetHints":{"allow":["GET"]}}],"collection":[{"href":"https:\/\/www.perseestetica.com\/index.php\/wp-json\/wp\/v2\/posts"}],"about":[{"href":"https:\/\/www.perseestetica.com\/index.php\/wp-json\/wp\/v2\/types\/post"}],"author":[{"embeddable":true,"href":"https:\/\/www.perseestetica.com\/index.php\/wp-json\/wp\/v2\/users\/1"}],"replies":[{"embeddable":true,"href":"https:\/\/www.perseestetica.com\/index.php\/wp-json\/wp\/v2\/comments?post=3771"}],"version-history":[{"count":10,"href":"https:\/\/www.perseestetica.com\/index.php\/wp-json\/wp\/v2\/posts\/3771\/revisions"}],"predecessor-version":[{"id":3786,"href":"https:\/\/www.perseestetica.com\/index.php\/wp-json\/wp\/v2\/posts\/3771\/revisions\/3786"}],"wp:featuredmedia":[{"embeddable":true,"href":"https:\/\/www.perseestetica.com\/index.php\/wp-json\/wp\/v2\/media\/3779"}],"wp:attachment":[{"href":"https:\/\/www.perseestetica.com\/index.php\/wp-json\/wp\/v2\/media?parent=3771"}],"wp:term":[{"taxonomy":"category","embeddable":true,"href":"https:\/\/www.perseestetica.com\/index.php\/wp-json\/wp\/v2\/categories?post=3771"},{"taxonomy":"post_tag","embeddable":true,"href":"https:\/\/www.perseestetica.com\/index.php\/wp-json\/wp\/v2\/tags?post=3771"}],"curies":[{"name":"wp","href":"https:\/\/api.w.org\/{rel}","templated":true}]}}