{"id":3791,"date":"2022-01-11T09:00:50","date_gmt":"2022-01-11T09:00:50","guid":{"rendered":"https:\/\/www.perseestetica.com\/?p=3791"},"modified":"2022-01-10T17:57:53","modified_gmt":"2022-01-10T17:57:53","slug":"ganadors-del-sorteo-de-nuestro-tratamiento-facial-especifico","status":"publish","type":"post","link":"https:\/\/www.perseestetica.com\/index.php\/2022\/01\/11\/ganadors-del-sorteo-de-nuestro-tratamiento-facial-especifico\/","title":{"rendered":"GANADOR@S DEL SORTEO DE NUESTRO TRATAMIENTO FACIAL ESPEC\u00cdFICO"},"content":{"rendered":"<p>\u00a1Ya tenemos a los ganadores! \u00bfQuieres saber si has sido t\u00fa? Consulta el listado de los ganadores de esta Navidad en PER SE est\u00e9tica:<\/p>\n<p>Ganadora de\u00a0Facebook: @MariaAguayo\u2028<br \/>\nGanadora de\u00a0Instagram: @luuciia.garcia\u2028<br \/>\nGanadora del\u00a0punto de venta: Isabel Jimenez<\/p>\n<p>Si eres una de las patas agraciadas contactaremos contigo para que puedas disfrutar del premio, un tratamiento facial espec\u00edfico\u00a0que te dejar\u00e1 como nueva.<\/p>\n<p>Gracias a tod@s l@s pat@s que hab\u00e9is participado y que d\u00e1ndole al pico o compartiendo en las redes nos hab\u00e9is ayudado un a\u00f1o m\u00e1s a seguir creciendo.<\/p>\n<p>Habr\u00e1 m\u00e1s sorteos este a\u00f1o, as\u00ed que no est\u00e1 todo perdido. Estad atent@s \ud83d\ude09<br \/>\n\u00a1Suerte PATUNA! <\/p>\n","protected":false},"excerpt":{"rendered":"<p>\u00a1Ya tenemos a los ganadores! \u00bfQuieres saber si has sido t\u00fa? Consulta el listado de los ganadores de esta Navidad en PER SE est\u00e9tica: Ganadora de\u00a0Facebook: @MariaAguayo\u2028 Ganadora de\u00a0Instagram: @luuciia.garcia\u2028 Ganadora del\u00a0punto de venta: Isabel Jimenez Si eres una de [&hellip;]<\/p>\n","protected":false},"author":1,"featured_media":3792,"comment_status":"closed","ping_status":"closed","sticky":false,"template":"","format":"standard","meta":{"footnotes":""},"categories":[119,125,117,118,126],"tags":[231],"class_list":["post-3791","post","type-post","status-publish","format-standard","has-post-thumbnail","hentry","category-facial","category-noticias","category-per-se","category-promociones","category-tratamiento","tag-sorteo-resultadossorteos-tratamientofacialespecifico-tratamientosfaciales-ganatratamientofacial-tratamientosdebelleza"],"yoast_head":"<!-- This site is optimized with the Yoast SEO plugin v27.0 - https:\/\/yoast.com\/product\/yoast-seo-wordpress\/ -->\n<title>GANADOR@S DEL SORTEO DE NUESTRO TRATAMIENTO FACIAL ESPEC\u00cdFICO - PER SE ESTETICA<\/title>\n<meta name=\"robots\" content=\"index, follow, max-snippet:-1, max-image-preview:large, max-video-preview:-1\" \/>\n<link rel=\"canonical\" href=\"https:\/\/www.perseestetica.com\/index.php\/2022\/01\/11\/ganadors-del-sorteo-de-nuestro-tratamiento-facial-especifico\/\" \/>\n<meta property=\"og:locale\" content=\"es_ES\" \/>\n<meta property=\"og:type\" content=\"article\" \/>\n<meta property=\"og:title\" content=\"GANADOR@S DEL SORTEO DE NUESTRO TRATAMIENTO FACIAL ESPEC\u00cdFICO - PER SE ESTETICA\" \/>\n<meta property=\"og:description\" content=\"\u00a1Ya tenemos a los ganadores! \u00bfQuieres saber si has sido t\u00fa? Consulta el listado de los ganadores de esta Navidad en PER SE est\u00e9tica: Ganadora de\u00a0Facebook: @MariaAguayo\u2028 Ganadora de\u00a0Instagram: @luuciia.garcia\u2028 Ganadora del\u00a0punto de venta: Isabel Jimenez Si eres una de [&hellip;]\" \/>\n<meta property=\"og:url\" content=\"https:\/\/www.perseestetica.com\/index.php\/2022\/01\/11\/ganadors-del-sorteo-de-nuestro-tratamiento-facial-especifico\/\" \/>\n<meta property=\"og:site_name\" content=\"PER SE ESTETICA\" \/>\n<meta property=\"article:published_time\" content=\"2022-01-11T09:00:50+00:00\" \/>\n<meta property=\"og:image\" content=\"https:\/\/www.perseestetica.com\/wp-content\/uploads\/2022\/01\/Ganadoras-BLOG_22.jpg\" \/>\n\t<meta property=\"og:image:width\" content=\"1024\" \/>\n\t<meta property=\"og:image:height\" content=\"675\" \/>\n\t<meta property=\"og:image:type\" content=\"image\/jpeg\" \/>\n<meta name=\"author\" content=\"administraci\u00f3n\" \/>\n<meta name=\"twitter:card\" content=\"summary_large_image\" \/>\n<meta name=\"twitter:label1\" content=\"Escrito por\" \/>\n\t<meta name=\"twitter:data1\" content=\"administraci\u00f3n\" \/>\n\t<meta name=\"twitter:label2\" content=\"Tiempo de lectura\" \/>\n\t<meta name=\"twitter:data2\" content=\"1 minuto\" \/>\n<script type=\"application\/ld+json\" class=\"yoast-schema-graph\">{\"@context\":\"https:\/\/schema.org\",\"@graph\":[{\"@type\":\"Article\",\"@id\":\"https:\/\/www.perseestetica.com\/index.php\/2022\/01\/11\/ganadors-del-sorteo-de-nuestro-tratamiento-facial-especifico\/#article\",\"isPartOf\":{\"@id\":\"https:\/\/www.perseestetica.com\/index.php\/2022\/01\/11\/ganadors-del-sorteo-de-nuestro-tratamiento-facial-especifico\/\"},\"author\":{\"name\":\"administraci\u00f3n\",\"@id\":\"https:\/\/www.perseestetica.com\/#\/schema\/person\/dffe0e7ffbd7bd2d4816f9bd4f643eff\"},\"headline\":\"GANADOR@S DEL SORTEO DE NUESTRO TRATAMIENTO FACIAL ESPEC\u00cdFICO\",\"datePublished\":\"2022-01-11T09:00:50+00:00\",\"mainEntityOfPage\":{\"@id\":\"https:\/\/www.perseestetica.com\/index.php\/2022\/01\/11\/ganadors-del-sorteo-de-nuestro-tratamiento-facial-especifico\/\"},\"wordCount\":129,\"image\":{\"@id\":\"https:\/\/www.perseestetica.com\/index.php\/2022\/01\/11\/ganadors-del-sorteo-de-nuestro-tratamiento-facial-especifico\/#primaryimage\"},\"thumbnailUrl\":\"https:\/\/www.perseestetica.com\/wp-content\/uploads\/2022\/01\/Ganadoras-BLOG_22.jpg\",\"keywords\":[\"#sorteo #resultadossorteos #tratamientofacialespec\u00edfico #tratamientosfaciales #ganatratamientofacial #tratamientosdebelleza\"],\"articleSection\":[\"facial\",\"noticias\",\"PER SE\",\"promociones\",\"tratamiento\"],\"inLanguage\":\"es\"},{\"@type\":\"WebPage\",\"@id\":\"https:\/\/www.perseestetica.com\/index.php\/2022\/01\/11\/ganadors-del-sorteo-de-nuestro-tratamiento-facial-especifico\/\",\"url\":\"https:\/\/www.perseestetica.com\/index.php\/2022\/01\/11\/ganadors-del-sorteo-de-nuestro-tratamiento-facial-especifico\/\",\"name\":\"GANADOR@S DEL SORTEO DE NUESTRO TRATAMIENTO FACIAL ESPEC\u00cdFICO - PER SE ESTETICA\",\"isPartOf\":{\"@id\":\"https:\/\/www.perseestetica.com\/#website\"},\"primaryImageOfPage\":{\"@id\":\"https:\/\/www.perseestetica.com\/index.php\/2022\/01\/11\/ganadors-del-sorteo-de-nuestro-tratamiento-facial-especifico\/#primaryimage\"},\"image\":{\"@id\":\"https:\/\/www.perseestetica.com\/index.php\/2022\/01\/11\/ganadors-del-sorteo-de-nuestro-tratamiento-facial-especifico\/#primaryimage\"},\"thumbnailUrl\":\"https:\/\/www.perseestetica.com\/wp-content\/uploads\/2022\/01\/Ganadoras-BLOG_22.jpg\",\"datePublished\":\"2022-01-11T09:00:50+00:00\",\"author\":{\"@id\":\"https:\/\/www.perseestetica.com\/#\/schema\/person\/dffe0e7ffbd7bd2d4816f9bd4f643eff\"},\"breadcrumb\":{\"@id\":\"https:\/\/www.perseestetica.com\/index.php\/2022\/01\/11\/ganadors-del-sorteo-de-nuestro-tratamiento-facial-especifico\/#breadcrumb\"},\"inLanguage\":\"es\",\"potentialAction\":[{\"@type\":\"ReadAction\",\"target\":[\"https:\/\/www.perseestetica.com\/index.php\/2022\/01\/11\/ganadors-del-sorteo-de-nuestro-tratamiento-facial-especifico\/\"]}]},{\"@type\":\"ImageObject\",\"inLanguage\":\"es\",\"@id\":\"https:\/\/www.perseestetica.com\/index.php\/2022\/01\/11\/ganadors-del-sorteo-de-nuestro-tratamiento-facial-especifico\/#primaryimage\",\"url\":\"https:\/\/www.perseestetica.com\/wp-content\/uploads\/2022\/01\/Ganadoras-BLOG_22.jpg\",\"contentUrl\":\"https:\/\/www.perseestetica.com\/wp-content\/uploads\/2022\/01\/Ganadoras-BLOG_22.jpg\",\"width\":1024,\"height\":675},{\"@type\":\"BreadcrumbList\",\"@id\":\"https:\/\/www.perseestetica.com\/index.php\/2022\/01\/11\/ganadors-del-sorteo-de-nuestro-tratamiento-facial-especifico\/#breadcrumb\",\"itemListElement\":[{\"@type\":\"ListItem\",\"position\":1,\"name\":\"Portada\",\"item\":\"https:\/\/www.perseestetica.com\/\"},{\"@type\":\"ListItem\",\"position\":2,\"name\":\"GANADOR@S DEL SORTEO DE NUESTRO TRATAMIENTO FACIAL ESPEC\u00cdFICO\"}]},{\"@type\":\"WebSite\",\"@id\":\"https:\/\/www.perseestetica.com\/#website\",\"url\":\"https:\/\/www.perseestetica.com\/\",\"name\":\"PER SE ESTETICA\",\"description\":\"Centro de est\u00e9tica y bienestar en Vitoria-Gasteiz\",\"potentialAction\":[{\"@type\":\"SearchAction\",\"target\":{\"@type\":\"EntryPoint\",\"urlTemplate\":\"https:\/\/www.perseestetica.com\/?s={search_term_string}\"},\"query-input\":{\"@type\":\"PropertyValueSpecification\",\"valueRequired\":true,\"valueName\":\"search_term_string\"}}],\"inLanguage\":\"es\"},{\"@type\":\"Person\",\"@id\":\"https:\/\/www.perseestetica.com\/#\/schema\/person\/dffe0e7ffbd7bd2d4816f9bd4f643eff\",\"name\":\"administraci\u00f3n\",\"image\":{\"@type\":\"ImageObject\",\"inLanguage\":\"es\",\"@id\":\"https:\/\/www.perseestetica.com\/#\/schema\/person\/image\/\",\"url\":\"https:\/\/secure.gravatar.com\/avatar\/c80723aa5a9a47fa5daf35d0805cde1198a8010870d2be18ca924fd80ffac640?s=96&d=mm&r=g\",\"contentUrl\":\"https:\/\/secure.gravatar.com\/avatar\/c80723aa5a9a47fa5daf35d0805cde1198a8010870d2be18ca924fd80ffac640?s=96&d=mm&r=g\",\"caption\":\"administraci\u00f3n\"},\"url\":\"https:\/\/www.perseestetica.com\/index.php\/author\/admin\/\"}]}<\/script>\n<!-- \/ Yoast SEO plugin. -->","yoast_head_json":{"title":"GANADOR@S DEL SORTEO DE NUESTRO TRATAMIENTO FACIAL ESPEC\u00cdFICO - PER SE ESTETICA","robots":{"index":"index","follow":"follow","max-snippet":"max-snippet:-1","max-image-preview":"max-image-preview:large","max-video-preview":"max-video-preview:-1"},"canonical":"https:\/\/www.perseestetica.com\/index.php\/2022\/01\/11\/ganadors-del-sorteo-de-nuestro-tratamiento-facial-especifico\/","og_locale":"es_ES","og_type":"article","og_title":"GANADOR@S DEL SORTEO DE NUESTRO TRATAMIENTO FACIAL ESPEC\u00cdFICO - PER SE ESTETICA","og_description":"\u00a1Ya tenemos a los ganadores! \u00bfQuieres saber si has sido t\u00fa? Consulta el listado de los ganadores de esta Navidad en PER SE est\u00e9tica: Ganadora de\u00a0Facebook: @MariaAguayo\u2028 Ganadora de\u00a0Instagram: @luuciia.garcia\u2028 Ganadora del\u00a0punto de venta: Isabel Jimenez Si eres una de [&hellip;]","og_url":"https:\/\/www.perseestetica.com\/index.php\/2022\/01\/11\/ganadors-del-sorteo-de-nuestro-tratamiento-facial-especifico\/","og_site_name":"PER SE ESTETICA","article_published_time":"2022-01-11T09:00:50+00:00","og_image":[{"width":1024,"height":675,"url":"https:\/\/www.perseestetica.com\/wp-content\/uploads\/2022\/01\/Ganadoras-BLOG_22.jpg","type":"image\/jpeg"}],"author":"administraci\u00f3n","twitter_card":"summary_large_image","twitter_misc":{"Escrito por":"administraci\u00f3n","Tiempo de lectura":"1 minuto"},"schema":{"@context":"https:\/\/schema.org","@graph":[{"@type":"Article","@id":"https:\/\/www.perseestetica.com\/index.php\/2022\/01\/11\/ganadors-del-sorteo-de-nuestro-tratamiento-facial-especifico\/#article","isPartOf":{"@id":"https:\/\/www.perseestetica.com\/index.php\/2022\/01\/11\/ganadors-del-sorteo-de-nuestro-tratamiento-facial-especifico\/"},"author":{"name":"administraci\u00f3n","@id":"https:\/\/www.perseestetica.com\/#\/schema\/person\/dffe0e7ffbd7bd2d4816f9bd4f643eff"},"headline":"GANADOR@S DEL SORTEO DE NUESTRO TRATAMIENTO FACIAL ESPEC\u00cdFICO","datePublished":"2022-01-11T09:00:50+00:00","mainEntityOfPage":{"@id":"https:\/\/www.perseestetica.com\/index.php\/2022\/01\/11\/ganadors-del-sorteo-de-nuestro-tratamiento-facial-especifico\/"},"wordCount":129,"image":{"@id":"https:\/\/www.perseestetica.com\/index.php\/2022\/01\/11\/ganadors-del-sorteo-de-nuestro-tratamiento-facial-especifico\/#primaryimage"},"thumbnailUrl":"https:\/\/www.perseestetica.com\/wp-content\/uploads\/2022\/01\/Ganadoras-BLOG_22.jpg","keywords":["#sorteo #resultadossorteos #tratamientofacialespec\u00edfico #tratamientosfaciales #ganatratamientofacial #tratamientosdebelleza"],"articleSection":["facial","noticias","PER SE","promociones","tratamiento"],"inLanguage":"es"},{"@type":"WebPage","@id":"https:\/\/www.perseestetica.com\/index.php\/2022\/01\/11\/ganadors-del-sorteo-de-nuestro-tratamiento-facial-especifico\/","url":"https:\/\/www.perseestetica.com\/index.php\/2022\/01\/11\/ganadors-del-sorteo-de-nuestro-tratamiento-facial-especifico\/","name":"GANADOR@S DEL SORTEO DE NUESTRO TRATAMIENTO FACIAL ESPEC\u00cdFICO - PER SE ESTETICA","isPartOf":{"@id":"https:\/\/www.perseestetica.com\/#website"},"primaryImageOfPage":{"@id":"https:\/\/www.perseestetica.com\/index.php\/2022\/01\/11\/ganadors-del-sorteo-de-nuestro-tratamiento-facial-especifico\/#primaryimage"},"image":{"@id":"https:\/\/www.perseestetica.com\/index.php\/2022\/01\/11\/ganadors-del-sorteo-de-nuestro-tratamiento-facial-especifico\/#primaryimage"},"thumbnailUrl":"https:\/\/www.perseestetica.com\/wp-content\/uploads\/2022\/01\/Ganadoras-BLOG_22.jpg","datePublished":"2022-01-11T09:00:50+00:00","author":{"@id":"https:\/\/www.perseestetica.com\/#\/schema\/person\/dffe0e7ffbd7bd2d4816f9bd4f643eff"},"breadcrumb":{"@id":"https:\/\/www.perseestetica.com\/index.php\/2022\/01\/11\/ganadors-del-sorteo-de-nuestro-tratamiento-facial-especifico\/#breadcrumb"},"inLanguage":"es","potentialAction":[{"@type":"ReadAction","target":["https:\/\/www.perseestetica.com\/index.php\/2022\/01\/11\/ganadors-del-sorteo-de-nuestro-tratamiento-facial-especifico\/"]}]},{"@type":"ImageObject","inLanguage":"es","@id":"https:\/\/www.perseestetica.com\/index.php\/2022\/01\/11\/ganadors-del-sorteo-de-nuestro-tratamiento-facial-especifico\/#primaryimage","url":"https:\/\/www.perseestetica.com\/wp-content\/uploads\/2022\/01\/Ganadoras-BLOG_22.jpg","contentUrl":"https:\/\/www.perseestetica.com\/wp-content\/uploads\/2022\/01\/Ganadoras-BLOG_22.jpg","width":1024,"height":675},{"@type":"BreadcrumbList","@id":"https:\/\/www.perseestetica.com\/index.php\/2022\/01\/11\/ganadors-del-sorteo-de-nuestro-tratamiento-facial-especifico\/#breadcrumb","itemListElement":[{"@type":"ListItem","position":1,"name":"Portada","item":"https:\/\/www.perseestetica.com\/"},{"@type":"ListItem","position":2,"name":"GANADOR@S DEL SORTEO DE NUESTRO TRATAMIENTO FACIAL ESPEC\u00cdFICO"}]},{"@type":"WebSite","@id":"https:\/\/www.perseestetica.com\/#website","url":"https:\/\/www.perseestetica.com\/","name":"PER SE ESTETICA","description":"Centro de est\u00e9tica y bienestar en Vitoria-Gasteiz","potentialAction":[{"@type":"SearchAction","target":{"@type":"EntryPoint","urlTemplate":"https:\/\/www.perseestetica.com\/?s={search_term_string}"},"query-input":{"@type":"PropertyValueSpecification","valueRequired":true,"valueName":"search_term_string"}}],"inLanguage":"es"},{"@type":"Person","@id":"https:\/\/www.perseestetica.com\/#\/schema\/person\/dffe0e7ffbd7bd2d4816f9bd4f643eff","name":"administraci\u00f3n","image":{"@type":"ImageObject","inLanguage":"es","@id":"https:\/\/www.perseestetica.com\/#\/schema\/person\/image\/","url":"https:\/\/secure.gravatar.com\/avatar\/c80723aa5a9a47fa5daf35d0805cde1198a8010870d2be18ca924fd80ffac640?s=96&d=mm&r=g","contentUrl":"https:\/\/secure.gravatar.com\/avatar\/c80723aa5a9a47fa5daf35d0805cde1198a8010870d2be18ca924fd80ffac640?s=96&d=mm&r=g","caption":"administraci\u00f3n"},"url":"https:\/\/www.perseestetica.com\/index.php\/author\/admin\/"}]}},"_links":{"self":[{"href":"https:\/\/www.perseestetica.com\/index.php\/wp-json\/wp\/v2\/posts\/3791","targetHints":{"allow":["GET"]}}],"collection":[{"href":"https:\/\/www.perseestetica.com\/index.php\/wp-json\/wp\/v2\/posts"}],"about":[{"href":"https:\/\/www.perseestetica.com\/index.php\/wp-json\/wp\/v2\/types\/post"}],"author":[{"embeddable":true,"href":"https:\/\/www.perseestetica.com\/index.php\/wp-json\/wp\/v2\/users\/1"}],"replies":[{"embeddable":true,"href":"https:\/\/www.perseestetica.com\/index.php\/wp-json\/wp\/v2\/comments?post=3791"}],"version-history":[{"count":2,"href":"https:\/\/www.perseestetica.com\/index.php\/wp-json\/wp\/v2\/posts\/3791\/revisions"}],"predecessor-version":[{"id":3794,"href":"https:\/\/www.perseestetica.com\/index.php\/wp-json\/wp\/v2\/posts\/3791\/revisions\/3794"}],"wp:featuredmedia":[{"embeddable":true,"href":"https:\/\/www.perseestetica.com\/index.php\/wp-json\/wp\/v2\/media\/3792"}],"wp:attachment":[{"href":"https:\/\/www.perseestetica.com\/index.php\/wp-json\/wp\/v2\/media?parent=3791"}],"wp:term":[{"taxonomy":"category","embeddable":true,"href":"https:\/\/www.perseestetica.com\/index.php\/wp-json\/wp\/v2\/categories?post=3791"},{"taxonomy":"post_tag","embeddable":true,"href":"https:\/\/www.perseestetica.com\/index.php\/wp-json\/wp\/v2\/tags?post=3791"}],"curies":[{"name":"wp","href":"https:\/\/api.w.org\/{rel}","templated":true}]}}