{"id":3800,"date":"2022-02-15T16:51:37","date_gmt":"2022-02-15T16:51:37","guid":{"rendered":"https:\/\/www.perseestetica.com\/?p=3800"},"modified":"2022-02-15T16:55:17","modified_gmt":"2022-02-15T16:55:17","slug":"pack-anticelulitico-noche-y-dia","status":"publish","type":"post","link":"https:\/\/www.perseestetica.com\/index.php\/2022\/02\/15\/pack-anticelulitico-noche-y-dia\/","title":{"rendered":"PACK ANTICELUL\u00cdTICO NOCHE Y D\u00cdA"},"content":{"rendered":"<p><strong>Pack anticelul\u00edtico noche y d\u00eda <em>Contouring &amp; Cellulite.<\/em><\/strong><\/p>\n<p>La celulitis es un trastorno del tejido del que pocas mujeres podemos escapar. Independientemente del estilo de vida, la edad o la condici\u00f3n f\u00edsica, m\u00e1s del 90% de las mujeres sufrimos lo que habitualmente conocemos como piel de naranja. Para combatir este problema de belleza corporal, no basta solo con cuidar la alimentaci\u00f3n y mantener una actividad f\u00edsica constante, sino que, podemos reforzarlo con la aplicaci\u00f3n de las famosas cremas anticelul\u00edticas. Estas cremas se convierten en todo un acierto para luchar contra la celulitis. Desde PER SE est\u00e9tica te recomendamos este DUO de la casa Phytomer. Un magn\u00edfico aliado para conseguir afinar las redondeces.<\/p>\n<p>&nbsp;<\/p>\n<p><strong>CELLULI NIGHT COACH. Primer r\u00e9gimen cosm\u00e9tico de noche.\u00a0<\/strong> Prueba nuestra mascarilla anti-celul\u00edtica nocturna. Elimina la celulitis y la piel de naranja. Su principio activo in\u00e9dito, la Absenta Mar\u00edtima, ataca a los az\u00facares para frenar el almacenamiento de grasa por la noche y favocere su eliminaci\u00f3n al despertar. Su textura bi-gel envuelve las formas corporales para revelar una silueta afinada.<\/p>\n<p>Noche tras noche, disminuye la visibilidad de la celulitis y reduce la apariencia de piel de naranja y hoyuelos de celulitis.<\/p>\n<p>Aplicar por la noche sobre las zonas espec\u00edficas (nalgas, cintura, caderas, vientre) masajeando mediante movimientos circulares ascendentes.<\/p>\n<p>&nbsp;<\/p>\n<p><strong>LOTION<em>P5 <\/em>Adelgazante Loci\u00f3nP5 Concentrado, redondeces localizadas.<\/strong> Tratamiento espec\u00edfico para curvas.<\/p>\n<p>Phytomer incorpora unos eficaces ingredientes marinos en la loci\u00f3n P5 para reducir de forma visible la silueta. En su textura se combina la eficacia del OLIGOMER, un exclusivo concentrado de agua del mar en una alt\u00edsima concentraci\u00f3n con el poder adelgazante de un c\u00f3ctel de 4 extractos de algas.<\/p>\n<p>Aplicar unas gotas por la ma\u00f1ana y por la noche en todas las zonas en las que haya redondeces (caderas, gl\u00fateos, muslos, cartucheras, abdomen&#8230;) efectuando movimientos circulares ascendentes.<\/p>\n<p>D\u00eda tras d\u00eda las caderas y los muslos se estilizan.<\/p>\n<p>&nbsp;<\/p>\n<p>No dejes escapar esta oportunidad y hazte con nuestro DUO PROMOTION de Phytomer.<\/p>\n<p>Si quieres reservar el tuyo \u00a1Ll\u00e1manos!<\/p>\n<p>CUA, CUA&#8230;<\/p>\n","protected":false},"excerpt":{"rendered":"<p>Pack anticelul\u00edtico noche y d\u00eda Contouring &amp; Cellulite. La celulitis es un trastorno del tejido del que pocas mujeres podemos escapar. Independientemente del estilo de vida, la edad o la condici\u00f3n f\u00edsica, m\u00e1s del 90% de las mujeres sufrimos lo [&hellip;]<\/p>\n","protected":false},"author":1,"featured_media":3801,"comment_status":"open","ping_status":"open","sticky":false,"template":"","format":"standard","meta":{"footnotes":""},"categories":[122,125,117,118],"tags":[238,239,234,235,233,237,232,236,206],"class_list":["post-3800","post","type-post","status-publish","format-standard","has-post-thumbnail","hentry","category-corporal","category-noticias","category-per-se","category-promociones","tag-adelgazante","tag-afinarcurvas","tag-anti-celulitico","tag-anticelulitis","tag-bi-gel","tag-duo-anti-celulitico","tag-lotionp5","tag-mascarilla-anti-celulitica","tag-phytomer"],"yoast_head":"<!-- This site is optimized with the Yoast SEO plugin v27.0 - https:\/\/yoast.com\/product\/yoast-seo-wordpress\/ -->\n<title>PACK ANTICELUL\u00cdTICO NOCHE Y D\u00cdA - PER SE ESTETICA<\/title>\n<meta name=\"robots\" content=\"index, follow, max-snippet:-1, max-image-preview:large, max-video-preview:-1\" \/>\n<link rel=\"canonical\" href=\"https:\/\/www.perseestetica.com\/index.php\/2022\/02\/15\/pack-anticelulitico-noche-y-dia\/\" \/>\n<meta property=\"og:locale\" content=\"es_ES\" \/>\n<meta property=\"og:type\" content=\"article\" \/>\n<meta property=\"og:title\" content=\"PACK ANTICELUL\u00cdTICO NOCHE Y D\u00cdA - PER SE ESTETICA\" \/>\n<meta property=\"og:description\" content=\"Pack anticelul\u00edtico noche y d\u00eda Contouring &amp; Cellulite. La celulitis es un trastorno del tejido del que pocas mujeres podemos escapar. Independientemente del estilo de vida, la edad o la condici\u00f3n f\u00edsica, m\u00e1s del 90% de las mujeres sufrimos lo [&hellip;]\" \/>\n<meta property=\"og:url\" content=\"https:\/\/www.perseestetica.com\/index.php\/2022\/02\/15\/pack-anticelulitico-noche-y-dia\/\" \/>\n<meta property=\"og:site_name\" content=\"PER SE ESTETICA\" \/>\n<meta property=\"article:published_time\" content=\"2022-02-15T16:51:37+00:00\" \/>\n<meta property=\"article:modified_time\" content=\"2022-02-15T16:55:17+00:00\" \/>\n<meta property=\"og:image\" content=\"https:\/\/www.perseestetica.com\/wp-content\/uploads\/2022\/02\/Portada-DUO.jpg\" \/>\n\t<meta property=\"og:image:width\" content=\"1024\" \/>\n\t<meta property=\"og:image:height\" content=\"675\" \/>\n\t<meta property=\"og:image:type\" content=\"image\/jpeg\" \/>\n<meta name=\"author\" content=\"administraci\u00f3n\" \/>\n<meta name=\"twitter:card\" content=\"summary_large_image\" \/>\n<meta name=\"twitter:label1\" content=\"Escrito por\" \/>\n\t<meta name=\"twitter:data1\" content=\"administraci\u00f3n\" \/>\n\t<meta name=\"twitter:label2\" content=\"Tiempo de lectura\" \/>\n\t<meta name=\"twitter:data2\" content=\"2 minutos\" \/>\n<script type=\"application\/ld+json\" class=\"yoast-schema-graph\">{\"@context\":\"https:\/\/schema.org\",\"@graph\":[{\"@type\":\"Article\",\"@id\":\"https:\/\/www.perseestetica.com\/index.php\/2022\/02\/15\/pack-anticelulitico-noche-y-dia\/#article\",\"isPartOf\":{\"@id\":\"https:\/\/www.perseestetica.com\/index.php\/2022\/02\/15\/pack-anticelulitico-noche-y-dia\/\"},\"author\":{\"name\":\"administraci\u00f3n\",\"@id\":\"https:\/\/www.perseestetica.com\/#\/schema\/person\/dffe0e7ffbd7bd2d4816f9bd4f643eff\"},\"headline\":\"PACK ANTICELUL\u00cdTICO NOCHE Y D\u00cdA\",\"datePublished\":\"2022-02-15T16:51:37+00:00\",\"dateModified\":\"2022-02-15T16:55:17+00:00\",\"mainEntityOfPage\":{\"@id\":\"https:\/\/www.perseestetica.com\/index.php\/2022\/02\/15\/pack-anticelulitico-noche-y-dia\/\"},\"wordCount\":365,\"commentCount\":0,\"image\":{\"@id\":\"https:\/\/www.perseestetica.com\/index.php\/2022\/02\/15\/pack-anticelulitico-noche-y-dia\/#primaryimage\"},\"thumbnailUrl\":\"https:\/\/www.perseestetica.com\/wp-content\/uploads\/2022\/02\/Portada-DUO.jpg\",\"keywords\":[\"adelgazante\",\"afinarcurvas\",\"anti-celul\u00edtico\",\"anticelulitis\",\"Bi-gel\",\"duo anti-celul\u00edtico\",\"LotionP5\",\"mascarilla anti-celul\u00edtica\",\"phytomer\"],\"articleSection\":[\"corporal\",\"noticias\",\"PER SE\",\"promociones\"],\"inLanguage\":\"es\",\"potentialAction\":[{\"@type\":\"CommentAction\",\"name\":\"Comment\",\"target\":[\"https:\/\/www.perseestetica.com\/index.php\/2022\/02\/15\/pack-anticelulitico-noche-y-dia\/#respond\"]}]},{\"@type\":\"WebPage\",\"@id\":\"https:\/\/www.perseestetica.com\/index.php\/2022\/02\/15\/pack-anticelulitico-noche-y-dia\/\",\"url\":\"https:\/\/www.perseestetica.com\/index.php\/2022\/02\/15\/pack-anticelulitico-noche-y-dia\/\",\"name\":\"PACK ANTICELUL\u00cdTICO NOCHE Y D\u00cdA - PER SE ESTETICA\",\"isPartOf\":{\"@id\":\"https:\/\/www.perseestetica.com\/#website\"},\"primaryImageOfPage\":{\"@id\":\"https:\/\/www.perseestetica.com\/index.php\/2022\/02\/15\/pack-anticelulitico-noche-y-dia\/#primaryimage\"},\"image\":{\"@id\":\"https:\/\/www.perseestetica.com\/index.php\/2022\/02\/15\/pack-anticelulitico-noche-y-dia\/#primaryimage\"},\"thumbnailUrl\":\"https:\/\/www.perseestetica.com\/wp-content\/uploads\/2022\/02\/Portada-DUO.jpg\",\"datePublished\":\"2022-02-15T16:51:37+00:00\",\"dateModified\":\"2022-02-15T16:55:17+00:00\",\"author\":{\"@id\":\"https:\/\/www.perseestetica.com\/#\/schema\/person\/dffe0e7ffbd7bd2d4816f9bd4f643eff\"},\"breadcrumb\":{\"@id\":\"https:\/\/www.perseestetica.com\/index.php\/2022\/02\/15\/pack-anticelulitico-noche-y-dia\/#breadcrumb\"},\"inLanguage\":\"es\",\"potentialAction\":[{\"@type\":\"ReadAction\",\"target\":[\"https:\/\/www.perseestetica.com\/index.php\/2022\/02\/15\/pack-anticelulitico-noche-y-dia\/\"]}]},{\"@type\":\"ImageObject\",\"inLanguage\":\"es\",\"@id\":\"https:\/\/www.perseestetica.com\/index.php\/2022\/02\/15\/pack-anticelulitico-noche-y-dia\/#primaryimage\",\"url\":\"https:\/\/www.perseestetica.com\/wp-content\/uploads\/2022\/02\/Portada-DUO.jpg\",\"contentUrl\":\"https:\/\/www.perseestetica.com\/wp-content\/uploads\/2022\/02\/Portada-DUO.jpg\",\"width\":1024,\"height\":675},{\"@type\":\"BreadcrumbList\",\"@id\":\"https:\/\/www.perseestetica.com\/index.php\/2022\/02\/15\/pack-anticelulitico-noche-y-dia\/#breadcrumb\",\"itemListElement\":[{\"@type\":\"ListItem\",\"position\":1,\"name\":\"Portada\",\"item\":\"https:\/\/www.perseestetica.com\/\"},{\"@type\":\"ListItem\",\"position\":2,\"name\":\"PACK ANTICELUL\u00cdTICO NOCHE Y D\u00cdA\"}]},{\"@type\":\"WebSite\",\"@id\":\"https:\/\/www.perseestetica.com\/#website\",\"url\":\"https:\/\/www.perseestetica.com\/\",\"name\":\"PER SE ESTETICA\",\"description\":\"Centro de est\u00e9tica y bienestar en Vitoria-Gasteiz\",\"potentialAction\":[{\"@type\":\"SearchAction\",\"target\":{\"@type\":\"EntryPoint\",\"urlTemplate\":\"https:\/\/www.perseestetica.com\/?s={search_term_string}\"},\"query-input\":{\"@type\":\"PropertyValueSpecification\",\"valueRequired\":true,\"valueName\":\"search_term_string\"}}],\"inLanguage\":\"es\"},{\"@type\":\"Person\",\"@id\":\"https:\/\/www.perseestetica.com\/#\/schema\/person\/dffe0e7ffbd7bd2d4816f9bd4f643eff\",\"name\":\"administraci\u00f3n\",\"image\":{\"@type\":\"ImageObject\",\"inLanguage\":\"es\",\"@id\":\"https:\/\/www.perseestetica.com\/#\/schema\/person\/image\/\",\"url\":\"https:\/\/secure.gravatar.com\/avatar\/c80723aa5a9a47fa5daf35d0805cde1198a8010870d2be18ca924fd80ffac640?s=96&d=mm&r=g\",\"contentUrl\":\"https:\/\/secure.gravatar.com\/avatar\/c80723aa5a9a47fa5daf35d0805cde1198a8010870d2be18ca924fd80ffac640?s=96&d=mm&r=g\",\"caption\":\"administraci\u00f3n\"},\"url\":\"https:\/\/www.perseestetica.com\/index.php\/author\/admin\/\"}]}<\/script>\n<!-- \/ Yoast SEO plugin. -->","yoast_head_json":{"title":"PACK ANTICELUL\u00cdTICO NOCHE Y D\u00cdA - PER SE ESTETICA","robots":{"index":"index","follow":"follow","max-snippet":"max-snippet:-1","max-image-preview":"max-image-preview:large","max-video-preview":"max-video-preview:-1"},"canonical":"https:\/\/www.perseestetica.com\/index.php\/2022\/02\/15\/pack-anticelulitico-noche-y-dia\/","og_locale":"es_ES","og_type":"article","og_title":"PACK ANTICELUL\u00cdTICO NOCHE Y D\u00cdA - PER SE ESTETICA","og_description":"Pack anticelul\u00edtico noche y d\u00eda Contouring &amp; Cellulite. La celulitis es un trastorno del tejido del que pocas mujeres podemos escapar. Independientemente del estilo de vida, la edad o la condici\u00f3n f\u00edsica, m\u00e1s del 90% de las mujeres sufrimos lo [&hellip;]","og_url":"https:\/\/www.perseestetica.com\/index.php\/2022\/02\/15\/pack-anticelulitico-noche-y-dia\/","og_site_name":"PER SE ESTETICA","article_published_time":"2022-02-15T16:51:37+00:00","article_modified_time":"2022-02-15T16:55:17+00:00","og_image":[{"width":1024,"height":675,"url":"https:\/\/www.perseestetica.com\/wp-content\/uploads\/2022\/02\/Portada-DUO.jpg","type":"image\/jpeg"}],"author":"administraci\u00f3n","twitter_card":"summary_large_image","twitter_misc":{"Escrito por":"administraci\u00f3n","Tiempo de lectura":"2 minutos"},"schema":{"@context":"https:\/\/schema.org","@graph":[{"@type":"Article","@id":"https:\/\/www.perseestetica.com\/index.php\/2022\/02\/15\/pack-anticelulitico-noche-y-dia\/#article","isPartOf":{"@id":"https:\/\/www.perseestetica.com\/index.php\/2022\/02\/15\/pack-anticelulitico-noche-y-dia\/"},"author":{"name":"administraci\u00f3n","@id":"https:\/\/www.perseestetica.com\/#\/schema\/person\/dffe0e7ffbd7bd2d4816f9bd4f643eff"},"headline":"PACK ANTICELUL\u00cdTICO NOCHE Y D\u00cdA","datePublished":"2022-02-15T16:51:37+00:00","dateModified":"2022-02-15T16:55:17+00:00","mainEntityOfPage":{"@id":"https:\/\/www.perseestetica.com\/index.php\/2022\/02\/15\/pack-anticelulitico-noche-y-dia\/"},"wordCount":365,"commentCount":0,"image":{"@id":"https:\/\/www.perseestetica.com\/index.php\/2022\/02\/15\/pack-anticelulitico-noche-y-dia\/#primaryimage"},"thumbnailUrl":"https:\/\/www.perseestetica.com\/wp-content\/uploads\/2022\/02\/Portada-DUO.jpg","keywords":["adelgazante","afinarcurvas","anti-celul\u00edtico","anticelulitis","Bi-gel","duo anti-celul\u00edtico","LotionP5","mascarilla anti-celul\u00edtica","phytomer"],"articleSection":["corporal","noticias","PER SE","promociones"],"inLanguage":"es","potentialAction":[{"@type":"CommentAction","name":"Comment","target":["https:\/\/www.perseestetica.com\/index.php\/2022\/02\/15\/pack-anticelulitico-noche-y-dia\/#respond"]}]},{"@type":"WebPage","@id":"https:\/\/www.perseestetica.com\/index.php\/2022\/02\/15\/pack-anticelulitico-noche-y-dia\/","url":"https:\/\/www.perseestetica.com\/index.php\/2022\/02\/15\/pack-anticelulitico-noche-y-dia\/","name":"PACK ANTICELUL\u00cdTICO NOCHE Y D\u00cdA - PER SE ESTETICA","isPartOf":{"@id":"https:\/\/www.perseestetica.com\/#website"},"primaryImageOfPage":{"@id":"https:\/\/www.perseestetica.com\/index.php\/2022\/02\/15\/pack-anticelulitico-noche-y-dia\/#primaryimage"},"image":{"@id":"https:\/\/www.perseestetica.com\/index.php\/2022\/02\/15\/pack-anticelulitico-noche-y-dia\/#primaryimage"},"thumbnailUrl":"https:\/\/www.perseestetica.com\/wp-content\/uploads\/2022\/02\/Portada-DUO.jpg","datePublished":"2022-02-15T16:51:37+00:00","dateModified":"2022-02-15T16:55:17+00:00","author":{"@id":"https:\/\/www.perseestetica.com\/#\/schema\/person\/dffe0e7ffbd7bd2d4816f9bd4f643eff"},"breadcrumb":{"@id":"https:\/\/www.perseestetica.com\/index.php\/2022\/02\/15\/pack-anticelulitico-noche-y-dia\/#breadcrumb"},"inLanguage":"es","potentialAction":[{"@type":"ReadAction","target":["https:\/\/www.perseestetica.com\/index.php\/2022\/02\/15\/pack-anticelulitico-noche-y-dia\/"]}]},{"@type":"ImageObject","inLanguage":"es","@id":"https:\/\/www.perseestetica.com\/index.php\/2022\/02\/15\/pack-anticelulitico-noche-y-dia\/#primaryimage","url":"https:\/\/www.perseestetica.com\/wp-content\/uploads\/2022\/02\/Portada-DUO.jpg","contentUrl":"https:\/\/www.perseestetica.com\/wp-content\/uploads\/2022\/02\/Portada-DUO.jpg","width":1024,"height":675},{"@type":"BreadcrumbList","@id":"https:\/\/www.perseestetica.com\/index.php\/2022\/02\/15\/pack-anticelulitico-noche-y-dia\/#breadcrumb","itemListElement":[{"@type":"ListItem","position":1,"name":"Portada","item":"https:\/\/www.perseestetica.com\/"},{"@type":"ListItem","position":2,"name":"PACK ANTICELUL\u00cdTICO NOCHE Y D\u00cdA"}]},{"@type":"WebSite","@id":"https:\/\/www.perseestetica.com\/#website","url":"https:\/\/www.perseestetica.com\/","name":"PER SE ESTETICA","description":"Centro de est\u00e9tica y bienestar en Vitoria-Gasteiz","potentialAction":[{"@type":"SearchAction","target":{"@type":"EntryPoint","urlTemplate":"https:\/\/www.perseestetica.com\/?s={search_term_string}"},"query-input":{"@type":"PropertyValueSpecification","valueRequired":true,"valueName":"search_term_string"}}],"inLanguage":"es"},{"@type":"Person","@id":"https:\/\/www.perseestetica.com\/#\/schema\/person\/dffe0e7ffbd7bd2d4816f9bd4f643eff","name":"administraci\u00f3n","image":{"@type":"ImageObject","inLanguage":"es","@id":"https:\/\/www.perseestetica.com\/#\/schema\/person\/image\/","url":"https:\/\/secure.gravatar.com\/avatar\/c80723aa5a9a47fa5daf35d0805cde1198a8010870d2be18ca924fd80ffac640?s=96&d=mm&r=g","contentUrl":"https:\/\/secure.gravatar.com\/avatar\/c80723aa5a9a47fa5daf35d0805cde1198a8010870d2be18ca924fd80ffac640?s=96&d=mm&r=g","caption":"administraci\u00f3n"},"url":"https:\/\/www.perseestetica.com\/index.php\/author\/admin\/"}]}},"_links":{"self":[{"href":"https:\/\/www.perseestetica.com\/index.php\/wp-json\/wp\/v2\/posts\/3800","targetHints":{"allow":["GET"]}}],"collection":[{"href":"https:\/\/www.perseestetica.com\/index.php\/wp-json\/wp\/v2\/posts"}],"about":[{"href":"https:\/\/www.perseestetica.com\/index.php\/wp-json\/wp\/v2\/types\/post"}],"author":[{"embeddable":true,"href":"https:\/\/www.perseestetica.com\/index.php\/wp-json\/wp\/v2\/users\/1"}],"replies":[{"embeddable":true,"href":"https:\/\/www.perseestetica.com\/index.php\/wp-json\/wp\/v2\/comments?post=3800"}],"version-history":[{"count":8,"href":"https:\/\/www.perseestetica.com\/index.php\/wp-json\/wp\/v2\/posts\/3800\/revisions"}],"predecessor-version":[{"id":3809,"href":"https:\/\/www.perseestetica.com\/index.php\/wp-json\/wp\/v2\/posts\/3800\/revisions\/3809"}],"wp:featuredmedia":[{"embeddable":true,"href":"https:\/\/www.perseestetica.com\/index.php\/wp-json\/wp\/v2\/media\/3801"}],"wp:attachment":[{"href":"https:\/\/www.perseestetica.com\/index.php\/wp-json\/wp\/v2\/media?parent=3800"}],"wp:term":[{"taxonomy":"category","embeddable":true,"href":"https:\/\/www.perseestetica.com\/index.php\/wp-json\/wp\/v2\/categories?post=3800"},{"taxonomy":"post_tag","embeddable":true,"href":"https:\/\/www.perseestetica.com\/index.php\/wp-json\/wp\/v2\/tags?post=3800"}],"curies":[{"name":"wp","href":"https:\/\/api.w.org\/{rel}","templated":true}]}}