{"id":3853,"date":"2022-04-18T08:00:34","date_gmt":"2022-04-18T08:00:34","guid":{"rendered":"https:\/\/www.perseestetica.com\/?p=3853"},"modified":"2022-04-12T08:48:29","modified_gmt":"2022-04-12T08:48:29","slug":"vie-collection-presenta-duo-booster","status":"publish","type":"post","link":"https:\/\/www.perseestetica.com\/index.php\/2022\/04\/18\/vie-collection-presenta-duo-booster\/","title":{"rendered":"Vie collection presenta Duo Booster"},"content":{"rendered":"<p class=\"p1\"><span class=\"s1\">Atentas tod@s, e<\/span><span class=\"s1\">n #PERSEestetica te ofrecemos un <strong>20% de descuento por el <em>DUO BOOSTER <\/em>* <\/strong><\/span><span class=\"s1\">De 116 \u20ac a 93 \u20ac.<\/span><\/p>\n<p class=\"p1\"><span class=\"s1\">Una verdadera oportunidad para <strong>conseguir una piel perfecta,<\/strong>\u00a0Este paquete d\u00fao re\u00fane dos de los productos m\u00e1s vendidos de Vie Collection para combatir eficazmente los signos visibles del envejecimiento.<\/span><\/p>\n<p class=\"p1\"><strong><span class=\"s1\">A.- VITA C, soluci\u00f3n concentrada que reactiva las funciones biol\u00f3gicas de la piel.<\/span><\/strong><\/p>\n<p class=\"p1\"><span class=\"s1\">1.- Aum\u00e9ntalas s\u00edntesis de col\u00e1geno.<\/span><\/p>\n<p class=\"p1\"><span class=\"s1\">2.- Revitaliza las c\u00e9lulas.<\/span><\/p>\n<p class=\"p1\"><span class=\"s1\">3.- Atrapa los radicales libres.<\/span><\/p>\n<p class=\"p1\"><span class=\"s1\">Consigue luminosidad, resplandor y una piel lisa. <\/span><\/p>\n<p class=\"p1\"><span class=\"s1\">Aplicar por la noche. <\/span><\/p>\n<p class=\"p1\"><span class=\"s1\">Una soluci\u00f3n acuosa sutilmente gelificada.<\/span><\/p>\n<p class=\"p1\"><span class=\"s1\">Sin perfume.<\/span><\/p>\n<p><img loading=\"lazy\" decoding=\"async\" class=\"aligncenter wp-image-3854\" src=\"https:\/\/www.perseestetica.com\/wp-content\/uploads\/2022\/04\/vitamina-C.jpg\" alt=\"\" width=\"400\" height=\"559\" srcset=\"https:\/\/www.perseestetica.com\/wp-content\/uploads\/2022\/04\/vitamina-C.jpg 696w, https:\/\/www.perseestetica.com\/wp-content\/uploads\/2022\/04\/vitamina-C-215x300.jpg 215w, https:\/\/www.perseestetica.com\/wp-content\/uploads\/2022\/04\/vitamina-C-600x838.jpg 600w\" sizes=\"auto, (max-width: 400px) 100vw, 400px\" \/><\/p>\n<p>&nbsp;<\/p>\n<p>&nbsp;<\/p>\n<p class=\"p1\"><strong><span class=\"s1\">B.- DIMENSION RIDES.<\/span><\/strong><\/p>\n<p class=\"p1\"><span class=\"s1\">Crema para combatir todas las arrugas. Un concentrado de \u00e1cido hialur\u00f3nicos. Alisa las arrugas y rellena la \u00e1reas profundas. Antiarrugas. <\/span><\/p>\n<p class=\"p1\"><span class=\"s1\">S\u00e9rum l\u00e1cteo sin perfume.<\/span><\/p>\n<p class=\"p1\"><span class=\"s1\">Un tr\u00edo de \u00e1cidos hialur\u00f3nicos:<\/span><\/p>\n<p class=\"p1\"><span class=\"s1\">1.- Encapsulado de alto peso molecular para re densificar y rellenar arrugas profundas.<\/span><\/p>\n<p class=\"p1\"><span class=\"s1\">3.- Bajo peso molecular libre para rellenar y arrugas superficiales lisas.<\/span><\/p>\n<p class=\"p1\"><span class=\"s1\">3.- Alto \u00f3seo molecular libre para rehidratar intensamente.<\/span><\/p>\n<p class=\"p1\"><span class=\"s1\">Aplicar por las ma\u00f1anas.<\/span><\/p>\n<p><img loading=\"lazy\" decoding=\"async\" class=\"aligncenter wp-image-3855\" src=\"https:\/\/www.perseestetica.com\/wp-content\/uploads\/2022\/04\/Dimension-215x300.jpg\" alt=\"\" width=\"400\" height=\"559\" srcset=\"https:\/\/www.perseestetica.com\/wp-content\/uploads\/2022\/04\/Dimension-215x300.jpg 215w, https:\/\/www.perseestetica.com\/wp-content\/uploads\/2022\/04\/Dimension-600x838.jpg 600w, https:\/\/www.perseestetica.com\/wp-content\/uploads\/2022\/04\/Dimension.jpg 696w\" sizes=\"auto, (max-width: 400px) 100vw, 400px\" \/><\/p>\n<p>&nbsp;<\/p>\n<p>&nbsp;<\/p>\n<p>&nbsp;<\/p>\n<p>&nbsp;<\/p>\n<p>&nbsp;<\/p>\n<p>&nbsp;<\/p>\n<p>&nbsp;<\/p>\n<p>&nbsp;<\/p>\n<p>&nbsp;<\/p>\n<p>\u00a1Ven a #PERSEestetica!, \u00a1Te esperamos!<\/p>\n<p class=\"p1\"><span class=\"s1\">Se pueden comprar los dos productos juntos, el DUO BLOOSTER de Vie Collection, o tambi\u00e9n hacerlo por separado. \u00a1T\u00fa decides!<\/span><\/p>\n<p>&nbsp;<\/p>\n<p>*Oferta v\u00e1lida solo en la compra del <em>Duo Booster.<\/em><\/p>\n<p>&nbsp;<\/p>\n","protected":false},"excerpt":{"rendered":"<p>Atentas tod@s, en #PERSEestetica te ofrecemos un 20% de descuento por el DUO BOOSTER * De 116 \u20ac a 93 \u20ac. Una verdadera oportunidad para conseguir una piel perfecta,\u00a0Este paquete d\u00fao re\u00fane dos de los productos m\u00e1s vendidos de Vie [&hellip;]<\/p>\n","protected":false},"author":1,"featured_media":3861,"comment_status":"open","ping_status":"open","sticky":false,"template":"","format":"standard","meta":{"footnotes":""},"categories":[119,125,117,118],"tags":[242,241],"class_list":["post-3853","post","type-post","status-publish","format-standard","has-post-thumbnail","hentry","category-facial","category-noticias","category-per-se","category-promociones","tag-contraelenvejecimiento-antiedad-contraarrugas-tratamientoenvejecimientopiel-pielenvejecida","tag-viecollection-vita-c-dimensionrides-duobooster-ofertaduo-20scuentoduo"],"yoast_head":"<!-- This site is optimized with the Yoast SEO plugin v27.0 - https:\/\/yoast.com\/product\/yoast-seo-wordpress\/ -->\n<title>Vie collection presenta Duo Booster - PER SE ESTETICA<\/title>\n<meta name=\"robots\" content=\"index, follow, max-snippet:-1, max-image-preview:large, max-video-preview:-1\" \/>\n<link rel=\"canonical\" href=\"https:\/\/www.perseestetica.com\/index.php\/2022\/04\/18\/vie-collection-presenta-duo-booster\/\" \/>\n<meta property=\"og:locale\" content=\"es_ES\" \/>\n<meta property=\"og:type\" content=\"article\" \/>\n<meta property=\"og:title\" content=\"Vie collection presenta Duo Booster - PER SE ESTETICA\" \/>\n<meta property=\"og:description\" content=\"Atentas tod@s, en #PERSEestetica te ofrecemos un 20% de descuento por el DUO BOOSTER * De 116 \u20ac a 93 \u20ac. Una verdadera oportunidad para conseguir una piel perfecta,\u00a0Este paquete d\u00fao re\u00fane dos de los productos m\u00e1s vendidos de Vie [&hellip;]\" \/>\n<meta property=\"og:url\" content=\"https:\/\/www.perseestetica.com\/index.php\/2022\/04\/18\/vie-collection-presenta-duo-booster\/\" \/>\n<meta property=\"og:site_name\" content=\"PER SE ESTETICA\" \/>\n<meta property=\"article:published_time\" content=\"2022-04-18T08:00:34+00:00\" \/>\n<meta property=\"og:image\" content=\"https:\/\/www.perseestetica.com\/wp-content\/uploads\/2022\/04\/PortadaDUO-OK.jpg\" \/>\n\t<meta property=\"og:image:width\" content=\"1024\" \/>\n\t<meta property=\"og:image:height\" content=\"675\" \/>\n\t<meta property=\"og:image:type\" content=\"image\/jpeg\" \/>\n<meta name=\"author\" content=\"administraci\u00f3n\" \/>\n<meta name=\"twitter:card\" content=\"summary_large_image\" \/>\n<meta name=\"twitter:label1\" content=\"Escrito por\" \/>\n\t<meta name=\"twitter:data1\" content=\"administraci\u00f3n\" \/>\n\t<meta name=\"twitter:label2\" content=\"Tiempo de lectura\" \/>\n\t<meta name=\"twitter:data2\" content=\"1 minuto\" \/>\n<script type=\"application\/ld+json\" class=\"yoast-schema-graph\">{\"@context\":\"https:\/\/schema.org\",\"@graph\":[{\"@type\":\"Article\",\"@id\":\"https:\/\/www.perseestetica.com\/index.php\/2022\/04\/18\/vie-collection-presenta-duo-booster\/#article\",\"isPartOf\":{\"@id\":\"https:\/\/www.perseestetica.com\/index.php\/2022\/04\/18\/vie-collection-presenta-duo-booster\/\"},\"author\":{\"name\":\"administraci\u00f3n\",\"@id\":\"https:\/\/www.perseestetica.com\/#\/schema\/person\/dffe0e7ffbd7bd2d4816f9bd4f643eff\"},\"headline\":\"Vie collection presenta Duo Booster\",\"datePublished\":\"2022-04-18T08:00:34+00:00\",\"mainEntityOfPage\":{\"@id\":\"https:\/\/www.perseestetica.com\/index.php\/2022\/04\/18\/vie-collection-presenta-duo-booster\/\"},\"wordCount\":231,\"commentCount\":0,\"image\":{\"@id\":\"https:\/\/www.perseestetica.com\/index.php\/2022\/04\/18\/vie-collection-presenta-duo-booster\/#primaryimage\"},\"thumbnailUrl\":\"https:\/\/www.perseestetica.com\/wp-content\/uploads\/2022\/04\/PortadaDUO-OK.jpg\",\"keywords\":[\"#contraelenvejecimiento #antiedad #contraarrugas #tratamientoenvejecimientopiel #pielenvejecida\",\"#VIECOLLECTION #VITA C #DIMENSIONRIDES #DUOBOOSTER #OFERTADUO #20scuentoDUO\"],\"articleSection\":[\"facial\",\"noticias\",\"PER SE\",\"promociones\"],\"inLanguage\":\"es\",\"potentialAction\":[{\"@type\":\"CommentAction\",\"name\":\"Comment\",\"target\":[\"https:\/\/www.perseestetica.com\/index.php\/2022\/04\/18\/vie-collection-presenta-duo-booster\/#respond\"]}]},{\"@type\":\"WebPage\",\"@id\":\"https:\/\/www.perseestetica.com\/index.php\/2022\/04\/18\/vie-collection-presenta-duo-booster\/\",\"url\":\"https:\/\/www.perseestetica.com\/index.php\/2022\/04\/18\/vie-collection-presenta-duo-booster\/\",\"name\":\"Vie collection presenta Duo Booster - PER SE ESTETICA\",\"isPartOf\":{\"@id\":\"https:\/\/www.perseestetica.com\/#website\"},\"primaryImageOfPage\":{\"@id\":\"https:\/\/www.perseestetica.com\/index.php\/2022\/04\/18\/vie-collection-presenta-duo-booster\/#primaryimage\"},\"image\":{\"@id\":\"https:\/\/www.perseestetica.com\/index.php\/2022\/04\/18\/vie-collection-presenta-duo-booster\/#primaryimage\"},\"thumbnailUrl\":\"https:\/\/www.perseestetica.com\/wp-content\/uploads\/2022\/04\/PortadaDUO-OK.jpg\",\"datePublished\":\"2022-04-18T08:00:34+00:00\",\"author\":{\"@id\":\"https:\/\/www.perseestetica.com\/#\/schema\/person\/dffe0e7ffbd7bd2d4816f9bd4f643eff\"},\"breadcrumb\":{\"@id\":\"https:\/\/www.perseestetica.com\/index.php\/2022\/04\/18\/vie-collection-presenta-duo-booster\/#breadcrumb\"},\"inLanguage\":\"es\",\"potentialAction\":[{\"@type\":\"ReadAction\",\"target\":[\"https:\/\/www.perseestetica.com\/index.php\/2022\/04\/18\/vie-collection-presenta-duo-booster\/\"]}]},{\"@type\":\"ImageObject\",\"inLanguage\":\"es\",\"@id\":\"https:\/\/www.perseestetica.com\/index.php\/2022\/04\/18\/vie-collection-presenta-duo-booster\/#primaryimage\",\"url\":\"https:\/\/www.perseestetica.com\/wp-content\/uploads\/2022\/04\/PortadaDUO-OK.jpg\",\"contentUrl\":\"https:\/\/www.perseestetica.com\/wp-content\/uploads\/2022\/04\/PortadaDUO-OK.jpg\",\"width\":1024,\"height\":675},{\"@type\":\"BreadcrumbList\",\"@id\":\"https:\/\/www.perseestetica.com\/index.php\/2022\/04\/18\/vie-collection-presenta-duo-booster\/#breadcrumb\",\"itemListElement\":[{\"@type\":\"ListItem\",\"position\":1,\"name\":\"Portada\",\"item\":\"https:\/\/www.perseestetica.com\/\"},{\"@type\":\"ListItem\",\"position\":2,\"name\":\"Vie collection presenta Duo Booster\"}]},{\"@type\":\"WebSite\",\"@id\":\"https:\/\/www.perseestetica.com\/#website\",\"url\":\"https:\/\/www.perseestetica.com\/\",\"name\":\"PER SE ESTETICA\",\"description\":\"Centro de est\u00e9tica y bienestar en Vitoria-Gasteiz\",\"potentialAction\":[{\"@type\":\"SearchAction\",\"target\":{\"@type\":\"EntryPoint\",\"urlTemplate\":\"https:\/\/www.perseestetica.com\/?s={search_term_string}\"},\"query-input\":{\"@type\":\"PropertyValueSpecification\",\"valueRequired\":true,\"valueName\":\"search_term_string\"}}],\"inLanguage\":\"es\"},{\"@type\":\"Person\",\"@id\":\"https:\/\/www.perseestetica.com\/#\/schema\/person\/dffe0e7ffbd7bd2d4816f9bd4f643eff\",\"name\":\"administraci\u00f3n\",\"image\":{\"@type\":\"ImageObject\",\"inLanguage\":\"es\",\"@id\":\"https:\/\/www.perseestetica.com\/#\/schema\/person\/image\/\",\"url\":\"https:\/\/secure.gravatar.com\/avatar\/c80723aa5a9a47fa5daf35d0805cde1198a8010870d2be18ca924fd80ffac640?s=96&d=mm&r=g\",\"contentUrl\":\"https:\/\/secure.gravatar.com\/avatar\/c80723aa5a9a47fa5daf35d0805cde1198a8010870d2be18ca924fd80ffac640?s=96&d=mm&r=g\",\"caption\":\"administraci\u00f3n\"},\"url\":\"https:\/\/www.perseestetica.com\/index.php\/author\/admin\/\"}]}<\/script>\n<!-- \/ Yoast SEO plugin. -->","yoast_head_json":{"title":"Vie collection presenta Duo Booster - PER SE ESTETICA","robots":{"index":"index","follow":"follow","max-snippet":"max-snippet:-1","max-image-preview":"max-image-preview:large","max-video-preview":"max-video-preview:-1"},"canonical":"https:\/\/www.perseestetica.com\/index.php\/2022\/04\/18\/vie-collection-presenta-duo-booster\/","og_locale":"es_ES","og_type":"article","og_title":"Vie collection presenta Duo Booster - PER SE ESTETICA","og_description":"Atentas tod@s, en #PERSEestetica te ofrecemos un 20% de descuento por el DUO BOOSTER * De 116 \u20ac a 93 \u20ac. Una verdadera oportunidad para conseguir una piel perfecta,\u00a0Este paquete d\u00fao re\u00fane dos de los productos m\u00e1s vendidos de Vie [&hellip;]","og_url":"https:\/\/www.perseestetica.com\/index.php\/2022\/04\/18\/vie-collection-presenta-duo-booster\/","og_site_name":"PER SE ESTETICA","article_published_time":"2022-04-18T08:00:34+00:00","og_image":[{"width":1024,"height":675,"url":"https:\/\/www.perseestetica.com\/wp-content\/uploads\/2022\/04\/PortadaDUO-OK.jpg","type":"image\/jpeg"}],"author":"administraci\u00f3n","twitter_card":"summary_large_image","twitter_misc":{"Escrito por":"administraci\u00f3n","Tiempo de lectura":"1 minuto"},"schema":{"@context":"https:\/\/schema.org","@graph":[{"@type":"Article","@id":"https:\/\/www.perseestetica.com\/index.php\/2022\/04\/18\/vie-collection-presenta-duo-booster\/#article","isPartOf":{"@id":"https:\/\/www.perseestetica.com\/index.php\/2022\/04\/18\/vie-collection-presenta-duo-booster\/"},"author":{"name":"administraci\u00f3n","@id":"https:\/\/www.perseestetica.com\/#\/schema\/person\/dffe0e7ffbd7bd2d4816f9bd4f643eff"},"headline":"Vie collection presenta Duo Booster","datePublished":"2022-04-18T08:00:34+00:00","mainEntityOfPage":{"@id":"https:\/\/www.perseestetica.com\/index.php\/2022\/04\/18\/vie-collection-presenta-duo-booster\/"},"wordCount":231,"commentCount":0,"image":{"@id":"https:\/\/www.perseestetica.com\/index.php\/2022\/04\/18\/vie-collection-presenta-duo-booster\/#primaryimage"},"thumbnailUrl":"https:\/\/www.perseestetica.com\/wp-content\/uploads\/2022\/04\/PortadaDUO-OK.jpg","keywords":["#contraelenvejecimiento #antiedad #contraarrugas #tratamientoenvejecimientopiel #pielenvejecida","#VIECOLLECTION #VITA C #DIMENSIONRIDES #DUOBOOSTER #OFERTADUO #20scuentoDUO"],"articleSection":["facial","noticias","PER SE","promociones"],"inLanguage":"es","potentialAction":[{"@type":"CommentAction","name":"Comment","target":["https:\/\/www.perseestetica.com\/index.php\/2022\/04\/18\/vie-collection-presenta-duo-booster\/#respond"]}]},{"@type":"WebPage","@id":"https:\/\/www.perseestetica.com\/index.php\/2022\/04\/18\/vie-collection-presenta-duo-booster\/","url":"https:\/\/www.perseestetica.com\/index.php\/2022\/04\/18\/vie-collection-presenta-duo-booster\/","name":"Vie collection presenta Duo Booster - PER SE ESTETICA","isPartOf":{"@id":"https:\/\/www.perseestetica.com\/#website"},"primaryImageOfPage":{"@id":"https:\/\/www.perseestetica.com\/index.php\/2022\/04\/18\/vie-collection-presenta-duo-booster\/#primaryimage"},"image":{"@id":"https:\/\/www.perseestetica.com\/index.php\/2022\/04\/18\/vie-collection-presenta-duo-booster\/#primaryimage"},"thumbnailUrl":"https:\/\/www.perseestetica.com\/wp-content\/uploads\/2022\/04\/PortadaDUO-OK.jpg","datePublished":"2022-04-18T08:00:34+00:00","author":{"@id":"https:\/\/www.perseestetica.com\/#\/schema\/person\/dffe0e7ffbd7bd2d4816f9bd4f643eff"},"breadcrumb":{"@id":"https:\/\/www.perseestetica.com\/index.php\/2022\/04\/18\/vie-collection-presenta-duo-booster\/#breadcrumb"},"inLanguage":"es","potentialAction":[{"@type":"ReadAction","target":["https:\/\/www.perseestetica.com\/index.php\/2022\/04\/18\/vie-collection-presenta-duo-booster\/"]}]},{"@type":"ImageObject","inLanguage":"es","@id":"https:\/\/www.perseestetica.com\/index.php\/2022\/04\/18\/vie-collection-presenta-duo-booster\/#primaryimage","url":"https:\/\/www.perseestetica.com\/wp-content\/uploads\/2022\/04\/PortadaDUO-OK.jpg","contentUrl":"https:\/\/www.perseestetica.com\/wp-content\/uploads\/2022\/04\/PortadaDUO-OK.jpg","width":1024,"height":675},{"@type":"BreadcrumbList","@id":"https:\/\/www.perseestetica.com\/index.php\/2022\/04\/18\/vie-collection-presenta-duo-booster\/#breadcrumb","itemListElement":[{"@type":"ListItem","position":1,"name":"Portada","item":"https:\/\/www.perseestetica.com\/"},{"@type":"ListItem","position":2,"name":"Vie collection presenta Duo Booster"}]},{"@type":"WebSite","@id":"https:\/\/www.perseestetica.com\/#website","url":"https:\/\/www.perseestetica.com\/","name":"PER SE ESTETICA","description":"Centro de est\u00e9tica y bienestar en Vitoria-Gasteiz","potentialAction":[{"@type":"SearchAction","target":{"@type":"EntryPoint","urlTemplate":"https:\/\/www.perseestetica.com\/?s={search_term_string}"},"query-input":{"@type":"PropertyValueSpecification","valueRequired":true,"valueName":"search_term_string"}}],"inLanguage":"es"},{"@type":"Person","@id":"https:\/\/www.perseestetica.com\/#\/schema\/person\/dffe0e7ffbd7bd2d4816f9bd4f643eff","name":"administraci\u00f3n","image":{"@type":"ImageObject","inLanguage":"es","@id":"https:\/\/www.perseestetica.com\/#\/schema\/person\/image\/","url":"https:\/\/secure.gravatar.com\/avatar\/c80723aa5a9a47fa5daf35d0805cde1198a8010870d2be18ca924fd80ffac640?s=96&d=mm&r=g","contentUrl":"https:\/\/secure.gravatar.com\/avatar\/c80723aa5a9a47fa5daf35d0805cde1198a8010870d2be18ca924fd80ffac640?s=96&d=mm&r=g","caption":"administraci\u00f3n"},"url":"https:\/\/www.perseestetica.com\/index.php\/author\/admin\/"}]}},"_links":{"self":[{"href":"https:\/\/www.perseestetica.com\/index.php\/wp-json\/wp\/v2\/posts\/3853","targetHints":{"allow":["GET"]}}],"collection":[{"href":"https:\/\/www.perseestetica.com\/index.php\/wp-json\/wp\/v2\/posts"}],"about":[{"href":"https:\/\/www.perseestetica.com\/index.php\/wp-json\/wp\/v2\/types\/post"}],"author":[{"embeddable":true,"href":"https:\/\/www.perseestetica.com\/index.php\/wp-json\/wp\/v2\/users\/1"}],"replies":[{"embeddable":true,"href":"https:\/\/www.perseestetica.com\/index.php\/wp-json\/wp\/v2\/comments?post=3853"}],"version-history":[{"count":7,"href":"https:\/\/www.perseestetica.com\/index.php\/wp-json\/wp\/v2\/posts\/3853\/revisions"}],"predecessor-version":[{"id":3865,"href":"https:\/\/www.perseestetica.com\/index.php\/wp-json\/wp\/v2\/posts\/3853\/revisions\/3865"}],"wp:featuredmedia":[{"embeddable":true,"href":"https:\/\/www.perseestetica.com\/index.php\/wp-json\/wp\/v2\/media\/3861"}],"wp:attachment":[{"href":"https:\/\/www.perseestetica.com\/index.php\/wp-json\/wp\/v2\/media?parent=3853"}],"wp:term":[{"taxonomy":"category","embeddable":true,"href":"https:\/\/www.perseestetica.com\/index.php\/wp-json\/wp\/v2\/categories?post=3853"},{"taxonomy":"post_tag","embeddable":true,"href":"https:\/\/www.perseestetica.com\/index.php\/wp-json\/wp\/v2\/tags?post=3853"}],"curies":[{"name":"wp","href":"https:\/\/api.w.org\/{rel}","templated":true}]}}