{"id":3868,"date":"2022-04-30T09:00:30","date_gmt":"2022-04-30T09:00:30","guid":{"rendered":"https:\/\/www.perseestetica.com\/?p=3868"},"modified":"2022-04-25T11:13:57","modified_gmt":"2022-04-25T11:13:57","slug":"quinto-pativersario-perse","status":"publish","type":"post","link":"https:\/\/www.perseestetica.com\/index.php\/2022\/04\/30\/quinto-pativersario-perse\/","title":{"rendered":"QUINTO PATIVERSARIO PERSE"},"content":{"rendered":"<p class=\"p1\"><span class=\"s1\">Parece mentira, pero han pasado <strong>5 a\u00f1os desde que #PERSEestetica abri\u00f3 sus puertas,<\/strong> y como siempre, queremos celebrar nuestro aniversario con todo@s vosotr@s. \u00bfQu\u00e9 te parecer\u00eda conseguir un \u201cTratamiento Corporal Manteca de Karit\u00e9\u201d y poner tu cuerpo a punto?<\/span><\/p>\n<p class=\"p1\"><span class=\"s1\">Atent@s porque es muy f\u00e1cil.<span class=\"Apple-converted-space\">\u00a0<\/span><\/span><\/p>\n<p class=\"p1\"><span class=\"s1\">\u00bfQuieres ser el ganador? Tienes varias oportunidades.<span class=\"Apple-converted-space\">\u00a0<\/span><\/span><\/p>\n<p class=\"p1\"><strong><span class=\"s1\">Sorteamos 3 tratamientos*,<\/span><\/strong><span class=\"s1\"> uno en nuestro sal\u00f3n, mediante el ticket de compra, y los otros dos en nuestras redes sociales de Fb e IG.<\/span><\/p>\n<p class=\"p1\"><span class=\"s1\"><strong>1.- SORTEO EN NUESTRO SAL\u00d3N.<\/strong> Si pasas por nuestra granja PER SER estetiCUA, seguir\u00e1s estos sencillos pasos.<\/span><\/p>\n<p class=\"p1\"><span class=\"s1\">Rellena tu cup\u00f3n hasta el 31 de mayo y participa con tu ticket de compra en el sorteo de un <strong>\u201c<\/strong>Tratamiento Corporal Manteca de Karit\u00e9\u201d que relajar\u00e1 tus m\u00fasculos consiguiendo destensar el estr\u00e9s del d\u00eda a d\u00eda.<\/span><\/p>\n<p class=\"p1\"><strong><span class=\"s1\">2.- SORTEO EN NUESTRAS CUENTA DE FB @PER SE ESTETICuA.<\/span><\/strong><\/p>\n<p class=\"p1\"><span class=\"s1\">Primero deber\u00e1s seguir nuestra cuenta de <em>Facebook,<\/em> darle al like en la publicaci\u00f3n y hacer un comentario etiquetando a 3 personas (patit@s). Puedes participar todas las veces que quieras, \u00a1CUAntos m\u00e1s comentarios, m\u00e1s posibilidades tendr\u00e1s de ganar! Autom\u00e1ticamente entrar\u00e1s en el sorteo de un \u201cTratamiento Corporal Manteca de Karit\u00e9\u201d.<\/span><\/p>\n<p class=\"p1\"><span class=\"s1\"><strong>3.- SORTEO EN NUESTRA CUENTA DE IG @perse_esteticua<\/strong><\/span><\/p>\n<p class=\"p1\"><span class=\"s1\">Sigue nuestra cuenta de<em> Instagram,<\/em> dale al like, haz un comentario y etiqueta a 3 personas (patit@s). De esta manera entrar\u00e1s en el sorteo de un \u201cTratamiento Corporal Manteca de Karit\u00e9\u201d.<\/span><\/p>\n<p class=\"p1\"><span class=\"s1\">Puedes participar todas las veces que quieras, \u00a1CUAntos m\u00e1s comentarios, ma\u00f1as posibilidades tendr\u00e1s de ganar!<\/span><\/p>\n<p class=\"p1\"><span class=\"s1\">Los ganadores disfrutar\u00e1n de un maravilloso <strong>\u201cTratamiento Corporal Manteca de Karit\u00e9\u201d. <\/strong>Hazte seguidora de PER SE esteticua donde publicaremos durante todo el mes de mayo varias im\u00e1genes en las que podr\u00e1s participar. Recuerda: se elegir\u00e1 1 ganador por red social y otro en nuestro sal\u00f3n. El sorteo se realizar\u00e1 el 1 de junio* y publicaremos los ganadores en nuestro blog y a trav\u00e9s de nuestras RRSS. Tambi\u00e9n ser\u00e1 anunciado por stories.<\/span><\/p>\n<p class=\"p1\"><span class=\"s1\">Si quieres, puedes invitar a un pato-amigo, a una pata-amiga\u2026 \u00a1A todo el que t\u00fa quieras! An\u00edmales a que se unan a <em>nuestra granja <\/em>y les dar\u00e1s la oportunidad de participar en el sorteo. \u00a1SUERTE PATUTA!<\/span><\/p>\n<p class=\"p1\"><span class=\"s1\">Ay\u00fadanos a hacer crecer nuestra granja\u00a0<i>on line<\/i> y <i>of line.<\/i><\/span><\/p>\n<p class=\"p2\"><span class=\"s1\">Puedes consultar las <a href=\"https:\/\/www.perseestetica.com\/wp-content\/uploads\/2022\/04\/BASES-2022-ANIVERSARIO.pdf\"><strong>bases de la promoci\u00f3n aqu\u00ed.<\/strong><\/a><\/span><\/p>\n<p>&nbsp;<\/p>\n<p><strong><span class=\"s1\">* Tienes hasta el 31 de mayo de 2022 para participar.<\/span><\/strong><\/p>\n","protected":false},"excerpt":{"rendered":"<p>Parece mentira, pero han pasado 5 a\u00f1os desde que #PERSEestetica abri\u00f3 sus puertas, y como siempre, queremos celebrar nuestro aniversario con todo@s vosotr@s. \u00bfQu\u00e9 te parecer\u00eda conseguir un \u201cTratamiento Corporal Manteca de Karit\u00e9\u201d y poner tu cuerpo a punto? Atent@s [&hellip;]<\/p>\n","protected":false},"author":1,"featured_media":3871,"comment_status":"closed","ping_status":"closed","sticky":false,"template":"","format":"standard","meta":{"footnotes":""},"categories":[122,125,117,118,126],"tags":[249,196,245,246,210,248,247,243,244],"class_list":["post-3868","post","type-post","status-publish","format-standard","has-post-thumbnail","hentry","category-corporal","category-noticias","category-per-se","category-promociones","category-tratamiento","tag-perseesteticua","tag-promocion-masaje-corporal-sorteo-aniversario-centrodestetica-belleza-bienestar-masajecorporal-masajeregalo-cuartoaniversario-pativersario","tag-mantecadekarite","tag-masaje-relajante","tag-pativersario","tag-perseestetica","tag-quinto-pativersario","tag-tratamientocorporal","tag-tratamientocorporalmantecadekarite"],"yoast_head":"<!-- This site is optimized with the Yoast SEO plugin v27.0 - https:\/\/yoast.com\/product\/yoast-seo-wordpress\/ -->\n<title>QUINTO PATIVERSARIO PERSE - PER SE ESTETICA<\/title>\n<meta name=\"robots\" content=\"index, follow, max-snippet:-1, max-image-preview:large, max-video-preview:-1\" \/>\n<link rel=\"canonical\" href=\"https:\/\/www.perseestetica.com\/index.php\/2022\/04\/30\/quinto-pativersario-perse\/\" \/>\n<meta property=\"og:locale\" content=\"es_ES\" \/>\n<meta property=\"og:type\" content=\"article\" \/>\n<meta property=\"og:title\" content=\"QUINTO PATIVERSARIO PERSE - PER SE ESTETICA\" \/>\n<meta property=\"og:description\" content=\"Parece mentira, pero han pasado 5 a\u00f1os desde que #PERSEestetica abri\u00f3 sus puertas, y como siempre, queremos celebrar nuestro aniversario con todo@s vosotr@s. \u00bfQu\u00e9 te parecer\u00eda conseguir un \u201cTratamiento Corporal Manteca de Karit\u00e9\u201d y poner tu cuerpo a punto? Atent@s [&hellip;]\" \/>\n<meta property=\"og:url\" content=\"https:\/\/www.perseestetica.com\/index.php\/2022\/04\/30\/quinto-pativersario-perse\/\" \/>\n<meta property=\"og:site_name\" content=\"PER SE ESTETICA\" \/>\n<meta property=\"article:published_time\" content=\"2022-04-30T09:00:30+00:00\" \/>\n<meta property=\"og:image\" content=\"https:\/\/www.perseestetica.com\/wp-content\/uploads\/2022\/04\/BLOG-5ANI-interior.jpg\" \/>\n\t<meta property=\"og:image:width\" content=\"1024\" \/>\n\t<meta property=\"og:image:height\" content=\"675\" \/>\n\t<meta property=\"og:image:type\" content=\"image\/jpeg\" \/>\n<meta name=\"author\" content=\"administraci\u00f3n\" \/>\n<meta name=\"twitter:card\" content=\"summary_large_image\" \/>\n<meta name=\"twitter:label1\" content=\"Escrito por\" \/>\n\t<meta name=\"twitter:data1\" content=\"administraci\u00f3n\" \/>\n\t<meta name=\"twitter:label2\" content=\"Tiempo de lectura\" \/>\n\t<meta name=\"twitter:data2\" content=\"2 minutos\" \/>\n<script type=\"application\/ld+json\" class=\"yoast-schema-graph\">{\"@context\":\"https:\/\/schema.org\",\"@graph\":[{\"@type\":\"Article\",\"@id\":\"https:\/\/www.perseestetica.com\/index.php\/2022\/04\/30\/quinto-pativersario-perse\/#article\",\"isPartOf\":{\"@id\":\"https:\/\/www.perseestetica.com\/index.php\/2022\/04\/30\/quinto-pativersario-perse\/\"},\"author\":{\"name\":\"administraci\u00f3n\",\"@id\":\"https:\/\/www.perseestetica.com\/#\/schema\/person\/dffe0e7ffbd7bd2d4816f9bd4f643eff\"},\"headline\":\"QUINTO PATIVERSARIO PERSE\",\"datePublished\":\"2022-04-30T09:00:30+00:00\",\"mainEntityOfPage\":{\"@id\":\"https:\/\/www.perseestetica.com\/index.php\/2022\/04\/30\/quinto-pativersario-perse\/\"},\"wordCount\":411,\"image\":{\"@id\":\"https:\/\/www.perseestetica.com\/index.php\/2022\/04\/30\/quinto-pativersario-perse\/#primaryimage\"},\"thumbnailUrl\":\"https:\/\/www.perseestetica.com\/wp-content\/uploads\/2022\/04\/BLOG-5ANI-interior.jpg\",\"keywords\":[\"#PERSEesteticua\",\"#promoci\u00f3n #masaje #corporal #sorteo #aniversario #centrodest\u00e9tica #belleza #bienestar #masajecorporal #masajeregalo #cuartoaniversario #pativersario\",\"MantecadeKarit\u00e9\",\"Masaje relajante\",\"pativersario\",\"PERSEestetica\",\"quinto pativersario\",\"tratamientocorporal\",\"tratamientocorporalmantecadeKarit\u00e9\"],\"articleSection\":[\"corporal\",\"noticias\",\"PER SE\",\"promociones\",\"tratamiento\"],\"inLanguage\":\"es\"},{\"@type\":\"WebPage\",\"@id\":\"https:\/\/www.perseestetica.com\/index.php\/2022\/04\/30\/quinto-pativersario-perse\/\",\"url\":\"https:\/\/www.perseestetica.com\/index.php\/2022\/04\/30\/quinto-pativersario-perse\/\",\"name\":\"QUINTO PATIVERSARIO PERSE - PER SE ESTETICA\",\"isPartOf\":{\"@id\":\"https:\/\/www.perseestetica.com\/#website\"},\"primaryImageOfPage\":{\"@id\":\"https:\/\/www.perseestetica.com\/index.php\/2022\/04\/30\/quinto-pativersario-perse\/#primaryimage\"},\"image\":{\"@id\":\"https:\/\/www.perseestetica.com\/index.php\/2022\/04\/30\/quinto-pativersario-perse\/#primaryimage\"},\"thumbnailUrl\":\"https:\/\/www.perseestetica.com\/wp-content\/uploads\/2022\/04\/BLOG-5ANI-interior.jpg\",\"datePublished\":\"2022-04-30T09:00:30+00:00\",\"author\":{\"@id\":\"https:\/\/www.perseestetica.com\/#\/schema\/person\/dffe0e7ffbd7bd2d4816f9bd4f643eff\"},\"breadcrumb\":{\"@id\":\"https:\/\/www.perseestetica.com\/index.php\/2022\/04\/30\/quinto-pativersario-perse\/#breadcrumb\"},\"inLanguage\":\"es\",\"potentialAction\":[{\"@type\":\"ReadAction\",\"target\":[\"https:\/\/www.perseestetica.com\/index.php\/2022\/04\/30\/quinto-pativersario-perse\/\"]}]},{\"@type\":\"ImageObject\",\"inLanguage\":\"es\",\"@id\":\"https:\/\/www.perseestetica.com\/index.php\/2022\/04\/30\/quinto-pativersario-perse\/#primaryimage\",\"url\":\"https:\/\/www.perseestetica.com\/wp-content\/uploads\/2022\/04\/BLOG-5ANI-interior.jpg\",\"contentUrl\":\"https:\/\/www.perseestetica.com\/wp-content\/uploads\/2022\/04\/BLOG-5ANI-interior.jpg\",\"width\":1024,\"height\":675},{\"@type\":\"BreadcrumbList\",\"@id\":\"https:\/\/www.perseestetica.com\/index.php\/2022\/04\/30\/quinto-pativersario-perse\/#breadcrumb\",\"itemListElement\":[{\"@type\":\"ListItem\",\"position\":1,\"name\":\"Portada\",\"item\":\"https:\/\/www.perseestetica.com\/\"},{\"@type\":\"ListItem\",\"position\":2,\"name\":\"QUINTO PATIVERSARIO PERSE\"}]},{\"@type\":\"WebSite\",\"@id\":\"https:\/\/www.perseestetica.com\/#website\",\"url\":\"https:\/\/www.perseestetica.com\/\",\"name\":\"PER SE ESTETICA\",\"description\":\"Centro de est\u00e9tica y bienestar en Vitoria-Gasteiz\",\"potentialAction\":[{\"@type\":\"SearchAction\",\"target\":{\"@type\":\"EntryPoint\",\"urlTemplate\":\"https:\/\/www.perseestetica.com\/?s={search_term_string}\"},\"query-input\":{\"@type\":\"PropertyValueSpecification\",\"valueRequired\":true,\"valueName\":\"search_term_string\"}}],\"inLanguage\":\"es\"},{\"@type\":\"Person\",\"@id\":\"https:\/\/www.perseestetica.com\/#\/schema\/person\/dffe0e7ffbd7bd2d4816f9bd4f643eff\",\"name\":\"administraci\u00f3n\",\"image\":{\"@type\":\"ImageObject\",\"inLanguage\":\"es\",\"@id\":\"https:\/\/www.perseestetica.com\/#\/schema\/person\/image\/\",\"url\":\"https:\/\/secure.gravatar.com\/avatar\/c80723aa5a9a47fa5daf35d0805cde1198a8010870d2be18ca924fd80ffac640?s=96&d=mm&r=g\",\"contentUrl\":\"https:\/\/secure.gravatar.com\/avatar\/c80723aa5a9a47fa5daf35d0805cde1198a8010870d2be18ca924fd80ffac640?s=96&d=mm&r=g\",\"caption\":\"administraci\u00f3n\"},\"url\":\"https:\/\/www.perseestetica.com\/index.php\/author\/admin\/\"}]}<\/script>\n<!-- \/ Yoast SEO plugin. -->","yoast_head_json":{"title":"QUINTO PATIVERSARIO PERSE - PER SE ESTETICA","robots":{"index":"index","follow":"follow","max-snippet":"max-snippet:-1","max-image-preview":"max-image-preview:large","max-video-preview":"max-video-preview:-1"},"canonical":"https:\/\/www.perseestetica.com\/index.php\/2022\/04\/30\/quinto-pativersario-perse\/","og_locale":"es_ES","og_type":"article","og_title":"QUINTO PATIVERSARIO PERSE - PER SE ESTETICA","og_description":"Parece mentira, pero han pasado 5 a\u00f1os desde que #PERSEestetica abri\u00f3 sus puertas, y como siempre, queremos celebrar nuestro aniversario con todo@s vosotr@s. \u00bfQu\u00e9 te parecer\u00eda conseguir un \u201cTratamiento Corporal Manteca de Karit\u00e9\u201d y poner tu cuerpo a punto? Atent@s [&hellip;]","og_url":"https:\/\/www.perseestetica.com\/index.php\/2022\/04\/30\/quinto-pativersario-perse\/","og_site_name":"PER SE ESTETICA","article_published_time":"2022-04-30T09:00:30+00:00","og_image":[{"width":1024,"height":675,"url":"https:\/\/www.perseestetica.com\/wp-content\/uploads\/2022\/04\/BLOG-5ANI-interior.jpg","type":"image\/jpeg"}],"author":"administraci\u00f3n","twitter_card":"summary_large_image","twitter_misc":{"Escrito por":"administraci\u00f3n","Tiempo de lectura":"2 minutos"},"schema":{"@context":"https:\/\/schema.org","@graph":[{"@type":"Article","@id":"https:\/\/www.perseestetica.com\/index.php\/2022\/04\/30\/quinto-pativersario-perse\/#article","isPartOf":{"@id":"https:\/\/www.perseestetica.com\/index.php\/2022\/04\/30\/quinto-pativersario-perse\/"},"author":{"name":"administraci\u00f3n","@id":"https:\/\/www.perseestetica.com\/#\/schema\/person\/dffe0e7ffbd7bd2d4816f9bd4f643eff"},"headline":"QUINTO PATIVERSARIO PERSE","datePublished":"2022-04-30T09:00:30+00:00","mainEntityOfPage":{"@id":"https:\/\/www.perseestetica.com\/index.php\/2022\/04\/30\/quinto-pativersario-perse\/"},"wordCount":411,"image":{"@id":"https:\/\/www.perseestetica.com\/index.php\/2022\/04\/30\/quinto-pativersario-perse\/#primaryimage"},"thumbnailUrl":"https:\/\/www.perseestetica.com\/wp-content\/uploads\/2022\/04\/BLOG-5ANI-interior.jpg","keywords":["#PERSEesteticua","#promoci\u00f3n #masaje #corporal #sorteo #aniversario #centrodest\u00e9tica #belleza #bienestar #masajecorporal #masajeregalo #cuartoaniversario #pativersario","MantecadeKarit\u00e9","Masaje relajante","pativersario","PERSEestetica","quinto pativersario","tratamientocorporal","tratamientocorporalmantecadeKarit\u00e9"],"articleSection":["corporal","noticias","PER SE","promociones","tratamiento"],"inLanguage":"es"},{"@type":"WebPage","@id":"https:\/\/www.perseestetica.com\/index.php\/2022\/04\/30\/quinto-pativersario-perse\/","url":"https:\/\/www.perseestetica.com\/index.php\/2022\/04\/30\/quinto-pativersario-perse\/","name":"QUINTO PATIVERSARIO PERSE - PER SE ESTETICA","isPartOf":{"@id":"https:\/\/www.perseestetica.com\/#website"},"primaryImageOfPage":{"@id":"https:\/\/www.perseestetica.com\/index.php\/2022\/04\/30\/quinto-pativersario-perse\/#primaryimage"},"image":{"@id":"https:\/\/www.perseestetica.com\/index.php\/2022\/04\/30\/quinto-pativersario-perse\/#primaryimage"},"thumbnailUrl":"https:\/\/www.perseestetica.com\/wp-content\/uploads\/2022\/04\/BLOG-5ANI-interior.jpg","datePublished":"2022-04-30T09:00:30+00:00","author":{"@id":"https:\/\/www.perseestetica.com\/#\/schema\/person\/dffe0e7ffbd7bd2d4816f9bd4f643eff"},"breadcrumb":{"@id":"https:\/\/www.perseestetica.com\/index.php\/2022\/04\/30\/quinto-pativersario-perse\/#breadcrumb"},"inLanguage":"es","potentialAction":[{"@type":"ReadAction","target":["https:\/\/www.perseestetica.com\/index.php\/2022\/04\/30\/quinto-pativersario-perse\/"]}]},{"@type":"ImageObject","inLanguage":"es","@id":"https:\/\/www.perseestetica.com\/index.php\/2022\/04\/30\/quinto-pativersario-perse\/#primaryimage","url":"https:\/\/www.perseestetica.com\/wp-content\/uploads\/2022\/04\/BLOG-5ANI-interior.jpg","contentUrl":"https:\/\/www.perseestetica.com\/wp-content\/uploads\/2022\/04\/BLOG-5ANI-interior.jpg","width":1024,"height":675},{"@type":"BreadcrumbList","@id":"https:\/\/www.perseestetica.com\/index.php\/2022\/04\/30\/quinto-pativersario-perse\/#breadcrumb","itemListElement":[{"@type":"ListItem","position":1,"name":"Portada","item":"https:\/\/www.perseestetica.com\/"},{"@type":"ListItem","position":2,"name":"QUINTO PATIVERSARIO PERSE"}]},{"@type":"WebSite","@id":"https:\/\/www.perseestetica.com\/#website","url":"https:\/\/www.perseestetica.com\/","name":"PER SE ESTETICA","description":"Centro de est\u00e9tica y bienestar en Vitoria-Gasteiz","potentialAction":[{"@type":"SearchAction","target":{"@type":"EntryPoint","urlTemplate":"https:\/\/www.perseestetica.com\/?s={search_term_string}"},"query-input":{"@type":"PropertyValueSpecification","valueRequired":true,"valueName":"search_term_string"}}],"inLanguage":"es"},{"@type":"Person","@id":"https:\/\/www.perseestetica.com\/#\/schema\/person\/dffe0e7ffbd7bd2d4816f9bd4f643eff","name":"administraci\u00f3n","image":{"@type":"ImageObject","inLanguage":"es","@id":"https:\/\/www.perseestetica.com\/#\/schema\/person\/image\/","url":"https:\/\/secure.gravatar.com\/avatar\/c80723aa5a9a47fa5daf35d0805cde1198a8010870d2be18ca924fd80ffac640?s=96&d=mm&r=g","contentUrl":"https:\/\/secure.gravatar.com\/avatar\/c80723aa5a9a47fa5daf35d0805cde1198a8010870d2be18ca924fd80ffac640?s=96&d=mm&r=g","caption":"administraci\u00f3n"},"url":"https:\/\/www.perseestetica.com\/index.php\/author\/admin\/"}]}},"_links":{"self":[{"href":"https:\/\/www.perseestetica.com\/index.php\/wp-json\/wp\/v2\/posts\/3868","targetHints":{"allow":["GET"]}}],"collection":[{"href":"https:\/\/www.perseestetica.com\/index.php\/wp-json\/wp\/v2\/posts"}],"about":[{"href":"https:\/\/www.perseestetica.com\/index.php\/wp-json\/wp\/v2\/types\/post"}],"author":[{"embeddable":true,"href":"https:\/\/www.perseestetica.com\/index.php\/wp-json\/wp\/v2\/users\/1"}],"replies":[{"embeddable":true,"href":"https:\/\/www.perseestetica.com\/index.php\/wp-json\/wp\/v2\/comments?post=3868"}],"version-history":[{"count":4,"href":"https:\/\/www.perseestetica.com\/index.php\/wp-json\/wp\/v2\/posts\/3868\/revisions"}],"predecessor-version":[{"id":3874,"href":"https:\/\/www.perseestetica.com\/index.php\/wp-json\/wp\/v2\/posts\/3868\/revisions\/3874"}],"wp:featuredmedia":[{"embeddable":true,"href":"https:\/\/www.perseestetica.com\/index.php\/wp-json\/wp\/v2\/media\/3871"}],"wp:attachment":[{"href":"https:\/\/www.perseestetica.com\/index.php\/wp-json\/wp\/v2\/media?parent=3868"}],"wp:term":[{"taxonomy":"category","embeddable":true,"href":"https:\/\/www.perseestetica.com\/index.php\/wp-json\/wp\/v2\/categories?post=3868"},{"taxonomy":"post_tag","embeddable":true,"href":"https:\/\/www.perseestetica.com\/index.php\/wp-json\/wp\/v2\/tags?post=3868"}],"curies":[{"name":"wp","href":"https:\/\/api.w.org\/{rel}","templated":true}]}}