{"id":3914,"date":"2022-11-02T14:46:22","date_gmt":"2022-11-02T14:46:22","guid":{"rendered":"https:\/\/www.perseestetica.com\/?p=3914"},"modified":"2022-11-02T14:46:27","modified_gmt":"2022-11-02T14:46:27","slug":"salon-look","status":"publish","type":"post","link":"https:\/\/www.perseestetica.com\/index.php\/2022\/11\/02\/salon-look\/","title":{"rendered":"SAL\u00d3N LOOK"},"content":{"rendered":"<p>Hace unas semanas #PERSEestetica acudi\u00f3 en <strong>MADRID a SAL\u00d3N LOOK<\/strong>, Sal\u00f3n Internacional de la Imagen y la Est\u00e9tica Integral, organizado por\u00a0<strong>IFEMA<\/strong>. Un Congreso dirigido por grandes profesionales en sus diferentes disciplinas. El gran evento del <strong>sector de la belleza, la imagen y la est\u00e9tica integral.<\/strong> Acudieron multitud de firmas nacionales e internacionales del mundo como Victoria Vynn, Ellebana\u2026<\/p>\n<p>Pudimos conocer las novedades y comprobar la nueva tendencia para realizar una manicura perfecta con la ayuda del torno y los diferentes sistemas de esmaltado permanente de <strong>Victoria Vynn<\/strong> . Tambi\u00e9n nos presentaron la nueva marca de productos de cuidado de pies <em><strong>Pharm Foot.<\/strong><\/em> Una firma que hace mejorar el bienestar de los pies y su piel, adem\u00e1s de su aspecto.<\/p>\n<p>En nuestro af\u00e1n de constante formaci\u00f3n y renovaci\u00f3n, tambi\u00e9n asistimos a un taller impartido por <strong>Ellebana<\/strong> de laminado de cejas que nos dej\u00f3 PATAdifusas, con incre\u00edbles resultados. Un nuevo concepto creado para revolucionar el dise\u00f1o de la mirada. Este nuevo sistema de laminaci\u00f3n de pesta\u00f1as y cejas tambi\u00e9n es vegano y est\u00e1 libre de \u00e1cido tioglic\u00f3lico y bromato de sodio como a nosotras nos gusta.<\/p>\n<p>Si quieres saber m\u00e1s, ac\u00e9rcate a nuestro corral y le daremos al pico cosa fina: cua, cua, cua\u2026<\/p>\n<p>&nbsp;<\/p>\n<p>&nbsp;<\/p>\n<p><img loading=\"lazy\" decoding=\"async\" class=\"aligncenter wp-image-3916 size-large\" src=\"https:\/\/www.perseestetica.com\/wp-content\/uploads\/2022\/11\/PHOTO-2022-11-02-11-19-20-1024x768.jpg\" alt=\"\" width=\"1024\" height=\"768\" srcset=\"https:\/\/www.perseestetica.com\/wp-content\/uploads\/2022\/11\/PHOTO-2022-11-02-11-19-20-1024x768.jpg 1024w, https:\/\/www.perseestetica.com\/wp-content\/uploads\/2022\/11\/PHOTO-2022-11-02-11-19-20-300x225.jpg 300w, https:\/\/www.perseestetica.com\/wp-content\/uploads\/2022\/11\/PHOTO-2022-11-02-11-19-20-768x576.jpg 768w, https:\/\/www.perseestetica.com\/wp-content\/uploads\/2022\/11\/PHOTO-2022-11-02-11-19-20-1536x1152.jpg 1536w, https:\/\/www.perseestetica.com\/wp-content\/uploads\/2022\/11\/PHOTO-2022-11-02-11-19-20-600x450.jpg 600w\" sizes=\"auto, (max-width: 1024px) 100vw, 1024px\" \/><\/p>\n<p>&nbsp;<\/p>\n<p>&nbsp;<\/p>\n<p>&nbsp;<\/p>\n<p>&nbsp;<\/p>\n<p><img loading=\"lazy\" decoding=\"async\" class=\"aligncenter wp-image-3919 size-large\" src=\"https:\/\/www.perseestetica.com\/wp-content\/uploads\/2022\/11\/PHOTO-2022-11-02-11-22-55-1024x770.jpg\" alt=\"\" width=\"1024\" height=\"770\" srcset=\"https:\/\/www.perseestetica.com\/wp-content\/uploads\/2022\/11\/PHOTO-2022-11-02-11-22-55-1024x770.jpg 1024w, https:\/\/www.perseestetica.com\/wp-content\/uploads\/2022\/11\/PHOTO-2022-11-02-11-22-55-300x225.jpg 300w, https:\/\/www.perseestetica.com\/wp-content\/uploads\/2022\/11\/PHOTO-2022-11-02-11-22-55-768x577.jpg 768w, https:\/\/www.perseestetica.com\/wp-content\/uploads\/2022\/11\/PHOTO-2022-11-02-11-22-55-1536x1154.jpg 1536w, https:\/\/www.perseestetica.com\/wp-content\/uploads\/2022\/11\/PHOTO-2022-11-02-11-22-55-600x451.jpg 600w\" sizes=\"auto, (max-width: 1024px) 100vw, 1024px\" \/><\/p>\n","protected":false},"excerpt":{"rendered":"<p>Hace unas semanas #PERSEestetica acudi\u00f3 en MADRID a SAL\u00d3N LOOK, Sal\u00f3n Internacional de la Imagen y la Est\u00e9tica Integral, organizado por\u00a0IFEMA. Un Congreso dirigido por grandes profesionales en sus diferentes disciplinas. El gran evento del sector de la belleza, la [&hellip;]<\/p>\n","protected":false},"author":1,"featured_media":3915,"comment_status":"open","ping_status":"open","sticky":false,"template":"","format":"standard","meta":{"footnotes":""},"categories":[125,117,124],"tags":[252,253,251,256,258,254,259,255,260,257],"class_list":["post-3914","post","type-post","status-publish","format-standard","has-post-thumbnail","hentry","category-noticias","category-per-se","category-pestanas","tag-ellebana","tag-laminadodecejas","tag-pharmfoot-victoriavynn","tag-cuidadodepies","tag-ifema","tag-laminadodepestanas","tag-madrid","tag-pies","tag-salon-look","tag-tratamientosdepies"],"yoast_head":"<!-- This site is optimized with the Yoast SEO plugin v27.0 - https:\/\/yoast.com\/product\/yoast-seo-wordpress\/ -->\n<title>SAL\u00d3N LOOK - PER SE ESTETICA<\/title>\n<meta name=\"robots\" content=\"index, follow, max-snippet:-1, max-image-preview:large, max-video-preview:-1\" \/>\n<link rel=\"canonical\" href=\"https:\/\/www.perseestetica.com\/index.php\/2022\/11\/02\/salon-look\/\" \/>\n<meta property=\"og:locale\" content=\"es_ES\" \/>\n<meta property=\"og:type\" content=\"article\" \/>\n<meta property=\"og:title\" content=\"SAL\u00d3N LOOK - PER SE ESTETICA\" \/>\n<meta property=\"og:description\" content=\"Hace unas semanas #PERSEestetica acudi\u00f3 en MADRID a SAL\u00d3N LOOK, Sal\u00f3n Internacional de la Imagen y la Est\u00e9tica Integral, organizado por\u00a0IFEMA. Un Congreso dirigido por grandes profesionales en sus diferentes disciplinas. El gran evento del sector de la belleza, la [&hellip;]\" \/>\n<meta property=\"og:url\" content=\"https:\/\/www.perseestetica.com\/index.php\/2022\/11\/02\/salon-look\/\" \/>\n<meta property=\"og:site_name\" content=\"PER SE ESTETICA\" \/>\n<meta property=\"article:published_time\" content=\"2022-11-02T14:46:22+00:00\" \/>\n<meta property=\"article:modified_time\" content=\"2022-11-02T14:46:27+00:00\" \/>\n<meta property=\"og:image\" content=\"https:\/\/www.perseestetica.com\/wp-content\/uploads\/2022\/11\/LOOK-portada.jpg\" \/>\n\t<meta property=\"og:image:width\" content=\"1024\" \/>\n\t<meta property=\"og:image:height\" content=\"675\" \/>\n\t<meta property=\"og:image:type\" content=\"image\/jpeg\" \/>\n<meta name=\"author\" content=\"administraci\u00f3n\" \/>\n<meta name=\"twitter:card\" content=\"summary_large_image\" \/>\n<meta name=\"twitter:label1\" content=\"Escrito por\" \/>\n\t<meta name=\"twitter:data1\" content=\"administraci\u00f3n\" \/>\n\t<meta name=\"twitter:label2\" content=\"Tiempo de lectura\" \/>\n\t<meta name=\"twitter:data2\" content=\"1 minuto\" \/>\n<script type=\"application\/ld+json\" class=\"yoast-schema-graph\">{\"@context\":\"https:\/\/schema.org\",\"@graph\":[{\"@type\":\"Article\",\"@id\":\"https:\/\/www.perseestetica.com\/index.php\/2022\/11\/02\/salon-look\/#article\",\"isPartOf\":{\"@id\":\"https:\/\/www.perseestetica.com\/index.php\/2022\/11\/02\/salon-look\/\"},\"author\":{\"name\":\"administraci\u00f3n\",\"@id\":\"https:\/\/www.perseestetica.com\/#\/schema\/person\/dffe0e7ffbd7bd2d4816f9bd4f643eff\"},\"headline\":\"SAL\u00d3N LOOK\",\"datePublished\":\"2022-11-02T14:46:22+00:00\",\"dateModified\":\"2022-11-02T14:46:27+00:00\",\"mainEntityOfPage\":{\"@id\":\"https:\/\/www.perseestetica.com\/index.php\/2022\/11\/02\/salon-look\/\"},\"wordCount\":229,\"commentCount\":0,\"image\":{\"@id\":\"https:\/\/www.perseestetica.com\/index.php\/2022\/11\/02\/salon-look\/#primaryimage\"},\"thumbnailUrl\":\"https:\/\/www.perseestetica.com\/wp-content\/uploads\/2022\/11\/LOOK-portada.jpg\",\"keywords\":[\"#Ellebana\",\"#laminadodecejas\",\"#PharmFoot #VictoriaVynn #\",\"cuidadodepies\",\"IFEMA\",\"laminadodepesta\u00f1as\",\"Madrid\",\"pies\",\"Sal\u00f3n Look\",\"tratamientosdepies\"],\"articleSection\":[\"noticias\",\"PER SE\",\"pesta\u00f1as\"],\"inLanguage\":\"es\",\"potentialAction\":[{\"@type\":\"CommentAction\",\"name\":\"Comment\",\"target\":[\"https:\/\/www.perseestetica.com\/index.php\/2022\/11\/02\/salon-look\/#respond\"]}]},{\"@type\":\"WebPage\",\"@id\":\"https:\/\/www.perseestetica.com\/index.php\/2022\/11\/02\/salon-look\/\",\"url\":\"https:\/\/www.perseestetica.com\/index.php\/2022\/11\/02\/salon-look\/\",\"name\":\"SAL\u00d3N LOOK - PER SE ESTETICA\",\"isPartOf\":{\"@id\":\"https:\/\/www.perseestetica.com\/#website\"},\"primaryImageOfPage\":{\"@id\":\"https:\/\/www.perseestetica.com\/index.php\/2022\/11\/02\/salon-look\/#primaryimage\"},\"image\":{\"@id\":\"https:\/\/www.perseestetica.com\/index.php\/2022\/11\/02\/salon-look\/#primaryimage\"},\"thumbnailUrl\":\"https:\/\/www.perseestetica.com\/wp-content\/uploads\/2022\/11\/LOOK-portada.jpg\",\"datePublished\":\"2022-11-02T14:46:22+00:00\",\"dateModified\":\"2022-11-02T14:46:27+00:00\",\"author\":{\"@id\":\"https:\/\/www.perseestetica.com\/#\/schema\/person\/dffe0e7ffbd7bd2d4816f9bd4f643eff\"},\"breadcrumb\":{\"@id\":\"https:\/\/www.perseestetica.com\/index.php\/2022\/11\/02\/salon-look\/#breadcrumb\"},\"inLanguage\":\"es\",\"potentialAction\":[{\"@type\":\"ReadAction\",\"target\":[\"https:\/\/www.perseestetica.com\/index.php\/2022\/11\/02\/salon-look\/\"]}]},{\"@type\":\"ImageObject\",\"inLanguage\":\"es\",\"@id\":\"https:\/\/www.perseestetica.com\/index.php\/2022\/11\/02\/salon-look\/#primaryimage\",\"url\":\"https:\/\/www.perseestetica.com\/wp-content\/uploads\/2022\/11\/LOOK-portada.jpg\",\"contentUrl\":\"https:\/\/www.perseestetica.com\/wp-content\/uploads\/2022\/11\/LOOK-portada.jpg\",\"width\":1024,\"height\":675},{\"@type\":\"BreadcrumbList\",\"@id\":\"https:\/\/www.perseestetica.com\/index.php\/2022\/11\/02\/salon-look\/#breadcrumb\",\"itemListElement\":[{\"@type\":\"ListItem\",\"position\":1,\"name\":\"Portada\",\"item\":\"https:\/\/www.perseestetica.com\/\"},{\"@type\":\"ListItem\",\"position\":2,\"name\":\"SAL\u00d3N LOOK\"}]},{\"@type\":\"WebSite\",\"@id\":\"https:\/\/www.perseestetica.com\/#website\",\"url\":\"https:\/\/www.perseestetica.com\/\",\"name\":\"PER SE ESTETICA\",\"description\":\"Centro de est\u00e9tica y bienestar en Vitoria-Gasteiz\",\"potentialAction\":[{\"@type\":\"SearchAction\",\"target\":{\"@type\":\"EntryPoint\",\"urlTemplate\":\"https:\/\/www.perseestetica.com\/?s={search_term_string}\"},\"query-input\":{\"@type\":\"PropertyValueSpecification\",\"valueRequired\":true,\"valueName\":\"search_term_string\"}}],\"inLanguage\":\"es\"},{\"@type\":\"Person\",\"@id\":\"https:\/\/www.perseestetica.com\/#\/schema\/person\/dffe0e7ffbd7bd2d4816f9bd4f643eff\",\"name\":\"administraci\u00f3n\",\"image\":{\"@type\":\"ImageObject\",\"inLanguage\":\"es\",\"@id\":\"https:\/\/www.perseestetica.com\/#\/schema\/person\/image\/\",\"url\":\"https:\/\/secure.gravatar.com\/avatar\/c80723aa5a9a47fa5daf35d0805cde1198a8010870d2be18ca924fd80ffac640?s=96&d=mm&r=g\",\"contentUrl\":\"https:\/\/secure.gravatar.com\/avatar\/c80723aa5a9a47fa5daf35d0805cde1198a8010870d2be18ca924fd80ffac640?s=96&d=mm&r=g\",\"caption\":\"administraci\u00f3n\"},\"url\":\"https:\/\/www.perseestetica.com\/index.php\/author\/admin\/\"}]}<\/script>\n<!-- \/ Yoast SEO plugin. -->","yoast_head_json":{"title":"SAL\u00d3N LOOK - PER SE ESTETICA","robots":{"index":"index","follow":"follow","max-snippet":"max-snippet:-1","max-image-preview":"max-image-preview:large","max-video-preview":"max-video-preview:-1"},"canonical":"https:\/\/www.perseestetica.com\/index.php\/2022\/11\/02\/salon-look\/","og_locale":"es_ES","og_type":"article","og_title":"SAL\u00d3N LOOK - PER SE ESTETICA","og_description":"Hace unas semanas #PERSEestetica acudi\u00f3 en MADRID a SAL\u00d3N LOOK, Sal\u00f3n Internacional de la Imagen y la Est\u00e9tica Integral, organizado por\u00a0IFEMA. Un Congreso dirigido por grandes profesionales en sus diferentes disciplinas. El gran evento del sector de la belleza, la [&hellip;]","og_url":"https:\/\/www.perseestetica.com\/index.php\/2022\/11\/02\/salon-look\/","og_site_name":"PER SE ESTETICA","article_published_time":"2022-11-02T14:46:22+00:00","article_modified_time":"2022-11-02T14:46:27+00:00","og_image":[{"width":1024,"height":675,"url":"https:\/\/www.perseestetica.com\/wp-content\/uploads\/2022\/11\/LOOK-portada.jpg","type":"image\/jpeg"}],"author":"administraci\u00f3n","twitter_card":"summary_large_image","twitter_misc":{"Escrito por":"administraci\u00f3n","Tiempo de lectura":"1 minuto"},"schema":{"@context":"https:\/\/schema.org","@graph":[{"@type":"Article","@id":"https:\/\/www.perseestetica.com\/index.php\/2022\/11\/02\/salon-look\/#article","isPartOf":{"@id":"https:\/\/www.perseestetica.com\/index.php\/2022\/11\/02\/salon-look\/"},"author":{"name":"administraci\u00f3n","@id":"https:\/\/www.perseestetica.com\/#\/schema\/person\/dffe0e7ffbd7bd2d4816f9bd4f643eff"},"headline":"SAL\u00d3N LOOK","datePublished":"2022-11-02T14:46:22+00:00","dateModified":"2022-11-02T14:46:27+00:00","mainEntityOfPage":{"@id":"https:\/\/www.perseestetica.com\/index.php\/2022\/11\/02\/salon-look\/"},"wordCount":229,"commentCount":0,"image":{"@id":"https:\/\/www.perseestetica.com\/index.php\/2022\/11\/02\/salon-look\/#primaryimage"},"thumbnailUrl":"https:\/\/www.perseestetica.com\/wp-content\/uploads\/2022\/11\/LOOK-portada.jpg","keywords":["#Ellebana","#laminadodecejas","#PharmFoot #VictoriaVynn #","cuidadodepies","IFEMA","laminadodepesta\u00f1as","Madrid","pies","Sal\u00f3n Look","tratamientosdepies"],"articleSection":["noticias","PER SE","pesta\u00f1as"],"inLanguage":"es","potentialAction":[{"@type":"CommentAction","name":"Comment","target":["https:\/\/www.perseestetica.com\/index.php\/2022\/11\/02\/salon-look\/#respond"]}]},{"@type":"WebPage","@id":"https:\/\/www.perseestetica.com\/index.php\/2022\/11\/02\/salon-look\/","url":"https:\/\/www.perseestetica.com\/index.php\/2022\/11\/02\/salon-look\/","name":"SAL\u00d3N LOOK - PER SE ESTETICA","isPartOf":{"@id":"https:\/\/www.perseestetica.com\/#website"},"primaryImageOfPage":{"@id":"https:\/\/www.perseestetica.com\/index.php\/2022\/11\/02\/salon-look\/#primaryimage"},"image":{"@id":"https:\/\/www.perseestetica.com\/index.php\/2022\/11\/02\/salon-look\/#primaryimage"},"thumbnailUrl":"https:\/\/www.perseestetica.com\/wp-content\/uploads\/2022\/11\/LOOK-portada.jpg","datePublished":"2022-11-02T14:46:22+00:00","dateModified":"2022-11-02T14:46:27+00:00","author":{"@id":"https:\/\/www.perseestetica.com\/#\/schema\/person\/dffe0e7ffbd7bd2d4816f9bd4f643eff"},"breadcrumb":{"@id":"https:\/\/www.perseestetica.com\/index.php\/2022\/11\/02\/salon-look\/#breadcrumb"},"inLanguage":"es","potentialAction":[{"@type":"ReadAction","target":["https:\/\/www.perseestetica.com\/index.php\/2022\/11\/02\/salon-look\/"]}]},{"@type":"ImageObject","inLanguage":"es","@id":"https:\/\/www.perseestetica.com\/index.php\/2022\/11\/02\/salon-look\/#primaryimage","url":"https:\/\/www.perseestetica.com\/wp-content\/uploads\/2022\/11\/LOOK-portada.jpg","contentUrl":"https:\/\/www.perseestetica.com\/wp-content\/uploads\/2022\/11\/LOOK-portada.jpg","width":1024,"height":675},{"@type":"BreadcrumbList","@id":"https:\/\/www.perseestetica.com\/index.php\/2022\/11\/02\/salon-look\/#breadcrumb","itemListElement":[{"@type":"ListItem","position":1,"name":"Portada","item":"https:\/\/www.perseestetica.com\/"},{"@type":"ListItem","position":2,"name":"SAL\u00d3N LOOK"}]},{"@type":"WebSite","@id":"https:\/\/www.perseestetica.com\/#website","url":"https:\/\/www.perseestetica.com\/","name":"PER SE ESTETICA","description":"Centro de est\u00e9tica y bienestar en Vitoria-Gasteiz","potentialAction":[{"@type":"SearchAction","target":{"@type":"EntryPoint","urlTemplate":"https:\/\/www.perseestetica.com\/?s={search_term_string}"},"query-input":{"@type":"PropertyValueSpecification","valueRequired":true,"valueName":"search_term_string"}}],"inLanguage":"es"},{"@type":"Person","@id":"https:\/\/www.perseestetica.com\/#\/schema\/person\/dffe0e7ffbd7bd2d4816f9bd4f643eff","name":"administraci\u00f3n","image":{"@type":"ImageObject","inLanguage":"es","@id":"https:\/\/www.perseestetica.com\/#\/schema\/person\/image\/","url":"https:\/\/secure.gravatar.com\/avatar\/c80723aa5a9a47fa5daf35d0805cde1198a8010870d2be18ca924fd80ffac640?s=96&d=mm&r=g","contentUrl":"https:\/\/secure.gravatar.com\/avatar\/c80723aa5a9a47fa5daf35d0805cde1198a8010870d2be18ca924fd80ffac640?s=96&d=mm&r=g","caption":"administraci\u00f3n"},"url":"https:\/\/www.perseestetica.com\/index.php\/author\/admin\/"}]}},"_links":{"self":[{"href":"https:\/\/www.perseestetica.com\/index.php\/wp-json\/wp\/v2\/posts\/3914","targetHints":{"allow":["GET"]}}],"collection":[{"href":"https:\/\/www.perseestetica.com\/index.php\/wp-json\/wp\/v2\/posts"}],"about":[{"href":"https:\/\/www.perseestetica.com\/index.php\/wp-json\/wp\/v2\/types\/post"}],"author":[{"embeddable":true,"href":"https:\/\/www.perseestetica.com\/index.php\/wp-json\/wp\/v2\/users\/1"}],"replies":[{"embeddable":true,"href":"https:\/\/www.perseestetica.com\/index.php\/wp-json\/wp\/v2\/comments?post=3914"}],"version-history":[{"count":5,"href":"https:\/\/www.perseestetica.com\/index.php\/wp-json\/wp\/v2\/posts\/3914\/revisions"}],"predecessor-version":[{"id":3924,"href":"https:\/\/www.perseestetica.com\/index.php\/wp-json\/wp\/v2\/posts\/3914\/revisions\/3924"}],"wp:featuredmedia":[{"embeddable":true,"href":"https:\/\/www.perseestetica.com\/index.php\/wp-json\/wp\/v2\/media\/3915"}],"wp:attachment":[{"href":"https:\/\/www.perseestetica.com\/index.php\/wp-json\/wp\/v2\/media?parent=3914"}],"wp:term":[{"taxonomy":"category","embeddable":true,"href":"https:\/\/www.perseestetica.com\/index.php\/wp-json\/wp\/v2\/categories?post=3914"},{"taxonomy":"post_tag","embeddable":true,"href":"https:\/\/www.perseestetica.com\/index.php\/wp-json\/wp\/v2\/tags?post=3914"}],"curies":[{"name":"wp","href":"https:\/\/api.w.org\/{rel}","templated":true}]}}