{"id":3926,"date":"2022-11-30T12:30:48","date_gmt":"2022-11-30T12:30:48","guid":{"rendered":"https:\/\/www.perseestetica.com\/?p=3926"},"modified":"2022-11-30T12:30:48","modified_gmt":"2022-11-30T12:30:48","slug":"ya-estan-aqui-los-cofres-de-navidad","status":"publish","type":"post","link":"https:\/\/www.perseestetica.com\/index.php\/2022\/11\/30\/ya-estan-aqui-los-cofres-de-navidad\/","title":{"rendered":"YA EST\u00c1N AQU\u00cd LOS COFRES DE NAVIDAD"},"content":{"rendered":"<p class=\"p1\">Ya tenemos en #PERSEestetica el regalo perfecto para estas Navidades, ya est\u00e1n<span class=\"Apple-converted-space\">\u00a0 <\/span>aqu\u00ed nuestro cofres de Phytomer y Vie Collection.<span class=\"Apple-converted-space\">\u00a0<\/span><\/p>\n<p class=\"p1\">3 packs diferentes para regalar o autorregalarte.<span class=\"Apple-converted-space\">\u00a0<\/span><\/p>\n<p>&nbsp;<\/p>\n<p class=\"p1\"><b>PACK Vie Collection:<\/b><\/p>\n<p class=\"p1\">Regala lo mejor de los cosm\u00e9ticos anti-envejecimiento compuesto por mascarilla antiarrugas profunda y una crema antiarrugas reafirmante Time Control.<\/p>\n<p class=\"p1\"><em>1 Mascarilla antiarrugas profundas:<\/em> Esta mascarilla reduce visiblemente los signos de flacidez de la piel: arrugas profundas y p\u00e9rdida de elasticidad.\u00a0Su f\u00f3rmula combina un tr\u00edo de activos antiedad avanzados: un p\u00e9ptido, dos \u00e1cidos hialur\u00f3nicos y ceramidas.\u00a0Inmediatamente la piel se alisa.\u00a0En 1 mes, la piel recupera su elasticidad.<\/p>\n<p class=\"p1\"><em>1 Time Control,<\/em> invierte visiblemente los signos de la piel fl\u00e1cida: arrugas profundas, p\u00e9rdida de elasticidad, falta de densidad y contornos faciales fl\u00e1cidos.<\/p>\n<p class=\"p1\">Esta crema modeladora reduce la aparici\u00f3n de arrugas profundas y remodela los contornos del rostro. En 1 mes *, la piel est\u00e1 m\u00e1s suave, visiblemente m\u00e1s firme y tonificada.<\/p>\n<p>&nbsp;<\/p>\n<p>&nbsp;<\/p>\n<p><img loading=\"lazy\" decoding=\"async\" class=\"aligncenter size-full wp-image-3929\" src=\"https:\/\/www.perseestetica.com\/wp-content\/uploads\/2022\/11\/EL-VIE.jpg\" alt=\"\" width=\"1080\" height=\"854\" srcset=\"https:\/\/www.perseestetica.com\/wp-content\/uploads\/2022\/11\/EL-VIE.jpg 1080w, https:\/\/www.perseestetica.com\/wp-content\/uploads\/2022\/11\/EL-VIE-300x237.jpg 300w, https:\/\/www.perseestetica.com\/wp-content\/uploads\/2022\/11\/EL-VIE-1024x810.jpg 1024w, https:\/\/www.perseestetica.com\/wp-content\/uploads\/2022\/11\/EL-VIE-768x607.jpg 768w, https:\/\/www.perseestetica.com\/wp-content\/uploads\/2022\/11\/EL-VIE-600x474.jpg 600w\" sizes=\"auto, (max-width: 1080px) 100vw, 1080px\" \/><\/p>\n<p class=\"p1\"><b>PACK BIO ORGANIC:<span class=\"Apple-converted-space\">\u00a0<\/span><\/b><\/p>\n<p class=\"p1\">Crema Hidratante revitalizante para piel seca + Crema exfoliante luminosidad Cyfolia Bio de Phytomer.<\/p>\n<p class=\"p1\"><em>1 Crema Exfoliante Luminosidad.<\/em> TIPO DE PIEL SECA.<br \/>\nPHYTOMER apuesta por la piel y el mar con su l\u00ednea facial esencial CYFOLIA BIO, certificada por Ecocert.\u00a0CYFOLIA, confiere al cutis todo su resplandor y luminosidad. La Crema Exfoliante Radiance, rociada con part\u00edculas exfoliantes naturales de nueces de arg\u00e1n org\u00e1nico y semillas de granada org\u00e1nica, exfolia suavemente la piel. Su textura cremosa le confiere confort y lo envuelve en acordes frescos y vegetales de aloe vera, rosa y madera de cedro realzados por una nota especiada alrededor de las bayas de pimienta rosa. D\u00eda tras d\u00eda, la piel est\u00e1 visiblemente m\u00e1s tersa, suave y luminosa.I<\/p>\n<p class=\"p1\">Hechas con ingredientes marinos: Algas Cyfolia org\u00e1nicas: ingrediente que refleja la luz para un cutis radiante, luminoso y uniforme.<\/p>\n<p class=\"p1\"><em>1 Crema Hidratante Revitalizante Luminosidad Cyfolia Bio.<\/em><\/p>\n<p class=\"p1\">L\u00ednea facial esencial CYFOLIA BIO, certificada por Ecocert. Su alga org\u00e1nica CYFOLIA, cultivada en Breta\u00f1a, confiere al cutis todo su resplandor y luminosidad. La crema Hydra-Comforting Radiance envuelve la piel con comodidad, hidrataci\u00f3n y luminosidad.<\/p>\n<p class=\"p1\">Su textura envolvente deposita en la piel acordes frescos y vegetales de aloe vera, rosa y madera de cedro realzados por una nota especiada alrededor de las bayas de pimienta rosa. D\u00eda tras d\u00eda, la piel es m\u00e1s luminosa, confortable y visiblemente m\u00e1s bella.<br \/>\nTipo de piel seca.<\/p>\n<p>&nbsp;<\/p>\n<p><img loading=\"lazy\" decoding=\"async\" class=\"aligncenter size-full wp-image-3928\" src=\"https:\/\/www.perseestetica.com\/wp-content\/uploads\/2022\/11\/ORGANIC.jpg\" alt=\"\" width=\"1080\" height=\"878\" srcset=\"https:\/\/www.perseestetica.com\/wp-content\/uploads\/2022\/11\/ORGANIC.jpg 1080w, https:\/\/www.perseestetica.com\/wp-content\/uploads\/2022\/11\/ORGANIC-300x244.jpg 300w, https:\/\/www.perseestetica.com\/wp-content\/uploads\/2022\/11\/ORGANIC-1024x832.jpg 1024w, https:\/\/www.perseestetica.com\/wp-content\/uploads\/2022\/11\/ORGANIC-768x624.jpg 768w, https:\/\/www.perseestetica.com\/wp-content\/uploads\/2022\/11\/ORGANIC-600x488.jpg 600w\" sizes=\"auto, (max-width: 1080px) 100vw, 1080px\" \/><\/p>\n<p>&nbsp;<\/p>\n<p class=\"p1\"><b>PACK HIDRA ORIGINEL:<\/b><\/p>\n<p class=\"p1\">Cofre que contiene 1 Crema Fundente Hidratante y 1 Mascarilla Calmante Rehidratante.<\/p>\n<p class=\"p1\"><em>Crema Fundente Hidratante:<\/em>Nueva f\u00f3rmula aun m\u00e1s natural y m\u00e1s eficaz.<br \/>\n&#8211; Alta naturalidad con un 97% de ingredientes de origen natural<br \/>\n&#8211; Eficacia mejorada con una f\u00f3rmula enriquecida con aceite de Algas Tejedoras que refuerza la pel\u00edcula hidrolip\u00eddica para una hidrataci\u00f3n intensa y duradera.<br \/>\nOfrece una experiencia sensorial \u00f3ptima, gracias a su textura, fundente y ligera, y su delicada fragancia marina con notas frescas y florales.<\/p>\n<p class=\"p1\"><em>Mascarilla Calmante Rehidratante: <\/em>Esta mascarilla cremosa y aireada con algas tejedoras ofrece una doble hidrataci\u00f3n: sacia la sed de la piel en unos minutos y la rehidrata de forma duradera.<\/p>\n<p class=\"p1\">La piel gana en comodidad, es incre\u00edblemente flexible y se mantiene hidratada por m\u00e1s tiempo. Tubo fabricado en material vegetal reciclable fabricado en Europa.<\/p>\n<p>&nbsp;<\/p>\n<p><img loading=\"lazy\" decoding=\"async\" class=\"aligncenter size-full wp-image-3930\" src=\"https:\/\/www.perseestetica.com\/wp-content\/uploads\/2022\/11\/HYDRA.jpg\" alt=\"\" width=\"1080\" height=\"854\" srcset=\"https:\/\/www.perseestetica.com\/wp-content\/uploads\/2022\/11\/HYDRA.jpg 1080w, https:\/\/www.perseestetica.com\/wp-content\/uploads\/2022\/11\/HYDRA-300x237.jpg 300w, https:\/\/www.perseestetica.com\/wp-content\/uploads\/2022\/11\/HYDRA-1024x810.jpg 1024w, https:\/\/www.perseestetica.com\/wp-content\/uploads\/2022\/11\/HYDRA-768x607.jpg 768w, https:\/\/www.perseestetica.com\/wp-content\/uploads\/2022\/11\/HYDRA-600x474.jpg 600w\" sizes=\"auto, (max-width: 1080px) 100vw, 1080px\" \/><\/p>\n<p>&nbsp;<\/p>\n<p class=\"p1\">Preg\u00fantanos sin compromiso.<\/p>\n<p class=\"p3\">Si eres una pata lista, \u00a1Adelanta tus compras de Navidad!<\/p>\n<p class=\"p3\">* Date prisa porque tenemos los packs contados. Hasta fin de existencias.<\/p>\n<table class=\"t1\" cellspacing=\"0\" cellpadding=\"0\">\n<tbody>\n<tr>\n<td valign=\"top\">\n<table class=\"t2\" cellspacing=\"0\" cellpadding=\"0\">\n<tbody>\n<tr>\n<td class=\"td1\" valign=\"middle\"><\/td>\n<\/tr>\n<\/tbody>\n<\/table>\n<\/td>\n<\/tr>\n<\/tbody>\n<\/table>\n","protected":false},"excerpt":{"rendered":"<p>Ya tenemos en #PERSEestetica el regalo perfecto para estas Navidades, ya est\u00e1n\u00a0 aqu\u00ed nuestro cofres de Phytomer y Vie Collection.\u00a0 3 packs diferentes para regalar o autorregalarte.\u00a0 &nbsp; PACK Vie Collection: Regala lo mejor de los cosm\u00e9ticos anti-envejecimiento compuesto por [&hellip;]<\/p>\n","protected":false},"author":1,"featured_media":3927,"comment_status":"open","ping_status":"open","sticky":false,"template":"","format":"standard","meta":{"footnotes":""},"categories":[119,125,15,117,126],"tags":[223,263,261,265,206,136,262,137,264],"class_list":["post-3926","post","type-post","status-publish","format-standard","has-post-thumbnail","hentry","category-facial","category-noticias","category-organic","category-per-se","category-tratamiento","tag-cofresregalo-regalosdenavidad-packregalos-autorregalo-phytomer-bio-organic-cyfolia-antiarrugas-exfoliante","tag-navidad-2022","tag-pack-de-navidad","tag-pckanavidenos","tag-phytomer","tag-regala-belleza","tag-regalos-de-navidad","tag-regalos-originales","tag-vie-collection"],"yoast_head":"<!-- This site is optimized with the Yoast SEO plugin v27.0 - https:\/\/yoast.com\/product\/yoast-seo-wordpress\/ -->\n<title>YA EST\u00c1N AQU\u00cd LOS COFRES DE NAVIDAD - PER SE ESTETICA<\/title>\n<meta name=\"robots\" content=\"index, follow, max-snippet:-1, max-image-preview:large, max-video-preview:-1\" \/>\n<link rel=\"canonical\" href=\"https:\/\/www.perseestetica.com\/index.php\/2022\/11\/30\/ya-estan-aqui-los-cofres-de-navidad\/\" \/>\n<meta property=\"og:locale\" content=\"es_ES\" \/>\n<meta property=\"og:type\" content=\"article\" \/>\n<meta property=\"og:title\" content=\"YA EST\u00c1N AQU\u00cd LOS COFRES DE NAVIDAD - PER SE ESTETICA\" \/>\n<meta property=\"og:description\" content=\"Ya tenemos en #PERSEestetica el regalo perfecto para estas Navidades, ya est\u00e1n\u00a0 aqu\u00ed nuestro cofres de Phytomer y Vie Collection.\u00a0 3 packs diferentes para regalar o autorregalarte.\u00a0 &nbsp; PACK Vie Collection: Regala lo mejor de los cosm\u00e9ticos anti-envejecimiento compuesto por [&hellip;]\" \/>\n<meta property=\"og:url\" content=\"https:\/\/www.perseestetica.com\/index.php\/2022\/11\/30\/ya-estan-aqui-los-cofres-de-navidad\/\" \/>\n<meta property=\"og:site_name\" content=\"PER SE ESTETICA\" \/>\n<meta property=\"article:published_time\" content=\"2022-11-30T12:30:48+00:00\" \/>\n<meta property=\"og:image\" content=\"https:\/\/www.perseestetica.com\/wp-content\/uploads\/2022\/11\/Portada-pack-copia.jpg\" \/>\n\t<meta property=\"og:image:width\" content=\"1024\" \/>\n\t<meta property=\"og:image:height\" content=\"675\" \/>\n\t<meta property=\"og:image:type\" content=\"image\/jpeg\" \/>\n<meta name=\"author\" content=\"administraci\u00f3n\" \/>\n<meta name=\"twitter:card\" content=\"summary_large_image\" \/>\n<meta name=\"twitter:label1\" content=\"Escrito por\" \/>\n\t<meta name=\"twitter:data1\" content=\"administraci\u00f3n\" \/>\n\t<meta name=\"twitter:label2\" content=\"Tiempo de lectura\" \/>\n\t<meta name=\"twitter:data2\" content=\"3 minutos\" \/>\n<script type=\"application\/ld+json\" class=\"yoast-schema-graph\">{\"@context\":\"https:\/\/schema.org\",\"@graph\":[{\"@type\":\"Article\",\"@id\":\"https:\/\/www.perseestetica.com\/index.php\/2022\/11\/30\/ya-estan-aqui-los-cofres-de-navidad\/#article\",\"isPartOf\":{\"@id\":\"https:\/\/www.perseestetica.com\/index.php\/2022\/11\/30\/ya-estan-aqui-los-cofres-de-navidad\/\"},\"author\":{\"name\":\"administraci\u00f3n\",\"@id\":\"https:\/\/www.perseestetica.com\/#\/schema\/person\/dffe0e7ffbd7bd2d4816f9bd4f643eff\"},\"headline\":\"YA EST\u00c1N AQU\u00cd LOS COFRES DE NAVIDAD\",\"datePublished\":\"2022-11-30T12:30:48+00:00\",\"mainEntityOfPage\":{\"@id\":\"https:\/\/www.perseestetica.com\/index.php\/2022\/11\/30\/ya-estan-aqui-los-cofres-de-navidad\/\"},\"wordCount\":586,\"commentCount\":0,\"image\":{\"@id\":\"https:\/\/www.perseestetica.com\/index.php\/2022\/11\/30\/ya-estan-aqui-los-cofres-de-navidad\/#primaryimage\"},\"thumbnailUrl\":\"https:\/\/www.perseestetica.com\/wp-content\/uploads\/2022\/11\/Portada-pack-copia.jpg\",\"keywords\":[\"#cofresregalo #regalosdeNavidad #packregalos #autorregalo #phytomer #bio-organic #cyfolia #antiarrugas #exfoliante\",\"Navidad 2022\",\"pack de Navidad\",\"PckaNavide\u00f1os\",\"phytomer\",\"regala belleza\",\"regalos de Navidad\",\"regalos originales\",\"Vie Collection\"],\"articleSection\":[\"facial\",\"noticias\",\"Organic\",\"PER SE\",\"tratamiento\"],\"inLanguage\":\"es\",\"potentialAction\":[{\"@type\":\"CommentAction\",\"name\":\"Comment\",\"target\":[\"https:\/\/www.perseestetica.com\/index.php\/2022\/11\/30\/ya-estan-aqui-los-cofres-de-navidad\/#respond\"]}]},{\"@type\":\"WebPage\",\"@id\":\"https:\/\/www.perseestetica.com\/index.php\/2022\/11\/30\/ya-estan-aqui-los-cofres-de-navidad\/\",\"url\":\"https:\/\/www.perseestetica.com\/index.php\/2022\/11\/30\/ya-estan-aqui-los-cofres-de-navidad\/\",\"name\":\"YA EST\u00c1N AQU\u00cd LOS COFRES DE NAVIDAD - PER SE ESTETICA\",\"isPartOf\":{\"@id\":\"https:\/\/www.perseestetica.com\/#website\"},\"primaryImageOfPage\":{\"@id\":\"https:\/\/www.perseestetica.com\/index.php\/2022\/11\/30\/ya-estan-aqui-los-cofres-de-navidad\/#primaryimage\"},\"image\":{\"@id\":\"https:\/\/www.perseestetica.com\/index.php\/2022\/11\/30\/ya-estan-aqui-los-cofres-de-navidad\/#primaryimage\"},\"thumbnailUrl\":\"https:\/\/www.perseestetica.com\/wp-content\/uploads\/2022\/11\/Portada-pack-copia.jpg\",\"datePublished\":\"2022-11-30T12:30:48+00:00\",\"author\":{\"@id\":\"https:\/\/www.perseestetica.com\/#\/schema\/person\/dffe0e7ffbd7bd2d4816f9bd4f643eff\"},\"breadcrumb\":{\"@id\":\"https:\/\/www.perseestetica.com\/index.php\/2022\/11\/30\/ya-estan-aqui-los-cofres-de-navidad\/#breadcrumb\"},\"inLanguage\":\"es\",\"potentialAction\":[{\"@type\":\"ReadAction\",\"target\":[\"https:\/\/www.perseestetica.com\/index.php\/2022\/11\/30\/ya-estan-aqui-los-cofres-de-navidad\/\"]}]},{\"@type\":\"ImageObject\",\"inLanguage\":\"es\",\"@id\":\"https:\/\/www.perseestetica.com\/index.php\/2022\/11\/30\/ya-estan-aqui-los-cofres-de-navidad\/#primaryimage\",\"url\":\"https:\/\/www.perseestetica.com\/wp-content\/uploads\/2022\/11\/Portada-pack-copia.jpg\",\"contentUrl\":\"https:\/\/www.perseestetica.com\/wp-content\/uploads\/2022\/11\/Portada-pack-copia.jpg\",\"width\":1024,\"height\":675},{\"@type\":\"BreadcrumbList\",\"@id\":\"https:\/\/www.perseestetica.com\/index.php\/2022\/11\/30\/ya-estan-aqui-los-cofres-de-navidad\/#breadcrumb\",\"itemListElement\":[{\"@type\":\"ListItem\",\"position\":1,\"name\":\"Portada\",\"item\":\"https:\/\/www.perseestetica.com\/\"},{\"@type\":\"ListItem\",\"position\":2,\"name\":\"YA EST\u00c1N AQU\u00cd LOS COFRES DE NAVIDAD\"}]},{\"@type\":\"WebSite\",\"@id\":\"https:\/\/www.perseestetica.com\/#website\",\"url\":\"https:\/\/www.perseestetica.com\/\",\"name\":\"PER SE ESTETICA\",\"description\":\"Centro de est\u00e9tica y bienestar en Vitoria-Gasteiz\",\"potentialAction\":[{\"@type\":\"SearchAction\",\"target\":{\"@type\":\"EntryPoint\",\"urlTemplate\":\"https:\/\/www.perseestetica.com\/?s={search_term_string}\"},\"query-input\":{\"@type\":\"PropertyValueSpecification\",\"valueRequired\":true,\"valueName\":\"search_term_string\"}}],\"inLanguage\":\"es\"},{\"@type\":\"Person\",\"@id\":\"https:\/\/www.perseestetica.com\/#\/schema\/person\/dffe0e7ffbd7bd2d4816f9bd4f643eff\",\"name\":\"administraci\u00f3n\",\"image\":{\"@type\":\"ImageObject\",\"inLanguage\":\"es\",\"@id\":\"https:\/\/www.perseestetica.com\/#\/schema\/person\/image\/\",\"url\":\"https:\/\/secure.gravatar.com\/avatar\/c80723aa5a9a47fa5daf35d0805cde1198a8010870d2be18ca924fd80ffac640?s=96&d=mm&r=g\",\"contentUrl\":\"https:\/\/secure.gravatar.com\/avatar\/c80723aa5a9a47fa5daf35d0805cde1198a8010870d2be18ca924fd80ffac640?s=96&d=mm&r=g\",\"caption\":\"administraci\u00f3n\"},\"url\":\"https:\/\/www.perseestetica.com\/index.php\/author\/admin\/\"}]}<\/script>\n<!-- \/ Yoast SEO plugin. -->","yoast_head_json":{"title":"YA EST\u00c1N AQU\u00cd LOS COFRES DE NAVIDAD - PER SE ESTETICA","robots":{"index":"index","follow":"follow","max-snippet":"max-snippet:-1","max-image-preview":"max-image-preview:large","max-video-preview":"max-video-preview:-1"},"canonical":"https:\/\/www.perseestetica.com\/index.php\/2022\/11\/30\/ya-estan-aqui-los-cofres-de-navidad\/","og_locale":"es_ES","og_type":"article","og_title":"YA EST\u00c1N AQU\u00cd LOS COFRES DE NAVIDAD - PER SE ESTETICA","og_description":"Ya tenemos en #PERSEestetica el regalo perfecto para estas Navidades, ya est\u00e1n\u00a0 aqu\u00ed nuestro cofres de Phytomer y Vie Collection.\u00a0 3 packs diferentes para regalar o autorregalarte.\u00a0 &nbsp; PACK Vie Collection: Regala lo mejor de los cosm\u00e9ticos anti-envejecimiento compuesto por [&hellip;]","og_url":"https:\/\/www.perseestetica.com\/index.php\/2022\/11\/30\/ya-estan-aqui-los-cofres-de-navidad\/","og_site_name":"PER SE ESTETICA","article_published_time":"2022-11-30T12:30:48+00:00","og_image":[{"width":1024,"height":675,"url":"https:\/\/www.perseestetica.com\/wp-content\/uploads\/2022\/11\/Portada-pack-copia.jpg","type":"image\/jpeg"}],"author":"administraci\u00f3n","twitter_card":"summary_large_image","twitter_misc":{"Escrito por":"administraci\u00f3n","Tiempo de lectura":"3 minutos"},"schema":{"@context":"https:\/\/schema.org","@graph":[{"@type":"Article","@id":"https:\/\/www.perseestetica.com\/index.php\/2022\/11\/30\/ya-estan-aqui-los-cofres-de-navidad\/#article","isPartOf":{"@id":"https:\/\/www.perseestetica.com\/index.php\/2022\/11\/30\/ya-estan-aqui-los-cofres-de-navidad\/"},"author":{"name":"administraci\u00f3n","@id":"https:\/\/www.perseestetica.com\/#\/schema\/person\/dffe0e7ffbd7bd2d4816f9bd4f643eff"},"headline":"YA EST\u00c1N AQU\u00cd LOS COFRES DE NAVIDAD","datePublished":"2022-11-30T12:30:48+00:00","mainEntityOfPage":{"@id":"https:\/\/www.perseestetica.com\/index.php\/2022\/11\/30\/ya-estan-aqui-los-cofres-de-navidad\/"},"wordCount":586,"commentCount":0,"image":{"@id":"https:\/\/www.perseestetica.com\/index.php\/2022\/11\/30\/ya-estan-aqui-los-cofres-de-navidad\/#primaryimage"},"thumbnailUrl":"https:\/\/www.perseestetica.com\/wp-content\/uploads\/2022\/11\/Portada-pack-copia.jpg","keywords":["#cofresregalo #regalosdeNavidad #packregalos #autorregalo #phytomer #bio-organic #cyfolia #antiarrugas #exfoliante","Navidad 2022","pack de Navidad","PckaNavide\u00f1os","phytomer","regala belleza","regalos de Navidad","regalos originales","Vie Collection"],"articleSection":["facial","noticias","Organic","PER SE","tratamiento"],"inLanguage":"es","potentialAction":[{"@type":"CommentAction","name":"Comment","target":["https:\/\/www.perseestetica.com\/index.php\/2022\/11\/30\/ya-estan-aqui-los-cofres-de-navidad\/#respond"]}]},{"@type":"WebPage","@id":"https:\/\/www.perseestetica.com\/index.php\/2022\/11\/30\/ya-estan-aqui-los-cofres-de-navidad\/","url":"https:\/\/www.perseestetica.com\/index.php\/2022\/11\/30\/ya-estan-aqui-los-cofres-de-navidad\/","name":"YA EST\u00c1N AQU\u00cd LOS COFRES DE NAVIDAD - PER SE ESTETICA","isPartOf":{"@id":"https:\/\/www.perseestetica.com\/#website"},"primaryImageOfPage":{"@id":"https:\/\/www.perseestetica.com\/index.php\/2022\/11\/30\/ya-estan-aqui-los-cofres-de-navidad\/#primaryimage"},"image":{"@id":"https:\/\/www.perseestetica.com\/index.php\/2022\/11\/30\/ya-estan-aqui-los-cofres-de-navidad\/#primaryimage"},"thumbnailUrl":"https:\/\/www.perseestetica.com\/wp-content\/uploads\/2022\/11\/Portada-pack-copia.jpg","datePublished":"2022-11-30T12:30:48+00:00","author":{"@id":"https:\/\/www.perseestetica.com\/#\/schema\/person\/dffe0e7ffbd7bd2d4816f9bd4f643eff"},"breadcrumb":{"@id":"https:\/\/www.perseestetica.com\/index.php\/2022\/11\/30\/ya-estan-aqui-los-cofres-de-navidad\/#breadcrumb"},"inLanguage":"es","potentialAction":[{"@type":"ReadAction","target":["https:\/\/www.perseestetica.com\/index.php\/2022\/11\/30\/ya-estan-aqui-los-cofres-de-navidad\/"]}]},{"@type":"ImageObject","inLanguage":"es","@id":"https:\/\/www.perseestetica.com\/index.php\/2022\/11\/30\/ya-estan-aqui-los-cofres-de-navidad\/#primaryimage","url":"https:\/\/www.perseestetica.com\/wp-content\/uploads\/2022\/11\/Portada-pack-copia.jpg","contentUrl":"https:\/\/www.perseestetica.com\/wp-content\/uploads\/2022\/11\/Portada-pack-copia.jpg","width":1024,"height":675},{"@type":"BreadcrumbList","@id":"https:\/\/www.perseestetica.com\/index.php\/2022\/11\/30\/ya-estan-aqui-los-cofres-de-navidad\/#breadcrumb","itemListElement":[{"@type":"ListItem","position":1,"name":"Portada","item":"https:\/\/www.perseestetica.com\/"},{"@type":"ListItem","position":2,"name":"YA EST\u00c1N AQU\u00cd LOS COFRES DE NAVIDAD"}]},{"@type":"WebSite","@id":"https:\/\/www.perseestetica.com\/#website","url":"https:\/\/www.perseestetica.com\/","name":"PER SE ESTETICA","description":"Centro de est\u00e9tica y bienestar en Vitoria-Gasteiz","potentialAction":[{"@type":"SearchAction","target":{"@type":"EntryPoint","urlTemplate":"https:\/\/www.perseestetica.com\/?s={search_term_string}"},"query-input":{"@type":"PropertyValueSpecification","valueRequired":true,"valueName":"search_term_string"}}],"inLanguage":"es"},{"@type":"Person","@id":"https:\/\/www.perseestetica.com\/#\/schema\/person\/dffe0e7ffbd7bd2d4816f9bd4f643eff","name":"administraci\u00f3n","image":{"@type":"ImageObject","inLanguage":"es","@id":"https:\/\/www.perseestetica.com\/#\/schema\/person\/image\/","url":"https:\/\/secure.gravatar.com\/avatar\/c80723aa5a9a47fa5daf35d0805cde1198a8010870d2be18ca924fd80ffac640?s=96&d=mm&r=g","contentUrl":"https:\/\/secure.gravatar.com\/avatar\/c80723aa5a9a47fa5daf35d0805cde1198a8010870d2be18ca924fd80ffac640?s=96&d=mm&r=g","caption":"administraci\u00f3n"},"url":"https:\/\/www.perseestetica.com\/index.php\/author\/admin\/"}]}},"_links":{"self":[{"href":"https:\/\/www.perseestetica.com\/index.php\/wp-json\/wp\/v2\/posts\/3926","targetHints":{"allow":["GET"]}}],"collection":[{"href":"https:\/\/www.perseestetica.com\/index.php\/wp-json\/wp\/v2\/posts"}],"about":[{"href":"https:\/\/www.perseestetica.com\/index.php\/wp-json\/wp\/v2\/types\/post"}],"author":[{"embeddable":true,"href":"https:\/\/www.perseestetica.com\/index.php\/wp-json\/wp\/v2\/users\/1"}],"replies":[{"embeddable":true,"href":"https:\/\/www.perseestetica.com\/index.php\/wp-json\/wp\/v2\/comments?post=3926"}],"version-history":[{"count":2,"href":"https:\/\/www.perseestetica.com\/index.php\/wp-json\/wp\/v2\/posts\/3926\/revisions"}],"predecessor-version":[{"id":3932,"href":"https:\/\/www.perseestetica.com\/index.php\/wp-json\/wp\/v2\/posts\/3926\/revisions\/3932"}],"wp:featuredmedia":[{"embeddable":true,"href":"https:\/\/www.perseestetica.com\/index.php\/wp-json\/wp\/v2\/media\/3927"}],"wp:attachment":[{"href":"https:\/\/www.perseestetica.com\/index.php\/wp-json\/wp\/v2\/media?parent=3926"}],"wp:term":[{"taxonomy":"category","embeddable":true,"href":"https:\/\/www.perseestetica.com\/index.php\/wp-json\/wp\/v2\/categories?post=3926"},{"taxonomy":"post_tag","embeddable":true,"href":"https:\/\/www.perseestetica.com\/index.php\/wp-json\/wp\/v2\/tags?post=3926"}],"curies":[{"name":"wp","href":"https:\/\/api.w.org\/{rel}","templated":true}]}}