{"id":3955,"date":"2023-01-11T08:48:33","date_gmt":"2023-01-11T08:48:33","guid":{"rendered":"https:\/\/www.perseestetica.com\/?p=3955"},"modified":"2023-01-11T09:02:04","modified_gmt":"2023-01-11T09:02:04","slug":"ganadoras-del-sorteo-del-tratamiento-facial-de-hidratacion","status":"publish","type":"post","link":"https:\/\/www.perseestetica.com\/index.php\/2023\/01\/11\/ganadoras-del-sorteo-del-tratamiento-facial-de-hidratacion\/","title":{"rendered":"GANADORAS DEL SORTEO DEL TRATAMIENTO FACIAL DE HIDRATACI\u00d3N"},"content":{"rendered":"<p class=\"p1\"><span class=\"s1\">\u00a1Ya tenemos a las ganadoras! \u00bfQuieres saber si has sido t\u00fa? Consulta el listado de las ganadoras de esta Navidad en PER SE est\u00e9tica<\/span><\/p>\n<p class=\"p1\"><span class=\"s1\">Ganadora de\u00a0<b>Facebook: @Maider Nikolas<\/b><br \/>\nGanadora de\u00a0<b>Instagram: @ainhoaurbina_<\/b><br \/>\nGanadora del\u00a0<b>punto de venta: Esther Del Hoyo<\/b><\/span><\/p>\n<p class=\"p1\"><span class=\"s1\">Si eres una de las patas agraciadas contactaremos contigo para que puedas disfrutar del premio, <b>un tratamiento facial de hidrataci\u00f3n<\/b>.<\/span><\/p>\n<p class=\"p1\"><span class=\"s1\">Gracias a tod@s l@s pat@s que hab\u00e9is participado y que d\u00e1ndole al pico, o compartiendo en las redes, nos hab\u00e9is ayudado un a\u00f1o m\u00e1s, a seguir creciendo.<\/span><\/p>\n<p class=\"p1\"><span class=\"s1\">GRACIAS!!!<\/span><\/p>\n<p class=\"p1\"><span class=\"s1\">Habr\u00e1 m\u00e1s sorteos en este 2023, as\u00ed que no est\u00e1 todo perdido. \u00a1S\u00edguenos y participa!, \u00a1suerte PATUNA!<\/span><\/p>\n","protected":false},"excerpt":{"rendered":"<p>\u00a1Ya tenemos a las ganadoras! \u00bfQuieres saber si has sido t\u00fa? Consulta el listado de las ganadoras de esta Navidad en PER SE est\u00e9tica Ganadora de\u00a0Facebook: @Maider Nikolas Ganadora de\u00a0Instagram: @ainhoaurbina_ Ganadora del\u00a0punto de venta: Esther Del Hoyo Si eres [&hellip;]<\/p>\n","protected":false},"author":1,"featured_media":3956,"comment_status":"open","ping_status":"open","sticky":false,"template":"","format":"standard","meta":{"footnotes":""},"categories":[119,125,117,126],"tags":[242,249,181,248,278,277,267,279],"class_list":["post-3955","post","type-post","status-publish","format-standard","has-post-thumbnail","hentry","category-facial","category-noticias","category-per-se","category-tratamiento","tag-contraelenvejecimiento-antiedad-contraarrugas-tratamientoenvejecimientopiel-pielenvejecida","tag-perseesteticua","tag-centro-de-estetica","tag-perseestetica","tag-sorteo-tratamiento-facial","tag-sorteo2022","tag-tratamiento-facial","tag-tratamientos-en-cabina"],"yoast_head":"<!-- This site is optimized with the Yoast SEO plugin v27.0 - https:\/\/yoast.com\/product\/yoast-seo-wordpress\/ -->\n<title>GANADORAS DEL SORTEO DEL TRATAMIENTO FACIAL DE HIDRATACI\u00d3N - PER SE ESTETICA<\/title>\n<meta name=\"robots\" content=\"index, follow, max-snippet:-1, max-image-preview:large, max-video-preview:-1\" \/>\n<link rel=\"canonical\" href=\"https:\/\/www.perseestetica.com\/index.php\/2023\/01\/11\/ganadoras-del-sorteo-del-tratamiento-facial-de-hidratacion\/\" \/>\n<meta property=\"og:locale\" content=\"es_ES\" \/>\n<meta property=\"og:type\" content=\"article\" \/>\n<meta property=\"og:title\" content=\"GANADORAS DEL SORTEO DEL TRATAMIENTO FACIAL DE HIDRATACI\u00d3N - PER SE ESTETICA\" \/>\n<meta property=\"og:description\" content=\"\u00a1Ya tenemos a las ganadoras! \u00bfQuieres saber si has sido t\u00fa? Consulta el listado de las ganadoras de esta Navidad en PER SE est\u00e9tica Ganadora de\u00a0Facebook: @Maider Nikolas Ganadora de\u00a0Instagram: @ainhoaurbina_ Ganadora del\u00a0punto de venta: Esther Del Hoyo Si eres [&hellip;]\" \/>\n<meta property=\"og:url\" content=\"https:\/\/www.perseestetica.com\/index.php\/2023\/01\/11\/ganadoras-del-sorteo-del-tratamiento-facial-de-hidratacion\/\" \/>\n<meta property=\"og:site_name\" content=\"PER SE ESTETICA\" \/>\n<meta property=\"article:published_time\" content=\"2023-01-11T08:48:33+00:00\" \/>\n<meta property=\"article:modified_time\" content=\"2023-01-11T09:02:04+00:00\" \/>\n<meta property=\"og:image\" content=\"https:\/\/www.perseestetica.com\/wp-content\/uploads\/2023\/01\/BLOG-ganadoras23.jpg\" \/>\n\t<meta property=\"og:image:width\" content=\"1024\" \/>\n\t<meta property=\"og:image:height\" content=\"675\" \/>\n\t<meta property=\"og:image:type\" content=\"image\/jpeg\" \/>\n<meta name=\"author\" content=\"administraci\u00f3n\" \/>\n<meta name=\"twitter:card\" content=\"summary_large_image\" \/>\n<meta name=\"twitter:label1\" content=\"Escrito por\" \/>\n\t<meta name=\"twitter:data1\" content=\"administraci\u00f3n\" \/>\n\t<meta name=\"twitter:label2\" content=\"Tiempo de lectura\" \/>\n\t<meta name=\"twitter:data2\" content=\"1 minuto\" \/>\n<script type=\"application\/ld+json\" class=\"yoast-schema-graph\">{\"@context\":\"https:\/\/schema.org\",\"@graph\":[{\"@type\":\"Article\",\"@id\":\"https:\/\/www.perseestetica.com\/index.php\/2023\/01\/11\/ganadoras-del-sorteo-del-tratamiento-facial-de-hidratacion\/#article\",\"isPartOf\":{\"@id\":\"https:\/\/www.perseestetica.com\/index.php\/2023\/01\/11\/ganadoras-del-sorteo-del-tratamiento-facial-de-hidratacion\/\"},\"author\":{\"name\":\"administraci\u00f3n\",\"@id\":\"https:\/\/www.perseestetica.com\/#\/schema\/person\/dffe0e7ffbd7bd2d4816f9bd4f643eff\"},\"headline\":\"GANADORAS DEL SORTEO DEL TRATAMIENTO FACIAL DE HIDRATACI\u00d3N\",\"datePublished\":\"2023-01-11T08:48:33+00:00\",\"dateModified\":\"2023-01-11T09:02:04+00:00\",\"mainEntityOfPage\":{\"@id\":\"https:\/\/www.perseestetica.com\/index.php\/2023\/01\/11\/ganadoras-del-sorteo-del-tratamiento-facial-de-hidratacion\/\"},\"wordCount\":126,\"commentCount\":0,\"image\":{\"@id\":\"https:\/\/www.perseestetica.com\/index.php\/2023\/01\/11\/ganadoras-del-sorteo-del-tratamiento-facial-de-hidratacion\/#primaryimage\"},\"thumbnailUrl\":\"https:\/\/www.perseestetica.com\/wp-content\/uploads\/2023\/01\/BLOG-ganadoras23.jpg\",\"keywords\":[\"#contraelenvejecimiento #antiedad #contraarrugas #tratamientoenvejecimientopiel #pielenvejecida\",\"#PERSEesteticua\",\"centro de est\u00e9tica\",\"PERSEestetica\",\"sorteo tratamiento facial\",\"sorteo2022\",\"tratamiento facial\",\"tratamientos en cabina\"],\"articleSection\":[\"facial\",\"noticias\",\"PER SE\",\"tratamiento\"],\"inLanguage\":\"es\",\"potentialAction\":[{\"@type\":\"CommentAction\",\"name\":\"Comment\",\"target\":[\"https:\/\/www.perseestetica.com\/index.php\/2023\/01\/11\/ganadoras-del-sorteo-del-tratamiento-facial-de-hidratacion\/#respond\"]}]},{\"@type\":\"WebPage\",\"@id\":\"https:\/\/www.perseestetica.com\/index.php\/2023\/01\/11\/ganadoras-del-sorteo-del-tratamiento-facial-de-hidratacion\/\",\"url\":\"https:\/\/www.perseestetica.com\/index.php\/2023\/01\/11\/ganadoras-del-sorteo-del-tratamiento-facial-de-hidratacion\/\",\"name\":\"GANADORAS DEL SORTEO DEL TRATAMIENTO FACIAL DE HIDRATACI\u00d3N - PER SE ESTETICA\",\"isPartOf\":{\"@id\":\"https:\/\/www.perseestetica.com\/#website\"},\"primaryImageOfPage\":{\"@id\":\"https:\/\/www.perseestetica.com\/index.php\/2023\/01\/11\/ganadoras-del-sorteo-del-tratamiento-facial-de-hidratacion\/#primaryimage\"},\"image\":{\"@id\":\"https:\/\/www.perseestetica.com\/index.php\/2023\/01\/11\/ganadoras-del-sorteo-del-tratamiento-facial-de-hidratacion\/#primaryimage\"},\"thumbnailUrl\":\"https:\/\/www.perseestetica.com\/wp-content\/uploads\/2023\/01\/BLOG-ganadoras23.jpg\",\"datePublished\":\"2023-01-11T08:48:33+00:00\",\"dateModified\":\"2023-01-11T09:02:04+00:00\",\"author\":{\"@id\":\"https:\/\/www.perseestetica.com\/#\/schema\/person\/dffe0e7ffbd7bd2d4816f9bd4f643eff\"},\"breadcrumb\":{\"@id\":\"https:\/\/www.perseestetica.com\/index.php\/2023\/01\/11\/ganadoras-del-sorteo-del-tratamiento-facial-de-hidratacion\/#breadcrumb\"},\"inLanguage\":\"es\",\"potentialAction\":[{\"@type\":\"ReadAction\",\"target\":[\"https:\/\/www.perseestetica.com\/index.php\/2023\/01\/11\/ganadoras-del-sorteo-del-tratamiento-facial-de-hidratacion\/\"]}]},{\"@type\":\"ImageObject\",\"inLanguage\":\"es\",\"@id\":\"https:\/\/www.perseestetica.com\/index.php\/2023\/01\/11\/ganadoras-del-sorteo-del-tratamiento-facial-de-hidratacion\/#primaryimage\",\"url\":\"https:\/\/www.perseestetica.com\/wp-content\/uploads\/2023\/01\/BLOG-ganadoras23.jpg\",\"contentUrl\":\"https:\/\/www.perseestetica.com\/wp-content\/uploads\/2023\/01\/BLOG-ganadoras23.jpg\",\"width\":1024,\"height\":675},{\"@type\":\"BreadcrumbList\",\"@id\":\"https:\/\/www.perseestetica.com\/index.php\/2023\/01\/11\/ganadoras-del-sorteo-del-tratamiento-facial-de-hidratacion\/#breadcrumb\",\"itemListElement\":[{\"@type\":\"ListItem\",\"position\":1,\"name\":\"Portada\",\"item\":\"https:\/\/www.perseestetica.com\/\"},{\"@type\":\"ListItem\",\"position\":2,\"name\":\"GANADORAS DEL SORTEO DEL TRATAMIENTO FACIAL DE HIDRATACI\u00d3N\"}]},{\"@type\":\"WebSite\",\"@id\":\"https:\/\/www.perseestetica.com\/#website\",\"url\":\"https:\/\/www.perseestetica.com\/\",\"name\":\"PER SE ESTETICA\",\"description\":\"Centro de est\u00e9tica y bienestar en Vitoria-Gasteiz\",\"potentialAction\":[{\"@type\":\"SearchAction\",\"target\":{\"@type\":\"EntryPoint\",\"urlTemplate\":\"https:\/\/www.perseestetica.com\/?s={search_term_string}\"},\"query-input\":{\"@type\":\"PropertyValueSpecification\",\"valueRequired\":true,\"valueName\":\"search_term_string\"}}],\"inLanguage\":\"es\"},{\"@type\":\"Person\",\"@id\":\"https:\/\/www.perseestetica.com\/#\/schema\/person\/dffe0e7ffbd7bd2d4816f9bd4f643eff\",\"name\":\"administraci\u00f3n\",\"image\":{\"@type\":\"ImageObject\",\"inLanguage\":\"es\",\"@id\":\"https:\/\/www.perseestetica.com\/#\/schema\/person\/image\/\",\"url\":\"https:\/\/secure.gravatar.com\/avatar\/c80723aa5a9a47fa5daf35d0805cde1198a8010870d2be18ca924fd80ffac640?s=96&d=mm&r=g\",\"contentUrl\":\"https:\/\/secure.gravatar.com\/avatar\/c80723aa5a9a47fa5daf35d0805cde1198a8010870d2be18ca924fd80ffac640?s=96&d=mm&r=g\",\"caption\":\"administraci\u00f3n\"},\"url\":\"https:\/\/www.perseestetica.com\/index.php\/author\/admin\/\"}]}<\/script>\n<!-- \/ Yoast SEO plugin. -->","yoast_head_json":{"title":"GANADORAS DEL SORTEO DEL TRATAMIENTO FACIAL DE HIDRATACI\u00d3N - PER SE ESTETICA","robots":{"index":"index","follow":"follow","max-snippet":"max-snippet:-1","max-image-preview":"max-image-preview:large","max-video-preview":"max-video-preview:-1"},"canonical":"https:\/\/www.perseestetica.com\/index.php\/2023\/01\/11\/ganadoras-del-sorteo-del-tratamiento-facial-de-hidratacion\/","og_locale":"es_ES","og_type":"article","og_title":"GANADORAS DEL SORTEO DEL TRATAMIENTO FACIAL DE HIDRATACI\u00d3N - PER SE ESTETICA","og_description":"\u00a1Ya tenemos a las ganadoras! \u00bfQuieres saber si has sido t\u00fa? Consulta el listado de las ganadoras de esta Navidad en PER SE est\u00e9tica Ganadora de\u00a0Facebook: @Maider Nikolas Ganadora de\u00a0Instagram: @ainhoaurbina_ Ganadora del\u00a0punto de venta: Esther Del Hoyo Si eres [&hellip;]","og_url":"https:\/\/www.perseestetica.com\/index.php\/2023\/01\/11\/ganadoras-del-sorteo-del-tratamiento-facial-de-hidratacion\/","og_site_name":"PER SE ESTETICA","article_published_time":"2023-01-11T08:48:33+00:00","article_modified_time":"2023-01-11T09:02:04+00:00","og_image":[{"width":1024,"height":675,"url":"https:\/\/www.perseestetica.com\/wp-content\/uploads\/2023\/01\/BLOG-ganadoras23.jpg","type":"image\/jpeg"}],"author":"administraci\u00f3n","twitter_card":"summary_large_image","twitter_misc":{"Escrito por":"administraci\u00f3n","Tiempo de lectura":"1 minuto"},"schema":{"@context":"https:\/\/schema.org","@graph":[{"@type":"Article","@id":"https:\/\/www.perseestetica.com\/index.php\/2023\/01\/11\/ganadoras-del-sorteo-del-tratamiento-facial-de-hidratacion\/#article","isPartOf":{"@id":"https:\/\/www.perseestetica.com\/index.php\/2023\/01\/11\/ganadoras-del-sorteo-del-tratamiento-facial-de-hidratacion\/"},"author":{"name":"administraci\u00f3n","@id":"https:\/\/www.perseestetica.com\/#\/schema\/person\/dffe0e7ffbd7bd2d4816f9bd4f643eff"},"headline":"GANADORAS DEL SORTEO DEL TRATAMIENTO FACIAL DE HIDRATACI\u00d3N","datePublished":"2023-01-11T08:48:33+00:00","dateModified":"2023-01-11T09:02:04+00:00","mainEntityOfPage":{"@id":"https:\/\/www.perseestetica.com\/index.php\/2023\/01\/11\/ganadoras-del-sorteo-del-tratamiento-facial-de-hidratacion\/"},"wordCount":126,"commentCount":0,"image":{"@id":"https:\/\/www.perseestetica.com\/index.php\/2023\/01\/11\/ganadoras-del-sorteo-del-tratamiento-facial-de-hidratacion\/#primaryimage"},"thumbnailUrl":"https:\/\/www.perseestetica.com\/wp-content\/uploads\/2023\/01\/BLOG-ganadoras23.jpg","keywords":["#contraelenvejecimiento #antiedad #contraarrugas #tratamientoenvejecimientopiel #pielenvejecida","#PERSEesteticua","centro de est\u00e9tica","PERSEestetica","sorteo tratamiento facial","sorteo2022","tratamiento facial","tratamientos en cabina"],"articleSection":["facial","noticias","PER SE","tratamiento"],"inLanguage":"es","potentialAction":[{"@type":"CommentAction","name":"Comment","target":["https:\/\/www.perseestetica.com\/index.php\/2023\/01\/11\/ganadoras-del-sorteo-del-tratamiento-facial-de-hidratacion\/#respond"]}]},{"@type":"WebPage","@id":"https:\/\/www.perseestetica.com\/index.php\/2023\/01\/11\/ganadoras-del-sorteo-del-tratamiento-facial-de-hidratacion\/","url":"https:\/\/www.perseestetica.com\/index.php\/2023\/01\/11\/ganadoras-del-sorteo-del-tratamiento-facial-de-hidratacion\/","name":"GANADORAS DEL SORTEO DEL TRATAMIENTO FACIAL DE HIDRATACI\u00d3N - PER SE ESTETICA","isPartOf":{"@id":"https:\/\/www.perseestetica.com\/#website"},"primaryImageOfPage":{"@id":"https:\/\/www.perseestetica.com\/index.php\/2023\/01\/11\/ganadoras-del-sorteo-del-tratamiento-facial-de-hidratacion\/#primaryimage"},"image":{"@id":"https:\/\/www.perseestetica.com\/index.php\/2023\/01\/11\/ganadoras-del-sorteo-del-tratamiento-facial-de-hidratacion\/#primaryimage"},"thumbnailUrl":"https:\/\/www.perseestetica.com\/wp-content\/uploads\/2023\/01\/BLOG-ganadoras23.jpg","datePublished":"2023-01-11T08:48:33+00:00","dateModified":"2023-01-11T09:02:04+00:00","author":{"@id":"https:\/\/www.perseestetica.com\/#\/schema\/person\/dffe0e7ffbd7bd2d4816f9bd4f643eff"},"breadcrumb":{"@id":"https:\/\/www.perseestetica.com\/index.php\/2023\/01\/11\/ganadoras-del-sorteo-del-tratamiento-facial-de-hidratacion\/#breadcrumb"},"inLanguage":"es","potentialAction":[{"@type":"ReadAction","target":["https:\/\/www.perseestetica.com\/index.php\/2023\/01\/11\/ganadoras-del-sorteo-del-tratamiento-facial-de-hidratacion\/"]}]},{"@type":"ImageObject","inLanguage":"es","@id":"https:\/\/www.perseestetica.com\/index.php\/2023\/01\/11\/ganadoras-del-sorteo-del-tratamiento-facial-de-hidratacion\/#primaryimage","url":"https:\/\/www.perseestetica.com\/wp-content\/uploads\/2023\/01\/BLOG-ganadoras23.jpg","contentUrl":"https:\/\/www.perseestetica.com\/wp-content\/uploads\/2023\/01\/BLOG-ganadoras23.jpg","width":1024,"height":675},{"@type":"BreadcrumbList","@id":"https:\/\/www.perseestetica.com\/index.php\/2023\/01\/11\/ganadoras-del-sorteo-del-tratamiento-facial-de-hidratacion\/#breadcrumb","itemListElement":[{"@type":"ListItem","position":1,"name":"Portada","item":"https:\/\/www.perseestetica.com\/"},{"@type":"ListItem","position":2,"name":"GANADORAS DEL SORTEO DEL TRATAMIENTO FACIAL DE HIDRATACI\u00d3N"}]},{"@type":"WebSite","@id":"https:\/\/www.perseestetica.com\/#website","url":"https:\/\/www.perseestetica.com\/","name":"PER SE ESTETICA","description":"Centro de est\u00e9tica y bienestar en Vitoria-Gasteiz","potentialAction":[{"@type":"SearchAction","target":{"@type":"EntryPoint","urlTemplate":"https:\/\/www.perseestetica.com\/?s={search_term_string}"},"query-input":{"@type":"PropertyValueSpecification","valueRequired":true,"valueName":"search_term_string"}}],"inLanguage":"es"},{"@type":"Person","@id":"https:\/\/www.perseestetica.com\/#\/schema\/person\/dffe0e7ffbd7bd2d4816f9bd4f643eff","name":"administraci\u00f3n","image":{"@type":"ImageObject","inLanguage":"es","@id":"https:\/\/www.perseestetica.com\/#\/schema\/person\/image\/","url":"https:\/\/secure.gravatar.com\/avatar\/c80723aa5a9a47fa5daf35d0805cde1198a8010870d2be18ca924fd80ffac640?s=96&d=mm&r=g","contentUrl":"https:\/\/secure.gravatar.com\/avatar\/c80723aa5a9a47fa5daf35d0805cde1198a8010870d2be18ca924fd80ffac640?s=96&d=mm&r=g","caption":"administraci\u00f3n"},"url":"https:\/\/www.perseestetica.com\/index.php\/author\/admin\/"}]}},"_links":{"self":[{"href":"https:\/\/www.perseestetica.com\/index.php\/wp-json\/wp\/v2\/posts\/3955","targetHints":{"allow":["GET"]}}],"collection":[{"href":"https:\/\/www.perseestetica.com\/index.php\/wp-json\/wp\/v2\/posts"}],"about":[{"href":"https:\/\/www.perseestetica.com\/index.php\/wp-json\/wp\/v2\/types\/post"}],"author":[{"embeddable":true,"href":"https:\/\/www.perseestetica.com\/index.php\/wp-json\/wp\/v2\/users\/1"}],"replies":[{"embeddable":true,"href":"https:\/\/www.perseestetica.com\/index.php\/wp-json\/wp\/v2\/comments?post=3955"}],"version-history":[{"count":6,"href":"https:\/\/www.perseestetica.com\/index.php\/wp-json\/wp\/v2\/posts\/3955\/revisions"}],"predecessor-version":[{"id":3969,"href":"https:\/\/www.perseestetica.com\/index.php\/wp-json\/wp\/v2\/posts\/3955\/revisions\/3969"}],"wp:featuredmedia":[{"embeddable":true,"href":"https:\/\/www.perseestetica.com\/index.php\/wp-json\/wp\/v2\/media\/3956"}],"wp:attachment":[{"href":"https:\/\/www.perseestetica.com\/index.php\/wp-json\/wp\/v2\/media?parent=3955"}],"wp:term":[{"taxonomy":"category","embeddable":true,"href":"https:\/\/www.perseestetica.com\/index.php\/wp-json\/wp\/v2\/categories?post=3955"},{"taxonomy":"post_tag","embeddable":true,"href":"https:\/\/www.perseestetica.com\/index.php\/wp-json\/wp\/v2\/tags?post=3955"}],"curies":[{"name":"wp","href":"https:\/\/api.w.org\/{rel}","templated":true}]}}