{"id":3989,"date":"2023-11-09T10:16:27","date_gmt":"2023-11-09T10:16:27","guid":{"rendered":"https:\/\/www.perseestetica.com\/?p=3989"},"modified":"2023-11-09T10:16:27","modified_gmt":"2023-11-09T10:16:27","slug":"pata-maquillada-pata-arreglada","status":"publish","type":"post","link":"https:\/\/www.perseestetica.com\/index.php\/2023\/11\/09\/pata-maquillada-pata-arreglada\/","title":{"rendered":"Pata maquillada, pata arreglada"},"content":{"rendered":"<p class=\"v1p3\"><span class=\"v1s2\">Aprende paso a paso a maquillarte con nosotras. Aunque te parezca mentira, podr\u00e1s apuntarte a un <strong>curso de maquillaje completamente gratis.\u00a0<\/strong><\/span><\/p>\n<p class=\"v1p3\"><strong><span class=\"v1s2\">\u00bfQu\u00e9 tienes que hacer?<\/span><\/strong><\/p>\n<p class=\"v1p3\"><span class=\"v1s2\">Elige una de estas fechas 16, 17 o 18 de noviembre.\u00a0<\/span><\/p>\n<p class=\"v1p3\"><strong><span class=\"v1s2\">\u00bfDuraci\u00f3n del curso?<\/span><\/strong><\/p>\n<p class=\"v1p3\"><span class=\"v1s2\">3\/4 de hora.\u00a0<\/span><\/p>\n<p class=\"v1p3\"><strong><span class=\"v1s2\">\u00bfQu\u00e9 horario puedes elegir?<\/span><\/strong><\/p>\n<p class=\"v1p3\">De 15:30 h a 18:30 h<\/p>\n<p class=\"v1p3\"><strong><span class=\"v1s2\">\u00bfC\u00f3mo apuntarte?<\/span><\/strong><\/p>\n<p class=\"v1p3\"><span class=\"v1s2\">Muy f\u00e1cil, ll\u00e1manos al <a href=\"tel:945 03 86 46\">945 038 646<\/a><\/span><\/p>\n<p class=\"v1p3\"><strong><span class=\"v1s2\">\u00bfPuedo ir sola o acompa\u00f1ada?<\/span><\/strong><\/p>\n<p class=\"v1p3\"><span class=\"v1s2\">\u00a1Eso, lo eliges t\u00fa! Si quieres venir con una amiga pata, con tu mam\u00e1 pata o prefieres ser una pata independiente y hacerlo sola, no hay problema.\u00a0<\/span><\/p>\n<p>&nbsp;<\/p>\n<p class=\"v1p3\"><span class=\"v1s2\">Con tan solo unos trucos descubrir\u00e1s que el maquillaje no es dif\u00edcil si sabes c\u00f3mo y qu\u00e9 productos utilizar. Nosotras <strong>trabajamos con maquillaje profesional de Jorge de la Garza. <\/strong><\/span><\/p>\n<p class=\"v1p3\"><span class=\"v1s2\">Descubre los <em>tips<\/em> necesarios sobre c\u00f3mo aprender a maquillarse en #PERSEesteticua.\u00a0<\/span><\/p>\n<p class=\"v1p3\"><strong><span class=\"v1s2\">Se pata lista y ap\u00fantate con tu esteticista a un cursillo especialista.<\/span><\/strong><\/p>\n<p>&nbsp;<\/p>\n<p><img loading=\"lazy\" decoding=\"async\" class=\"alignleft wp-image-3995 size-medium\" src=\"https:\/\/www.perseestetica.com\/wp-content\/uploads\/2023\/11\/IMG_2279-209x300.jpg\" alt=\"\" width=\"209\" height=\"300\" srcset=\"https:\/\/www.perseestetica.com\/wp-content\/uploads\/2023\/11\/IMG_2279-209x300.jpg 209w, https:\/\/www.perseestetica.com\/wp-content\/uploads\/2023\/11\/IMG_2279-713x1024.jpg 713w, https:\/\/www.perseestetica.com\/wp-content\/uploads\/2023\/11\/IMG_2279-768x1102.jpg 768w, https:\/\/www.perseestetica.com\/wp-content\/uploads\/2023\/11\/IMG_2279-600x861.jpg 600w, https:\/\/www.perseestetica.com\/wp-content\/uploads\/2023\/11\/IMG_2279.jpg 990w\" sizes=\"auto, (max-width: 209px) 100vw, 209px\" \/><\/p>\n<p><img loading=\"lazy\" decoding=\"async\" class=\"alignleft wp-image-3993 size-medium\" src=\"https:\/\/www.perseestetica.com\/wp-content\/uploads\/2023\/11\/IMG_2225-300x297.jpg\" alt=\"\" width=\"300\" height=\"297\" srcset=\"https:\/\/www.perseestetica.com\/wp-content\/uploads\/2023\/11\/IMG_2225-300x297.jpg 300w, https:\/\/www.perseestetica.com\/wp-content\/uploads\/2023\/11\/IMG_2225-1024x1014.jpg 1024w, https:\/\/www.perseestetica.com\/wp-content\/uploads\/2023\/11\/IMG_2225-150x150.jpg 150w, https:\/\/www.perseestetica.com\/wp-content\/uploads\/2023\/11\/IMG_2225-768x761.jpg 768w, https:\/\/www.perseestetica.com\/wp-content\/uploads\/2023\/11\/IMG_2225-600x594.jpg 600w, https:\/\/www.perseestetica.com\/wp-content\/uploads\/2023\/11\/IMG_2225-100x100.jpg 100w, https:\/\/www.perseestetica.com\/wp-content\/uploads\/2023\/11\/IMG_2225.jpg 1478w\" sizes=\"auto, (max-width: 300px) 100vw, 300px\" \/><\/p>\n<p>&nbsp;<\/p>\n<p>&nbsp;<\/p>\n<p>&nbsp;<\/p>\n<p>&nbsp;<\/p>\n<p>&nbsp;<\/p>\n<p>&nbsp;<\/p>\n<p>&nbsp;<\/p>\n<p>&nbsp;<\/p>\n<p>&nbsp;<\/p>\n<p><img loading=\"lazy\" decoding=\"async\" class=\"wp-image-3992 size-medium alignleft\" src=\"https:\/\/www.perseestetica.com\/wp-content\/uploads\/2023\/11\/IMG_2294-169x300.jpg\" alt=\"\" width=\"169\" height=\"300\" srcset=\"https:\/\/www.perseestetica.com\/wp-content\/uploads\/2023\/11\/IMG_2294-169x300.jpg 169w, https:\/\/www.perseestetica.com\/wp-content\/uploads\/2023\/11\/IMG_2294-576x1024.jpg 576w, https:\/\/www.perseestetica.com\/wp-content\/uploads\/2023\/11\/IMG_2294-768x1365.jpg 768w, https:\/\/www.perseestetica.com\/wp-content\/uploads\/2023\/11\/IMG_2294-864x1536.jpg 864w, https:\/\/www.perseestetica.com\/wp-content\/uploads\/2023\/11\/IMG_2294-600x1067.jpg 600w, https:\/\/www.perseestetica.com\/wp-content\/uploads\/2023\/11\/IMG_2294.jpg 990w\" sizes=\"auto, (max-width: 169px) 100vw, 169px\" \/> <img loading=\"lazy\" decoding=\"async\" class=\"alignleft wp-image-4001 size-medium\" src=\"https:\/\/www.perseestetica.com\/wp-content\/uploads\/2023\/11\/IMG_2219-225x300.jpeg\" alt=\"\" width=\"225\" height=\"300\" srcset=\"https:\/\/www.perseestetica.com\/wp-content\/uploads\/2023\/11\/IMG_2219-225x300.jpeg 225w, https:\/\/www.perseestetica.com\/wp-content\/uploads\/2023\/11\/IMG_2219-768x1024.jpeg 768w, https:\/\/www.perseestetica.com\/wp-content\/uploads\/2023\/11\/IMG_2219-1152x1536.jpeg 1152w, https:\/\/www.perseestetica.com\/wp-content\/uploads\/2023\/11\/IMG_2219-600x800.jpeg 600w, https:\/\/www.perseestetica.com\/wp-content\/uploads\/2023\/11\/IMG_2219.jpeg 1512w\" sizes=\"auto, (max-width: 225px) 100vw, 225px\" \/><\/p>\n","protected":false},"excerpt":{"rendered":"<p>Aprende paso a paso a maquillarte con nosotras. Aunque te parezca mentira, podr\u00e1s apuntarte a un curso de maquillaje completamente gratis.\u00a0 \u00bfQu\u00e9 tienes que hacer? Elige una de estas fechas 16, 17 o 18 de noviembre.\u00a0 \u00bfDuraci\u00f3n del curso? 3\/4 [&hellip;]<\/p>\n","protected":false},"author":1,"featured_media":4004,"comment_status":"open","ping_status":"open","sticky":false,"template":"","format":"standard","meta":{"footnotes":""},"categories":[119,123,125,117],"tags":[],"class_list":["post-3989","post","type-post","status-publish","format-standard","has-post-thumbnail","hentry","category-facial","category-maquillaje","category-noticias","category-per-se"],"yoast_head":"<!-- This site is optimized with the Yoast SEO plugin v27.0 - https:\/\/yoast.com\/product\/yoast-seo-wordpress\/ -->\n<title>Pata maquillada, pata arreglada - PER SE ESTETICA<\/title>\n<meta name=\"robots\" content=\"index, follow, max-snippet:-1, max-image-preview:large, max-video-preview:-1\" \/>\n<link rel=\"canonical\" href=\"https:\/\/www.perseestetica.com\/index.php\/2023\/11\/09\/pata-maquillada-pata-arreglada\/\" \/>\n<meta property=\"og:locale\" content=\"es_ES\" \/>\n<meta property=\"og:type\" content=\"article\" \/>\n<meta property=\"og:title\" content=\"Pata maquillada, pata arreglada - PER SE ESTETICA\" \/>\n<meta property=\"og:description\" content=\"Aprende paso a paso a maquillarte con nosotras. Aunque te parezca mentira, podr\u00e1s apuntarte a un curso de maquillaje completamente gratis.\u00a0 \u00bfQu\u00e9 tienes que hacer? Elige una de estas fechas 16, 17 o 18 de noviembre.\u00a0 \u00bfDuraci\u00f3n del curso? 3\/4 [&hellip;]\" \/>\n<meta property=\"og:url\" content=\"https:\/\/www.perseestetica.com\/index.php\/2023\/11\/09\/pata-maquillada-pata-arreglada\/\" \/>\n<meta property=\"og:site_name\" content=\"PER SE ESTETICA\" \/>\n<meta property=\"article:published_time\" content=\"2023-11-09T10:16:27+00:00\" \/>\n<meta property=\"og:image\" content=\"https:\/\/www.perseestetica.com\/wp-content\/uploads\/2023\/11\/Portada-MAQUILLAJE-2.jpg\" \/>\n\t<meta property=\"og:image:width\" content=\"1024\" \/>\n\t<meta property=\"og:image:height\" content=\"675\" \/>\n\t<meta property=\"og:image:type\" content=\"image\/jpeg\" \/>\n<meta name=\"author\" content=\"administraci\u00f3n\" \/>\n<meta name=\"twitter:card\" content=\"summary_large_image\" \/>\n<meta name=\"twitter:label1\" content=\"Escrito por\" \/>\n\t<meta name=\"twitter:data1\" content=\"administraci\u00f3n\" \/>\n\t<meta name=\"twitter:label2\" content=\"Tiempo de lectura\" \/>\n\t<meta name=\"twitter:data2\" content=\"1 minuto\" \/>\n<script type=\"application\/ld+json\" class=\"yoast-schema-graph\">{\"@context\":\"https:\/\/schema.org\",\"@graph\":[{\"@type\":\"Article\",\"@id\":\"https:\/\/www.perseestetica.com\/index.php\/2023\/11\/09\/pata-maquillada-pata-arreglada\/#article\",\"isPartOf\":{\"@id\":\"https:\/\/www.perseestetica.com\/index.php\/2023\/11\/09\/pata-maquillada-pata-arreglada\/\"},\"author\":{\"name\":\"administraci\u00f3n\",\"@id\":\"https:\/\/www.perseestetica.com\/#\/schema\/person\/dffe0e7ffbd7bd2d4816f9bd4f643eff\"},\"headline\":\"Pata maquillada, pata arreglada\",\"datePublished\":\"2023-11-09T10:16:27+00:00\",\"mainEntityOfPage\":{\"@id\":\"https:\/\/www.perseestetica.com\/index.php\/2023\/11\/09\/pata-maquillada-pata-arreglada\/\"},\"wordCount\":162,\"commentCount\":0,\"image\":{\"@id\":\"https:\/\/www.perseestetica.com\/index.php\/2023\/11\/09\/pata-maquillada-pata-arreglada\/#primaryimage\"},\"thumbnailUrl\":\"https:\/\/www.perseestetica.com\/wp-content\/uploads\/2023\/11\/Portada-MAQUILLAJE-2.jpg\",\"articleSection\":[\"facial\",\"maquillaje\",\"noticias\",\"PER SE\"],\"inLanguage\":\"es\",\"potentialAction\":[{\"@type\":\"CommentAction\",\"name\":\"Comment\",\"target\":[\"https:\/\/www.perseestetica.com\/index.php\/2023\/11\/09\/pata-maquillada-pata-arreglada\/#respond\"]}]},{\"@type\":\"WebPage\",\"@id\":\"https:\/\/www.perseestetica.com\/index.php\/2023\/11\/09\/pata-maquillada-pata-arreglada\/\",\"url\":\"https:\/\/www.perseestetica.com\/index.php\/2023\/11\/09\/pata-maquillada-pata-arreglada\/\",\"name\":\"Pata maquillada, pata arreglada - PER SE ESTETICA\",\"isPartOf\":{\"@id\":\"https:\/\/www.perseestetica.com\/#website\"},\"primaryImageOfPage\":{\"@id\":\"https:\/\/www.perseestetica.com\/index.php\/2023\/11\/09\/pata-maquillada-pata-arreglada\/#primaryimage\"},\"image\":{\"@id\":\"https:\/\/www.perseestetica.com\/index.php\/2023\/11\/09\/pata-maquillada-pata-arreglada\/#primaryimage\"},\"thumbnailUrl\":\"https:\/\/www.perseestetica.com\/wp-content\/uploads\/2023\/11\/Portada-MAQUILLAJE-2.jpg\",\"datePublished\":\"2023-11-09T10:16:27+00:00\",\"author\":{\"@id\":\"https:\/\/www.perseestetica.com\/#\/schema\/person\/dffe0e7ffbd7bd2d4816f9bd4f643eff\"},\"breadcrumb\":{\"@id\":\"https:\/\/www.perseestetica.com\/index.php\/2023\/11\/09\/pata-maquillada-pata-arreglada\/#breadcrumb\"},\"inLanguage\":\"es\",\"potentialAction\":[{\"@type\":\"ReadAction\",\"target\":[\"https:\/\/www.perseestetica.com\/index.php\/2023\/11\/09\/pata-maquillada-pata-arreglada\/\"]}]},{\"@type\":\"ImageObject\",\"inLanguage\":\"es\",\"@id\":\"https:\/\/www.perseestetica.com\/index.php\/2023\/11\/09\/pata-maquillada-pata-arreglada\/#primaryimage\",\"url\":\"https:\/\/www.perseestetica.com\/wp-content\/uploads\/2023\/11\/Portada-MAQUILLAJE-2.jpg\",\"contentUrl\":\"https:\/\/www.perseestetica.com\/wp-content\/uploads\/2023\/11\/Portada-MAQUILLAJE-2.jpg\",\"width\":1024,\"height\":675},{\"@type\":\"BreadcrumbList\",\"@id\":\"https:\/\/www.perseestetica.com\/index.php\/2023\/11\/09\/pata-maquillada-pata-arreglada\/#breadcrumb\",\"itemListElement\":[{\"@type\":\"ListItem\",\"position\":1,\"name\":\"Portada\",\"item\":\"https:\/\/www.perseestetica.com\/\"},{\"@type\":\"ListItem\",\"position\":2,\"name\":\"Pata maquillada, pata arreglada\"}]},{\"@type\":\"WebSite\",\"@id\":\"https:\/\/www.perseestetica.com\/#website\",\"url\":\"https:\/\/www.perseestetica.com\/\",\"name\":\"PER SE ESTETICA\",\"description\":\"Centro de est\u00e9tica y bienestar en Vitoria-Gasteiz\",\"potentialAction\":[{\"@type\":\"SearchAction\",\"target\":{\"@type\":\"EntryPoint\",\"urlTemplate\":\"https:\/\/www.perseestetica.com\/?s={search_term_string}\"},\"query-input\":{\"@type\":\"PropertyValueSpecification\",\"valueRequired\":true,\"valueName\":\"search_term_string\"}}],\"inLanguage\":\"es\"},{\"@type\":\"Person\",\"@id\":\"https:\/\/www.perseestetica.com\/#\/schema\/person\/dffe0e7ffbd7bd2d4816f9bd4f643eff\",\"name\":\"administraci\u00f3n\",\"image\":{\"@type\":\"ImageObject\",\"inLanguage\":\"es\",\"@id\":\"https:\/\/www.perseestetica.com\/#\/schema\/person\/image\/\",\"url\":\"https:\/\/secure.gravatar.com\/avatar\/c80723aa5a9a47fa5daf35d0805cde1198a8010870d2be18ca924fd80ffac640?s=96&d=mm&r=g\",\"contentUrl\":\"https:\/\/secure.gravatar.com\/avatar\/c80723aa5a9a47fa5daf35d0805cde1198a8010870d2be18ca924fd80ffac640?s=96&d=mm&r=g\",\"caption\":\"administraci\u00f3n\"},\"url\":\"https:\/\/www.perseestetica.com\/index.php\/author\/admin\/\"}]}<\/script>\n<!-- \/ Yoast SEO plugin. -->","yoast_head_json":{"title":"Pata maquillada, pata arreglada - PER SE ESTETICA","robots":{"index":"index","follow":"follow","max-snippet":"max-snippet:-1","max-image-preview":"max-image-preview:large","max-video-preview":"max-video-preview:-1"},"canonical":"https:\/\/www.perseestetica.com\/index.php\/2023\/11\/09\/pata-maquillada-pata-arreglada\/","og_locale":"es_ES","og_type":"article","og_title":"Pata maquillada, pata arreglada - PER SE ESTETICA","og_description":"Aprende paso a paso a maquillarte con nosotras. Aunque te parezca mentira, podr\u00e1s apuntarte a un curso de maquillaje completamente gratis.\u00a0 \u00bfQu\u00e9 tienes que hacer? Elige una de estas fechas 16, 17 o 18 de noviembre.\u00a0 \u00bfDuraci\u00f3n del curso? 3\/4 [&hellip;]","og_url":"https:\/\/www.perseestetica.com\/index.php\/2023\/11\/09\/pata-maquillada-pata-arreglada\/","og_site_name":"PER SE ESTETICA","article_published_time":"2023-11-09T10:16:27+00:00","og_image":[{"width":1024,"height":675,"url":"https:\/\/www.perseestetica.com\/wp-content\/uploads\/2023\/11\/Portada-MAQUILLAJE-2.jpg","type":"image\/jpeg"}],"author":"administraci\u00f3n","twitter_card":"summary_large_image","twitter_misc":{"Escrito por":"administraci\u00f3n","Tiempo de lectura":"1 minuto"},"schema":{"@context":"https:\/\/schema.org","@graph":[{"@type":"Article","@id":"https:\/\/www.perseestetica.com\/index.php\/2023\/11\/09\/pata-maquillada-pata-arreglada\/#article","isPartOf":{"@id":"https:\/\/www.perseestetica.com\/index.php\/2023\/11\/09\/pata-maquillada-pata-arreglada\/"},"author":{"name":"administraci\u00f3n","@id":"https:\/\/www.perseestetica.com\/#\/schema\/person\/dffe0e7ffbd7bd2d4816f9bd4f643eff"},"headline":"Pata maquillada, pata arreglada","datePublished":"2023-11-09T10:16:27+00:00","mainEntityOfPage":{"@id":"https:\/\/www.perseestetica.com\/index.php\/2023\/11\/09\/pata-maquillada-pata-arreglada\/"},"wordCount":162,"commentCount":0,"image":{"@id":"https:\/\/www.perseestetica.com\/index.php\/2023\/11\/09\/pata-maquillada-pata-arreglada\/#primaryimage"},"thumbnailUrl":"https:\/\/www.perseestetica.com\/wp-content\/uploads\/2023\/11\/Portada-MAQUILLAJE-2.jpg","articleSection":["facial","maquillaje","noticias","PER SE"],"inLanguage":"es","potentialAction":[{"@type":"CommentAction","name":"Comment","target":["https:\/\/www.perseestetica.com\/index.php\/2023\/11\/09\/pata-maquillada-pata-arreglada\/#respond"]}]},{"@type":"WebPage","@id":"https:\/\/www.perseestetica.com\/index.php\/2023\/11\/09\/pata-maquillada-pata-arreglada\/","url":"https:\/\/www.perseestetica.com\/index.php\/2023\/11\/09\/pata-maquillada-pata-arreglada\/","name":"Pata maquillada, pata arreglada - PER SE ESTETICA","isPartOf":{"@id":"https:\/\/www.perseestetica.com\/#website"},"primaryImageOfPage":{"@id":"https:\/\/www.perseestetica.com\/index.php\/2023\/11\/09\/pata-maquillada-pata-arreglada\/#primaryimage"},"image":{"@id":"https:\/\/www.perseestetica.com\/index.php\/2023\/11\/09\/pata-maquillada-pata-arreglada\/#primaryimage"},"thumbnailUrl":"https:\/\/www.perseestetica.com\/wp-content\/uploads\/2023\/11\/Portada-MAQUILLAJE-2.jpg","datePublished":"2023-11-09T10:16:27+00:00","author":{"@id":"https:\/\/www.perseestetica.com\/#\/schema\/person\/dffe0e7ffbd7bd2d4816f9bd4f643eff"},"breadcrumb":{"@id":"https:\/\/www.perseestetica.com\/index.php\/2023\/11\/09\/pata-maquillada-pata-arreglada\/#breadcrumb"},"inLanguage":"es","potentialAction":[{"@type":"ReadAction","target":["https:\/\/www.perseestetica.com\/index.php\/2023\/11\/09\/pata-maquillada-pata-arreglada\/"]}]},{"@type":"ImageObject","inLanguage":"es","@id":"https:\/\/www.perseestetica.com\/index.php\/2023\/11\/09\/pata-maquillada-pata-arreglada\/#primaryimage","url":"https:\/\/www.perseestetica.com\/wp-content\/uploads\/2023\/11\/Portada-MAQUILLAJE-2.jpg","contentUrl":"https:\/\/www.perseestetica.com\/wp-content\/uploads\/2023\/11\/Portada-MAQUILLAJE-2.jpg","width":1024,"height":675},{"@type":"BreadcrumbList","@id":"https:\/\/www.perseestetica.com\/index.php\/2023\/11\/09\/pata-maquillada-pata-arreglada\/#breadcrumb","itemListElement":[{"@type":"ListItem","position":1,"name":"Portada","item":"https:\/\/www.perseestetica.com\/"},{"@type":"ListItem","position":2,"name":"Pata maquillada, pata arreglada"}]},{"@type":"WebSite","@id":"https:\/\/www.perseestetica.com\/#website","url":"https:\/\/www.perseestetica.com\/","name":"PER SE ESTETICA","description":"Centro de est\u00e9tica y bienestar en Vitoria-Gasteiz","potentialAction":[{"@type":"SearchAction","target":{"@type":"EntryPoint","urlTemplate":"https:\/\/www.perseestetica.com\/?s={search_term_string}"},"query-input":{"@type":"PropertyValueSpecification","valueRequired":true,"valueName":"search_term_string"}}],"inLanguage":"es"},{"@type":"Person","@id":"https:\/\/www.perseestetica.com\/#\/schema\/person\/dffe0e7ffbd7bd2d4816f9bd4f643eff","name":"administraci\u00f3n","image":{"@type":"ImageObject","inLanguage":"es","@id":"https:\/\/www.perseestetica.com\/#\/schema\/person\/image\/","url":"https:\/\/secure.gravatar.com\/avatar\/c80723aa5a9a47fa5daf35d0805cde1198a8010870d2be18ca924fd80ffac640?s=96&d=mm&r=g","contentUrl":"https:\/\/secure.gravatar.com\/avatar\/c80723aa5a9a47fa5daf35d0805cde1198a8010870d2be18ca924fd80ffac640?s=96&d=mm&r=g","caption":"administraci\u00f3n"},"url":"https:\/\/www.perseestetica.com\/index.php\/author\/admin\/"}]}},"_links":{"self":[{"href":"https:\/\/www.perseestetica.com\/index.php\/wp-json\/wp\/v2\/posts\/3989","targetHints":{"allow":["GET"]}}],"collection":[{"href":"https:\/\/www.perseestetica.com\/index.php\/wp-json\/wp\/v2\/posts"}],"about":[{"href":"https:\/\/www.perseestetica.com\/index.php\/wp-json\/wp\/v2\/types\/post"}],"author":[{"embeddable":true,"href":"https:\/\/www.perseestetica.com\/index.php\/wp-json\/wp\/v2\/users\/1"}],"replies":[{"embeddable":true,"href":"https:\/\/www.perseestetica.com\/index.php\/wp-json\/wp\/v2\/comments?post=3989"}],"version-history":[{"count":8,"href":"https:\/\/www.perseestetica.com\/index.php\/wp-json\/wp\/v2\/posts\/3989\/revisions"}],"predecessor-version":[{"id":4007,"href":"https:\/\/www.perseestetica.com\/index.php\/wp-json\/wp\/v2\/posts\/3989\/revisions\/4007"}],"wp:featuredmedia":[{"embeddable":true,"href":"https:\/\/www.perseestetica.com\/index.php\/wp-json\/wp\/v2\/media\/4004"}],"wp:attachment":[{"href":"https:\/\/www.perseestetica.com\/index.php\/wp-json\/wp\/v2\/media?parent=3989"}],"wp:term":[{"taxonomy":"category","embeddable":true,"href":"https:\/\/www.perseestetica.com\/index.php\/wp-json\/wp\/v2\/categories?post=3989"},{"taxonomy":"post_tag","embeddable":true,"href":"https:\/\/www.perseestetica.com\/index.php\/wp-json\/wp\/v2\/tags?post=3989"}],"curies":[{"name":"wp","href":"https:\/\/api.w.org\/{rel}","templated":true}]}}