{"id":4009,"date":"2023-11-27T07:49:29","date_gmt":"2023-11-27T07:49:29","guid":{"rendered":"https:\/\/www.perseestetica.com\/?p=4009"},"modified":"2023-11-27T07:49:34","modified_gmt":"2023-11-27T07:49:34","slug":"realza-tu-mirada","status":"publish","type":"post","link":"https:\/\/www.perseestetica.com\/index.php\/2023\/11\/27\/realza-tu-mirada\/","title":{"rendered":"Realza tu mirada"},"content":{"rendered":"<p class=\"p1\"><span class=\"s1\">La semana pasada acudimos a una nueva formaci\u00f3n impartida por<strong> Sanz Abarrio,<\/strong> una distribuidora de productos y aparatolog\u00eda para profesionales de la cosm\u00e9tica.<\/span><\/p>\n<p class=\"p1\"><span class=\"s1\">Desde PER SE, hemos querido participar en<strong> la jornada \u201dRealza tu mirada\u201d de Ellebana.<\/strong> Hemos trabajado: <strong>el lifting de pesta\u00f1as, dise\u00f1o de cejas, tinte, henna, laminado de cejas y pesta\u00f1as.<\/strong><\/span><\/p>\n<p class=\"p1\"><span class=\"s1\">Te explicamos un poco en qu\u00e9 consiste cada una para que puedas elegir y conseguir realzar tu mirada.<\/span><\/p>\n<p><img loading=\"lazy\" decoding=\"async\" class=\"wp-image-4011 size-large alignleft\" src=\"https:\/\/www.perseestetica.com\/wp-content\/uploads\/2023\/11\/PHOTO-2023-11-23-10-50-16-1024x673.jpg\" alt=\"\" width=\"1024\" height=\"673\" srcset=\"https:\/\/www.perseestetica.com\/wp-content\/uploads\/2023\/11\/PHOTO-2023-11-23-10-50-16-1024x673.jpg 1024w, https:\/\/www.perseestetica.com\/wp-content\/uploads\/2023\/11\/PHOTO-2023-11-23-10-50-16-300x197.jpg 300w, https:\/\/www.perseestetica.com\/wp-content\/uploads\/2023\/11\/PHOTO-2023-11-23-10-50-16-768x504.jpg 768w, https:\/\/www.perseestetica.com\/wp-content\/uploads\/2023\/11\/PHOTO-2023-11-23-10-50-16-1536x1009.jpg 1536w, https:\/\/www.perseestetica.com\/wp-content\/uploads\/2023\/11\/PHOTO-2023-11-23-10-50-16-600x394.jpg 600w\" sizes=\"auto, (max-width: 1024px) 100vw, 1024px\" \/><\/p>\n<p class=\"p2\"><span class=\"s1\"><span class=\"Apple-converted-space\">\u00a0<\/span><\/span><\/p>\n<p>&nbsp;<\/p>\n<p>&nbsp;<\/p>\n<p>&nbsp;<\/p>\n<p>&nbsp;<\/p>\n<p>&nbsp;<\/p>\n<p>&nbsp;<\/p>\n<p>&nbsp;<\/p>\n<p>&nbsp;<\/p>\n<p>&nbsp;<\/p>\n<p>&nbsp;<\/p>\n<p>&nbsp;<\/p>\n<p>&nbsp;<\/p>\n<p>&nbsp;<\/p>\n<p>&nbsp;<\/p>\n<p>&nbsp;<\/p>\n<p>&nbsp;<\/p>\n<p>&nbsp;<\/p>\n<p>&nbsp;<\/p>\n<p class=\"p3\"><span class=\"s2\">1.- <strong>Lifting de pesta\u00f1as: <\/strong><\/span><span class=\"s1\">consiste en hacer un levantamiento de las mismas y ennegrecerlas, \u00bflo mejor? Que son tuyas, no te pones nada ajeno, por lo que no corres el riesgo de quedarte con tres pesta\u00f1as, ni que se te caigan a la charca.<\/span><\/p>\n<p class=\"p5\"><span class=\"s1\">2.- <strong>Dise\u00f1o de cejas:<\/strong> Nunca encontraremos dos cejas iguales, pero se puede intentar tener la silueta deseada.<\/span><\/p>\n<p class=\"p5\"><span class=\"s1\">3.- <strong>Tinte:<\/strong> A veces queridas patas entre nuestras cejas se asuman las temidas canas o queremos homogeneizar el tono. El tinte de cejas aporta color, intensidad y elegancia a tu mirada.<\/span><\/p>\n<p class=\"p5\"><span class=\"s1\">4.- <strong>Henna.<\/strong> A veces nuestras cejas no est\u00e1n muy pobladas y con la henna conseguimos crear una sombra debajo del pelo, que hace un efecto de intensidad y saturaci\u00f3n, y obtiene, un suave tinte sobre el vello. Se utiliza para rellenar las cejas de forma semipermanente.<\/span><\/p>\n<p class=\"p5\"><span class=\"s1\">5.- <strong>Laminado de cejas y pesta\u00f1as:<\/strong> Estos tratamientos son unisex, para patas y patos. Son indoloros y no necesitan tratamiento pero s\u00ed unos pocos cuidados inmediatos despu\u00e9s de su aplicaci\u00f3n, sobre todo no mojarlas ni aplicar ning\u00fan tipo de producto. El efecto en las pesta\u00f1as dura 5 a 8 semanas y el de cejas de 4 a 6 semanas y se van yendo de forma natural.<\/span><\/p>\n<p class=\"p4\"><span class=\"s1\"><span class=\"Apple-converted-space\">\u00a0<\/span><\/span><\/p>\n<p class=\"p1\"><span class=\"s1\">Si quieres realzar tu mirada PATuna, ya sabes todos los tratamientos que puedes encontrar en #PERSEestetiCUA, donde tus patitas esteticistas pueden ponerte requeteCUApa-o.<\/span><\/p>\n<p class=\"p1\"><strong><span class=\"s1\">Seguiremos form\u00e1ndonos solo para ti.<\/span><\/strong><\/p>\n<p>&nbsp;<\/p>\n<p><img loading=\"lazy\" decoding=\"async\" class=\"alignleft wp-image-4012 size-large\" src=\"https:\/\/www.perseestetica.com\/wp-content\/uploads\/2023\/11\/ojos-1024x652.jpg\" alt=\"\" width=\"1024\" height=\"652\" srcset=\"https:\/\/www.perseestetica.com\/wp-content\/uploads\/2023\/11\/ojos-1024x652.jpg 1024w, https:\/\/www.perseestetica.com\/wp-content\/uploads\/2023\/11\/ojos-300x191.jpg 300w, https:\/\/www.perseestetica.com\/wp-content\/uploads\/2023\/11\/ojos-768x489.jpg 768w, https:\/\/www.perseestetica.com\/wp-content\/uploads\/2023\/11\/ojos-600x382.jpg 600w, https:\/\/www.perseestetica.com\/wp-content\/uploads\/2023\/11\/ojos.jpg 1486w\" sizes=\"auto, (max-width: 1024px) 100vw, 1024px\" \/><\/p>\n<p>&nbsp;<\/p>\n<p>&nbsp;<\/p>\n<p>&nbsp;<\/p>\n<p>&nbsp;<\/p>\n<p>&nbsp;<\/p>\n<p>&nbsp;<\/p>\n<p>&nbsp;<\/p>\n<p>&nbsp;<\/p>\n<p>&nbsp;<\/p>\n<p>&nbsp;<\/p>\n<p>&nbsp;<\/p>\n<p>&nbsp;<\/p>\n<p>&nbsp;<\/p>\n<p>&nbsp;<\/p>\n<p>&nbsp;<\/p>\n<p>&nbsp;<\/p>\n<p>&nbsp;<\/p>\n<p>&nbsp;<\/p>\n<p>&nbsp;<\/p>\n<p>&nbsp;<\/p>\n","protected":false},"excerpt":{"rendered":"<p>La semana pasada acudimos a una nueva formaci\u00f3n impartida por Sanz Abarrio, una distribuidora de productos y aparatolog\u00eda para profesionales de la cosm\u00e9tica. Desde PER SE, hemos querido participar en la jornada \u201dRealza tu mirada\u201d de Ellebana. Hemos trabajado: el [&hellip;]<\/p>\n","protected":false},"author":1,"featured_media":4014,"comment_status":"open","ping_status":"open","sticky":false,"template":"","format":"standard","meta":{"footnotes":""},"categories":[119,125,117,124,126],"tags":[283,286,288,284,289,290,285,287],"class_list":["post-4009","post","type-post","status-publish","format-standard","has-post-thumbnail","hentry","category-facial","category-noticias","category-per-se","category-pestanas","category-tratamiento","tag-cursos","tag-diseno-de-cejas","tag-henna-en-cejas","tag-jornadas","tag-laminado-de-cejas","tag-laminado-de-pestanas","tag-lifting-pestanas","tag-tinte-de-cejas"],"yoast_head":"<!-- This site is optimized with the Yoast SEO plugin v27.0 - https:\/\/yoast.com\/product\/yoast-seo-wordpress\/ -->\n<title>Realza tu mirada - PER SE ESTETICA<\/title>\n<meta name=\"robots\" content=\"index, follow, max-snippet:-1, max-image-preview:large, max-video-preview:-1\" \/>\n<link rel=\"canonical\" href=\"https:\/\/www.perseestetica.com\/index.php\/2023\/11\/27\/realza-tu-mirada\/\" \/>\n<meta property=\"og:locale\" content=\"es_ES\" \/>\n<meta property=\"og:type\" content=\"article\" \/>\n<meta property=\"og:title\" content=\"Realza tu mirada - PER SE ESTETICA\" \/>\n<meta property=\"og:description\" content=\"La semana pasada acudimos a una nueva formaci\u00f3n impartida por Sanz Abarrio, una distribuidora de productos y aparatolog\u00eda para profesionales de la cosm\u00e9tica. Desde PER SE, hemos querido participar en la jornada \u201dRealza tu mirada\u201d de Ellebana. Hemos trabajado: el [&hellip;]\" \/>\n<meta property=\"og:url\" content=\"https:\/\/www.perseestetica.com\/index.php\/2023\/11\/27\/realza-tu-mirada\/\" \/>\n<meta property=\"og:site_name\" content=\"PER SE ESTETICA\" \/>\n<meta property=\"article:published_time\" content=\"2023-11-27T07:49:29+00:00\" \/>\n<meta property=\"article:modified_time\" content=\"2023-11-27T07:49:34+00:00\" \/>\n<meta property=\"og:image\" content=\"https:\/\/www.perseestetica.com\/wp-content\/uploads\/2023\/11\/jorna-mirada-1.jpg\" \/>\n\t<meta property=\"og:image:width\" content=\"1024\" \/>\n\t<meta property=\"og:image:height\" content=\"675\" \/>\n\t<meta property=\"og:image:type\" content=\"image\/jpeg\" \/>\n<meta name=\"author\" content=\"administraci\u00f3n\" \/>\n<meta name=\"twitter:card\" content=\"summary_large_image\" \/>\n<meta name=\"twitter:label1\" content=\"Escrito por\" \/>\n\t<meta name=\"twitter:data1\" content=\"administraci\u00f3n\" \/>\n\t<meta name=\"twitter:label2\" content=\"Tiempo de lectura\" \/>\n\t<meta name=\"twitter:data2\" content=\"2 minutos\" \/>\n<script type=\"application\/ld+json\" class=\"yoast-schema-graph\">{\"@context\":\"https:\/\/schema.org\",\"@graph\":[{\"@type\":\"Article\",\"@id\":\"https:\/\/www.perseestetica.com\/index.php\/2023\/11\/27\/realza-tu-mirada\/#article\",\"isPartOf\":{\"@id\":\"https:\/\/www.perseestetica.com\/index.php\/2023\/11\/27\/realza-tu-mirada\/\"},\"author\":{\"name\":\"administraci\u00f3n\",\"@id\":\"https:\/\/www.perseestetica.com\/#\/schema\/person\/dffe0e7ffbd7bd2d4816f9bd4f643eff\"},\"headline\":\"Realza tu mirada\",\"datePublished\":\"2023-11-27T07:49:29+00:00\",\"dateModified\":\"2023-11-27T07:49:34+00:00\",\"mainEntityOfPage\":{\"@id\":\"https:\/\/www.perseestetica.com\/index.php\/2023\/11\/27\/realza-tu-mirada\/\"},\"wordCount\":358,\"commentCount\":0,\"image\":{\"@id\":\"https:\/\/www.perseestetica.com\/index.php\/2023\/11\/27\/realza-tu-mirada\/#primaryimage\"},\"thumbnailUrl\":\"https:\/\/www.perseestetica.com\/wp-content\/uploads\/2023\/11\/jorna-mirada-1.jpg\",\"keywords\":[\"cursos\",\"dise\u00f1o de cejas\",\"henna en cejas\",\"jornadas\",\"laminado de cejas\",\"laminado de pesta\u00f1as\",\"lifting pesta\u00f1as\",\"tinte de cejas\"],\"articleSection\":[\"facial\",\"noticias\",\"PER SE\",\"pesta\u00f1as\",\"tratamiento\"],\"inLanguage\":\"es\",\"potentialAction\":[{\"@type\":\"CommentAction\",\"name\":\"Comment\",\"target\":[\"https:\/\/www.perseestetica.com\/index.php\/2023\/11\/27\/realza-tu-mirada\/#respond\"]}]},{\"@type\":\"WebPage\",\"@id\":\"https:\/\/www.perseestetica.com\/index.php\/2023\/11\/27\/realza-tu-mirada\/\",\"url\":\"https:\/\/www.perseestetica.com\/index.php\/2023\/11\/27\/realza-tu-mirada\/\",\"name\":\"Realza tu mirada - PER SE ESTETICA\",\"isPartOf\":{\"@id\":\"https:\/\/www.perseestetica.com\/#website\"},\"primaryImageOfPage\":{\"@id\":\"https:\/\/www.perseestetica.com\/index.php\/2023\/11\/27\/realza-tu-mirada\/#primaryimage\"},\"image\":{\"@id\":\"https:\/\/www.perseestetica.com\/index.php\/2023\/11\/27\/realza-tu-mirada\/#primaryimage\"},\"thumbnailUrl\":\"https:\/\/www.perseestetica.com\/wp-content\/uploads\/2023\/11\/jorna-mirada-1.jpg\",\"datePublished\":\"2023-11-27T07:49:29+00:00\",\"dateModified\":\"2023-11-27T07:49:34+00:00\",\"author\":{\"@id\":\"https:\/\/www.perseestetica.com\/#\/schema\/person\/dffe0e7ffbd7bd2d4816f9bd4f643eff\"},\"breadcrumb\":{\"@id\":\"https:\/\/www.perseestetica.com\/index.php\/2023\/11\/27\/realza-tu-mirada\/#breadcrumb\"},\"inLanguage\":\"es\",\"potentialAction\":[{\"@type\":\"ReadAction\",\"target\":[\"https:\/\/www.perseestetica.com\/index.php\/2023\/11\/27\/realza-tu-mirada\/\"]}]},{\"@type\":\"ImageObject\",\"inLanguage\":\"es\",\"@id\":\"https:\/\/www.perseestetica.com\/index.php\/2023\/11\/27\/realza-tu-mirada\/#primaryimage\",\"url\":\"https:\/\/www.perseestetica.com\/wp-content\/uploads\/2023\/11\/jorna-mirada-1.jpg\",\"contentUrl\":\"https:\/\/www.perseestetica.com\/wp-content\/uploads\/2023\/11\/jorna-mirada-1.jpg\",\"width\":1024,\"height\":675},{\"@type\":\"BreadcrumbList\",\"@id\":\"https:\/\/www.perseestetica.com\/index.php\/2023\/11\/27\/realza-tu-mirada\/#breadcrumb\",\"itemListElement\":[{\"@type\":\"ListItem\",\"position\":1,\"name\":\"Portada\",\"item\":\"https:\/\/www.perseestetica.com\/\"},{\"@type\":\"ListItem\",\"position\":2,\"name\":\"Realza tu mirada\"}]},{\"@type\":\"WebSite\",\"@id\":\"https:\/\/www.perseestetica.com\/#website\",\"url\":\"https:\/\/www.perseestetica.com\/\",\"name\":\"PER SE ESTETICA\",\"description\":\"Centro de est\u00e9tica y bienestar en Vitoria-Gasteiz\",\"potentialAction\":[{\"@type\":\"SearchAction\",\"target\":{\"@type\":\"EntryPoint\",\"urlTemplate\":\"https:\/\/www.perseestetica.com\/?s={search_term_string}\"},\"query-input\":{\"@type\":\"PropertyValueSpecification\",\"valueRequired\":true,\"valueName\":\"search_term_string\"}}],\"inLanguage\":\"es\"},{\"@type\":\"Person\",\"@id\":\"https:\/\/www.perseestetica.com\/#\/schema\/person\/dffe0e7ffbd7bd2d4816f9bd4f643eff\",\"name\":\"administraci\u00f3n\",\"image\":{\"@type\":\"ImageObject\",\"inLanguage\":\"es\",\"@id\":\"https:\/\/www.perseestetica.com\/#\/schema\/person\/image\/\",\"url\":\"https:\/\/secure.gravatar.com\/avatar\/c80723aa5a9a47fa5daf35d0805cde1198a8010870d2be18ca924fd80ffac640?s=96&d=mm&r=g\",\"contentUrl\":\"https:\/\/secure.gravatar.com\/avatar\/c80723aa5a9a47fa5daf35d0805cde1198a8010870d2be18ca924fd80ffac640?s=96&d=mm&r=g\",\"caption\":\"administraci\u00f3n\"},\"url\":\"https:\/\/www.perseestetica.com\/index.php\/author\/admin\/\"}]}<\/script>\n<!-- \/ Yoast SEO plugin. -->","yoast_head_json":{"title":"Realza tu mirada - PER SE ESTETICA","robots":{"index":"index","follow":"follow","max-snippet":"max-snippet:-1","max-image-preview":"max-image-preview:large","max-video-preview":"max-video-preview:-1"},"canonical":"https:\/\/www.perseestetica.com\/index.php\/2023\/11\/27\/realza-tu-mirada\/","og_locale":"es_ES","og_type":"article","og_title":"Realza tu mirada - PER SE ESTETICA","og_description":"La semana pasada acudimos a una nueva formaci\u00f3n impartida por Sanz Abarrio, una distribuidora de productos y aparatolog\u00eda para profesionales de la cosm\u00e9tica. Desde PER SE, hemos querido participar en la jornada \u201dRealza tu mirada\u201d de Ellebana. Hemos trabajado: el [&hellip;]","og_url":"https:\/\/www.perseestetica.com\/index.php\/2023\/11\/27\/realza-tu-mirada\/","og_site_name":"PER SE ESTETICA","article_published_time":"2023-11-27T07:49:29+00:00","article_modified_time":"2023-11-27T07:49:34+00:00","og_image":[{"width":1024,"height":675,"url":"https:\/\/www.perseestetica.com\/wp-content\/uploads\/2023\/11\/jorna-mirada-1.jpg","type":"image\/jpeg"}],"author":"administraci\u00f3n","twitter_card":"summary_large_image","twitter_misc":{"Escrito por":"administraci\u00f3n","Tiempo de lectura":"2 minutos"},"schema":{"@context":"https:\/\/schema.org","@graph":[{"@type":"Article","@id":"https:\/\/www.perseestetica.com\/index.php\/2023\/11\/27\/realza-tu-mirada\/#article","isPartOf":{"@id":"https:\/\/www.perseestetica.com\/index.php\/2023\/11\/27\/realza-tu-mirada\/"},"author":{"name":"administraci\u00f3n","@id":"https:\/\/www.perseestetica.com\/#\/schema\/person\/dffe0e7ffbd7bd2d4816f9bd4f643eff"},"headline":"Realza tu mirada","datePublished":"2023-11-27T07:49:29+00:00","dateModified":"2023-11-27T07:49:34+00:00","mainEntityOfPage":{"@id":"https:\/\/www.perseestetica.com\/index.php\/2023\/11\/27\/realza-tu-mirada\/"},"wordCount":358,"commentCount":0,"image":{"@id":"https:\/\/www.perseestetica.com\/index.php\/2023\/11\/27\/realza-tu-mirada\/#primaryimage"},"thumbnailUrl":"https:\/\/www.perseestetica.com\/wp-content\/uploads\/2023\/11\/jorna-mirada-1.jpg","keywords":["cursos","dise\u00f1o de cejas","henna en cejas","jornadas","laminado de cejas","laminado de pesta\u00f1as","lifting pesta\u00f1as","tinte de cejas"],"articleSection":["facial","noticias","PER SE","pesta\u00f1as","tratamiento"],"inLanguage":"es","potentialAction":[{"@type":"CommentAction","name":"Comment","target":["https:\/\/www.perseestetica.com\/index.php\/2023\/11\/27\/realza-tu-mirada\/#respond"]}]},{"@type":"WebPage","@id":"https:\/\/www.perseestetica.com\/index.php\/2023\/11\/27\/realza-tu-mirada\/","url":"https:\/\/www.perseestetica.com\/index.php\/2023\/11\/27\/realza-tu-mirada\/","name":"Realza tu mirada - PER SE ESTETICA","isPartOf":{"@id":"https:\/\/www.perseestetica.com\/#website"},"primaryImageOfPage":{"@id":"https:\/\/www.perseestetica.com\/index.php\/2023\/11\/27\/realza-tu-mirada\/#primaryimage"},"image":{"@id":"https:\/\/www.perseestetica.com\/index.php\/2023\/11\/27\/realza-tu-mirada\/#primaryimage"},"thumbnailUrl":"https:\/\/www.perseestetica.com\/wp-content\/uploads\/2023\/11\/jorna-mirada-1.jpg","datePublished":"2023-11-27T07:49:29+00:00","dateModified":"2023-11-27T07:49:34+00:00","author":{"@id":"https:\/\/www.perseestetica.com\/#\/schema\/person\/dffe0e7ffbd7bd2d4816f9bd4f643eff"},"breadcrumb":{"@id":"https:\/\/www.perseestetica.com\/index.php\/2023\/11\/27\/realza-tu-mirada\/#breadcrumb"},"inLanguage":"es","potentialAction":[{"@type":"ReadAction","target":["https:\/\/www.perseestetica.com\/index.php\/2023\/11\/27\/realza-tu-mirada\/"]}]},{"@type":"ImageObject","inLanguage":"es","@id":"https:\/\/www.perseestetica.com\/index.php\/2023\/11\/27\/realza-tu-mirada\/#primaryimage","url":"https:\/\/www.perseestetica.com\/wp-content\/uploads\/2023\/11\/jorna-mirada-1.jpg","contentUrl":"https:\/\/www.perseestetica.com\/wp-content\/uploads\/2023\/11\/jorna-mirada-1.jpg","width":1024,"height":675},{"@type":"BreadcrumbList","@id":"https:\/\/www.perseestetica.com\/index.php\/2023\/11\/27\/realza-tu-mirada\/#breadcrumb","itemListElement":[{"@type":"ListItem","position":1,"name":"Portada","item":"https:\/\/www.perseestetica.com\/"},{"@type":"ListItem","position":2,"name":"Realza tu mirada"}]},{"@type":"WebSite","@id":"https:\/\/www.perseestetica.com\/#website","url":"https:\/\/www.perseestetica.com\/","name":"PER SE ESTETICA","description":"Centro de est\u00e9tica y bienestar en Vitoria-Gasteiz","potentialAction":[{"@type":"SearchAction","target":{"@type":"EntryPoint","urlTemplate":"https:\/\/www.perseestetica.com\/?s={search_term_string}"},"query-input":{"@type":"PropertyValueSpecification","valueRequired":true,"valueName":"search_term_string"}}],"inLanguage":"es"},{"@type":"Person","@id":"https:\/\/www.perseestetica.com\/#\/schema\/person\/dffe0e7ffbd7bd2d4816f9bd4f643eff","name":"administraci\u00f3n","image":{"@type":"ImageObject","inLanguage":"es","@id":"https:\/\/www.perseestetica.com\/#\/schema\/person\/image\/","url":"https:\/\/secure.gravatar.com\/avatar\/c80723aa5a9a47fa5daf35d0805cde1198a8010870d2be18ca924fd80ffac640?s=96&d=mm&r=g","contentUrl":"https:\/\/secure.gravatar.com\/avatar\/c80723aa5a9a47fa5daf35d0805cde1198a8010870d2be18ca924fd80ffac640?s=96&d=mm&r=g","caption":"administraci\u00f3n"},"url":"https:\/\/www.perseestetica.com\/index.php\/author\/admin\/"}]}},"_links":{"self":[{"href":"https:\/\/www.perseestetica.com\/index.php\/wp-json\/wp\/v2\/posts\/4009","targetHints":{"allow":["GET"]}}],"collection":[{"href":"https:\/\/www.perseestetica.com\/index.php\/wp-json\/wp\/v2\/posts"}],"about":[{"href":"https:\/\/www.perseestetica.com\/index.php\/wp-json\/wp\/v2\/types\/post"}],"author":[{"embeddable":true,"href":"https:\/\/www.perseestetica.com\/index.php\/wp-json\/wp\/v2\/users\/1"}],"replies":[{"embeddable":true,"href":"https:\/\/www.perseestetica.com\/index.php\/wp-json\/wp\/v2\/comments?post=4009"}],"version-history":[{"count":4,"href":"https:\/\/www.perseestetica.com\/index.php\/wp-json\/wp\/v2\/posts\/4009\/revisions"}],"predecessor-version":[{"id":4019,"href":"https:\/\/www.perseestetica.com\/index.php\/wp-json\/wp\/v2\/posts\/4009\/revisions\/4019"}],"wp:featuredmedia":[{"embeddable":true,"href":"https:\/\/www.perseestetica.com\/index.php\/wp-json\/wp\/v2\/media\/4014"}],"wp:attachment":[{"href":"https:\/\/www.perseestetica.com\/index.php\/wp-json\/wp\/v2\/media?parent=4009"}],"wp:term":[{"taxonomy":"category","embeddable":true,"href":"https:\/\/www.perseestetica.com\/index.php\/wp-json\/wp\/v2\/categories?post=4009"},{"taxonomy":"post_tag","embeddable":true,"href":"https:\/\/www.perseestetica.com\/index.php\/wp-json\/wp\/v2\/tags?post=4009"}],"curies":[{"name":"wp","href":"https:\/\/api.w.org\/{rel}","templated":true}]}}