{"id":4031,"date":"2023-12-01T16:40:54","date_gmt":"2023-12-01T16:40:54","guid":{"rendered":"https:\/\/www.perseestetica.com\/?p=4031"},"modified":"2023-12-04T08:37:54","modified_gmt":"2023-12-04T08:37:54","slug":"cofres-de-navidad","status":"publish","type":"post","link":"https:\/\/www.perseestetica.com\/index.php\/2023\/12\/01\/cofres-de-navidad\/","title":{"rendered":"YA EST\u00c1N AQU\u00cd, NUESTROS COFRES DE NAVIDAD"},"content":{"rendered":"<p>ho! ho! ho! ho!<\/p>\n<p>Este a\u00f1o PATAclaus ha llegado a #PERSEestetica. Ya tenemos los cofres preparados para que regales belleza, salud y bienestar esta Navidad. \u00a1Elige el que m\u00e1s te guste!<\/p>\n<p class=\"p1\"><span class=\"s1\"><strong>1.- Cofre Destination Ocean Ritual de Phytoceane.<\/strong> Un regalo para darle a tu piel un ba\u00f1o de juventud con esta rutina de cuidado de la piel que extrae su eficacia del oc\u00e9ano.<\/span><\/p>\n<p class=\"p2\"><span class=\"s1\">Contiene: Una crema Suavizante de Arrugas con Samphire Marino Org\u00e1nico que potenciar\u00e1 la juventud de tu piel \u00abpatuna\u00bb a base de \u00e1cidos hialur\u00f3nicos de origen natural y hinojo marino org\u00e1nico recolectado a mano.<\/span><\/p>\n<p class=\"p2\"><span class=\"s1\">Y una crema exfoliante cremosa Two Sands que exfolia suavemente tu piel gracias a su textura cremosa con dos arenas.<\/span><\/p>\n<p>&nbsp;<\/p>\n<p><img loading=\"lazy\" decoding=\"async\" class=\"aligncenter wp-image-4032 size-large\" src=\"https:\/\/www.perseestetica.com\/wp-content\/uploads\/2023\/12\/phytoceane-1024x1024.jpg\" alt=\"\" width=\"1024\" height=\"1024\" srcset=\"https:\/\/www.perseestetica.com\/wp-content\/uploads\/2023\/12\/phytoceane-1024x1024.jpg 1024w, https:\/\/www.perseestetica.com\/wp-content\/uploads\/2023\/12\/phytoceane-300x300.jpg 300w, https:\/\/www.perseestetica.com\/wp-content\/uploads\/2023\/12\/phytoceane-150x150.jpg 150w, https:\/\/www.perseestetica.com\/wp-content\/uploads\/2023\/12\/phytoceane-768x768.jpg 768w, https:\/\/www.perseestetica.com\/wp-content\/uploads\/2023\/12\/phytoceane-1536x1536.jpg 1536w, https:\/\/www.perseestetica.com\/wp-content\/uploads\/2023\/12\/phytoceane-550x550.jpg 550w, https:\/\/www.perseestetica.com\/wp-content\/uploads\/2023\/12\/phytoceane-1100x1100.jpg 1100w, https:\/\/www.perseestetica.com\/wp-content\/uploads\/2023\/12\/phytoceane-600x600.jpg 600w, https:\/\/www.perseestetica.com\/wp-content\/uploads\/2023\/12\/phytoceane-100x100.jpg 100w\" sizes=\"auto, (max-width: 1024px) 100vw, 1024px\" \/><\/p>\n<p>&nbsp;<\/p>\n<p><strong>2.- Cofre Rituel destination Shirakami.<\/strong><\/p>\n<p>Es el set de regalo perfecto para el tipo de piel seca y deshidratada. El cofre incluye: una crema hidratante Shirakami y una Mascarilla Hidratante Shirakami de regalo.<\/p>\n<p>&nbsp;<\/p>\n<p><img loading=\"lazy\" decoding=\"async\" class=\"aligncenter wp-image-4033 size-large\" src=\"https:\/\/www.perseestetica.com\/wp-content\/uploads\/2023\/12\/phytoceane-blanco-1024x1024.jpg\" alt=\"\" width=\"1024\" height=\"1024\" srcset=\"https:\/\/www.perseestetica.com\/wp-content\/uploads\/2023\/12\/phytoceane-blanco-1024x1024.jpg 1024w, https:\/\/www.perseestetica.com\/wp-content\/uploads\/2023\/12\/phytoceane-blanco-300x300.jpg 300w, https:\/\/www.perseestetica.com\/wp-content\/uploads\/2023\/12\/phytoceane-blanco-150x150.jpg 150w, https:\/\/www.perseestetica.com\/wp-content\/uploads\/2023\/12\/phytoceane-blanco-768x769.jpg 768w, https:\/\/www.perseestetica.com\/wp-content\/uploads\/2023\/12\/phytoceane-blanco-1536x1536.jpg 1536w, https:\/\/www.perseestetica.com\/wp-content\/uploads\/2023\/12\/phytoceane-blanco-550x550.jpg 550w, https:\/\/www.perseestetica.com\/wp-content\/uploads\/2023\/12\/phytoceane-blanco-1100x1100.jpg 1100w, https:\/\/www.perseestetica.com\/wp-content\/uploads\/2023\/12\/phytoceane-blanco-600x600.jpg 600w, https:\/\/www.perseestetica.com\/wp-content\/uploads\/2023\/12\/phytoceane-blanco-100x100.jpg 100w\" sizes=\"auto, (max-width: 1024px) 100vw, 1024px\" \/><\/p>\n<p>&nbsp;<\/p>\n<p><strong>3.- Cofre Phytomer.<\/strong> Un cofre que te har\u00e1 conseguir una piel tersa y suave con la leche corporal ultra hidratante. Su f\u00f3rmula \u00abanti-sed\u00bb, enriquecida con ingredientes hidratantes y reponedores de l\u00edpidos, hidrata la piel desde la ma\u00f1ana hasta la noche. Esta hidratante va acompa\u00f1ada de un jab\u00f3n marino de algas, que te har\u00e1 eliminar las c\u00e9lulas muertas.<\/p>\n<p>&nbsp;<\/p>\n<p><img loading=\"lazy\" decoding=\"async\" class=\"aligncenter size-full wp-image-4034\" src=\"https:\/\/www.perseestetica.com\/wp-content\/uploads\/2023\/12\/phytomer3.jpg\" alt=\"\" width=\"1080\" height=\"1080\" srcset=\"https:\/\/www.perseestetica.com\/wp-content\/uploads\/2023\/12\/phytomer3.jpg 1080w, https:\/\/www.perseestetica.com\/wp-content\/uploads\/2023\/12\/phytomer3-300x300.jpg 300w, https:\/\/www.perseestetica.com\/wp-content\/uploads\/2023\/12\/phytomer3-1024x1024.jpg 1024w, https:\/\/www.perseestetica.com\/wp-content\/uploads\/2023\/12\/phytomer3-150x150.jpg 150w, https:\/\/www.perseestetica.com\/wp-content\/uploads\/2023\/12\/phytomer3-768x768.jpg 768w, https:\/\/www.perseestetica.com\/wp-content\/uploads\/2023\/12\/phytomer3-550x550.jpg 550w, https:\/\/www.perseestetica.com\/wp-content\/uploads\/2023\/12\/phytomer3-600x600.jpg 600w, https:\/\/www.perseestetica.com\/wp-content\/uploads\/2023\/12\/phytomer3-100x100.jpg 100w\" sizes=\"auto, (max-width: 1080px) 100vw, 1080px\" \/><\/p>\n<p>&nbsp;<\/p>\n<p><strong>4.- Cofre de Vie Collection.<\/strong> Lo mejor de la dermocosm\u00e9tica antienvejecimiento en una caja Premium para una eficiencia juvenil visible. RITUAL TIME CONTROL Crema &amp; S\u00e9rum. Crema Arrugas Profundas y Firmeza. Reduce la aparici\u00f3n de arrugas profundas y da nueva forma a los contornos de la cara. La piel es m\u00e1s lisa, visiblemente m\u00e1s firme y m\u00e1s tonificada. S\u00e9rum EGF Arrugas Profundas: Este serum lactescente revierte visiblemente los signos del envejecimiento. piel instalada: arrugas profundas, piel fl\u00e1cida,p\u00e9rdida de elasticidad y falta de densidad.<\/p>\n<p>&nbsp;<\/p>\n<p><img loading=\"lazy\" decoding=\"async\" class=\"aligncenter wp-image-4035\" src=\"https:\/\/www.perseestetica.com\/wp-content\/uploads\/2023\/12\/IMG_2690.jpg\" alt=\"\" width=\"1100\" height=\"1100\" srcset=\"https:\/\/www.perseestetica.com\/wp-content\/uploads\/2023\/12\/IMG_2690.jpg 828w, https:\/\/www.perseestetica.com\/wp-content\/uploads\/2023\/12\/IMG_2690-300x300.jpg 300w, https:\/\/www.perseestetica.com\/wp-content\/uploads\/2023\/12\/IMG_2690-150x150.jpg 150w, https:\/\/www.perseestetica.com\/wp-content\/uploads\/2023\/12\/IMG_2690-768x768.jpg 768w, https:\/\/www.perseestetica.com\/wp-content\/uploads\/2023\/12\/IMG_2690-550x550.jpg 550w, https:\/\/www.perseestetica.com\/wp-content\/uploads\/2023\/12\/IMG_2690-600x600.jpg 600w, https:\/\/www.perseestetica.com\/wp-content\/uploads\/2023\/12\/IMG_2690-100x100.jpg 100w\" sizes=\"auto, (max-width: 1100px) 100vw, 1100px\" \/><\/p>\n<p>&nbsp;<\/p>\n<p class=\"p1\"><strong><span class=\"s1\">5.- Estuches aterciopelados, tan suave como nuestras plumas.<\/span><\/strong><\/p>\n<p class=\"p2\"><span class=\"s1\">Hay dos tipos:<\/span><\/p>\n<p class=\"p2\"><span class=\"s1\"><strong>A.- Cofre de Ritual de Hidrataci\u00f3n,<\/strong> que contiene la crema SCRUB MARINE y HYDRA ORIGINAL.<\/span><\/p>\n<p class=\"p2\"><span class=\"s1\">Una rica crema exfoliante que limpiar\u00e1 suavemente tu piel para dejarla m\u00e1s clara y suave. Con el uso, la textura de la piel se afina y la tez queda radiante. PATA exfoliada pata AFINADA.<\/span><\/p>\n<p class=\"p2\"><span class=\"s1\">El ritual continua con la crema hidratante para todas las patas con pieles normales a secas, que necesitan una hidrataci\u00f3n intensa y duradera; con un 97% de ingredientes de origen natural.<\/span><\/p>\n<p class=\"p2\"><span class=\"s1\"><strong>B.- Cofre ritual de Confort,<\/strong> contiene una crema Vegetal Exfoliante y Douceur Marine, una crema hidratante relajante.<\/span><\/p>\n<p class=\"p2\"><span class=\"s1\">Elimina las impurezas de la piel y las c\u00e9lulas muertas para dejar tu piel m\u00e1s refinada y lisa con nuestra exfoliente y termina con una crema reconfortante aterciopelada. D\u00eda tras d\u00eda, notar\u00e1s una reducci\u00f3n notable del enrojecimiento y las molestias de tu piel. Tendr\u00e1s una piel que ser\u00e1 la envidia del corral.<\/span><\/p>\n<p><img loading=\"lazy\" decoding=\"async\" class=\"aligncenter wp-image-4036\" src=\"https:\/\/www.perseestetica.com\/wp-content\/uploads\/2023\/12\/IMG_2708.jpeg\" alt=\"\" width=\"1100\" height=\"1100\" srcset=\"https:\/\/www.perseestetica.com\/wp-content\/uploads\/2023\/12\/IMG_2708.jpeg 828w, https:\/\/www.perseestetica.com\/wp-content\/uploads\/2023\/12\/IMG_2708-300x300.jpeg 300w, https:\/\/www.perseestetica.com\/wp-content\/uploads\/2023\/12\/IMG_2708-150x150.jpeg 150w, https:\/\/www.perseestetica.com\/wp-content\/uploads\/2023\/12\/IMG_2708-768x768.jpeg 768w, https:\/\/www.perseestetica.com\/wp-content\/uploads\/2023\/12\/IMG_2708-550x550.jpeg 550w, https:\/\/www.perseestetica.com\/wp-content\/uploads\/2023\/12\/IMG_2708-600x600.jpeg 600w, https:\/\/www.perseestetica.com\/wp-content\/uploads\/2023\/12\/IMG_2708-100x100.jpeg 100w\" sizes=\"auto, (max-width: 1100px) 100vw, 1100px\" \/><\/p>\n<p>&nbsp;<\/p>\n<p>6.- <strong>Neceser BIO-ORGANIC<\/strong> de Phytomer con una crema reconfortante y antiedad de Cyfolia Bio que alisa las arrugas y proporciona a la piel toda su luminosidad. El neceser incluye tambi\u00e9n la crema limpiadora luminosa. <span class=\"s1\">Una crema limpiadora Cyfolia Radiance, deliciosamente rica que se derrite en la piel para limpiar suavemente y eliminar el maquillaje.\u00a0<\/span><\/p>\n<p>&nbsp;<\/p>\n<p><img loading=\"lazy\" decoding=\"async\" class=\"aligncenter wp-image-4047 \" src=\"https:\/\/www.perseestetica.com\/wp-content\/uploads\/2023\/12\/organic-1024x1024.jpg\" alt=\"\" width=\"1103\" height=\"1083\" \/><\/p>\n<p>Elige tu cofre esta Navidad. Te esperamos con las plumas abiertas y llenas de regalos para que esta navidad disfrutes con PATAclaus<\/p>\n<p>\u00a1Te esperamos!<\/p>\n","protected":false},"excerpt":{"rendered":"<p>ho! ho! ho! ho! Este a\u00f1o PATAclaus ha llegado a #PERSEestetica. Ya tenemos los cofres preparados para que regales belleza, salud y bienestar esta Navidad. \u00a1Elige el que m\u00e1s te guste! 1.- Cofre Destination Ocean Ritual de Phytoceane. Un regalo [&hellip;]<\/p>\n","protected":false},"author":1,"featured_media":4039,"comment_status":"closed","ping_status":"closed","sticky":false,"template":"","format":"standard","meta":{"footnotes":""},"categories":[122,120,119,125,117,126],"tags":[298,292,297,261,206,136,295,262,137,299],"class_list":["post-4031","post","type-post","status-publish","format-standard","has-post-thumbnail","hentry","category-corporal","category-cosmetica-natural","category-facial","category-noticias","category-per-se","category-tratamiento","tag-cofres-belleza","tag-navidad-2023","tag-navidad-perse","tag-pack-de-navidad","tag-phytomer","tag-regala-belleza","tag-regalo-navidad","tag-regalos-de-navidad","tag-regalos-originales","tag-rituales-de-belleza"],"yoast_head":"<!-- This site is optimized with the Yoast SEO plugin v27.0 - https:\/\/yoast.com\/product\/yoast-seo-wordpress\/ -->\n<title>YA EST\u00c1N AQU\u00cd, NUESTROS COFRES DE NAVIDAD - PER SE ESTETICA<\/title>\n<meta name=\"robots\" content=\"index, follow, max-snippet:-1, max-image-preview:large, max-video-preview:-1\" \/>\n<link rel=\"canonical\" href=\"https:\/\/www.perseestetica.com\/index.php\/2023\/12\/01\/cofres-de-navidad\/\" \/>\n<meta property=\"og:locale\" content=\"es_ES\" \/>\n<meta property=\"og:type\" content=\"article\" \/>\n<meta property=\"og:title\" content=\"YA EST\u00c1N AQU\u00cd, NUESTROS COFRES DE NAVIDAD - PER SE ESTETICA\" \/>\n<meta property=\"og:description\" content=\"ho! ho! ho! ho! Este a\u00f1o PATAclaus ha llegado a #PERSEestetica. Ya tenemos los cofres preparados para que regales belleza, salud y bienestar esta Navidad. \u00a1Elige el que m\u00e1s te guste! 1.- Cofre Destination Ocean Ritual de Phytoceane. Un regalo [&hellip;]\" \/>\n<meta property=\"og:url\" content=\"https:\/\/www.perseestetica.com\/index.php\/2023\/12\/01\/cofres-de-navidad\/\" \/>\n<meta property=\"og:site_name\" content=\"PER SE ESTETICA\" \/>\n<meta property=\"article:published_time\" content=\"2023-12-01T16:40:54+00:00\" \/>\n<meta property=\"article:modified_time\" content=\"2023-12-04T08:37:54+00:00\" \/>\n<meta property=\"og:image\" content=\"https:\/\/www.perseestetica.com\/wp-content\/uploads\/2023\/12\/Portada-COFRES.jpg\" \/>\n\t<meta property=\"og:image:width\" content=\"1024\" \/>\n\t<meta property=\"og:image:height\" content=\"675\" \/>\n\t<meta property=\"og:image:type\" content=\"image\/jpeg\" \/>\n<meta name=\"author\" content=\"administraci\u00f3n\" \/>\n<meta name=\"twitter:card\" content=\"summary_large_image\" \/>\n<meta name=\"twitter:label1\" content=\"Escrito por\" \/>\n\t<meta name=\"twitter:data1\" content=\"administraci\u00f3n\" \/>\n\t<meta name=\"twitter:label2\" content=\"Tiempo de lectura\" \/>\n\t<meta name=\"twitter:data2\" content=\"3 minutos\" \/>\n<script type=\"application\/ld+json\" class=\"yoast-schema-graph\">{\"@context\":\"https:\/\/schema.org\",\"@graph\":[{\"@type\":\"Article\",\"@id\":\"https:\/\/www.perseestetica.com\/index.php\/2023\/12\/01\/cofres-de-navidad\/#article\",\"isPartOf\":{\"@id\":\"https:\/\/www.perseestetica.com\/index.php\/2023\/12\/01\/cofres-de-navidad\/\"},\"author\":{\"name\":\"administraci\u00f3n\",\"@id\":\"https:\/\/www.perseestetica.com\/#\/schema\/person\/dffe0e7ffbd7bd2d4816f9bd4f643eff\"},\"headline\":\"YA EST\u00c1N AQU\u00cd, NUESTROS COFRES DE NAVIDAD\",\"datePublished\":\"2023-12-01T16:40:54+00:00\",\"dateModified\":\"2023-12-04T08:37:54+00:00\",\"mainEntityOfPage\":{\"@id\":\"https:\/\/www.perseestetica.com\/index.php\/2023\/12\/01\/cofres-de-navidad\/\"},\"wordCount\":580,\"image\":{\"@id\":\"https:\/\/www.perseestetica.com\/index.php\/2023\/12\/01\/cofres-de-navidad\/#primaryimage\"},\"thumbnailUrl\":\"https:\/\/www.perseestetica.com\/wp-content\/uploads\/2023\/12\/Portada-COFRES.jpg\",\"keywords\":[\"cofres belleza\",\"Navidad 2023\",\"Navidad PERSE\",\"pack de Navidad\",\"phytomer\",\"regala belleza\",\"regalo navidad\",\"regalos de Navidad\",\"regalos originales\",\"rituales de belleza\"],\"articleSection\":[\"corporal\",\"cosm\u00e9tica natural\",\"facial\",\"noticias\",\"PER SE\",\"tratamiento\"],\"inLanguage\":\"es\"},{\"@type\":\"WebPage\",\"@id\":\"https:\/\/www.perseestetica.com\/index.php\/2023\/12\/01\/cofres-de-navidad\/\",\"url\":\"https:\/\/www.perseestetica.com\/index.php\/2023\/12\/01\/cofres-de-navidad\/\",\"name\":\"YA EST\u00c1N AQU\u00cd, NUESTROS COFRES DE NAVIDAD - PER SE ESTETICA\",\"isPartOf\":{\"@id\":\"https:\/\/www.perseestetica.com\/#website\"},\"primaryImageOfPage\":{\"@id\":\"https:\/\/www.perseestetica.com\/index.php\/2023\/12\/01\/cofres-de-navidad\/#primaryimage\"},\"image\":{\"@id\":\"https:\/\/www.perseestetica.com\/index.php\/2023\/12\/01\/cofres-de-navidad\/#primaryimage\"},\"thumbnailUrl\":\"https:\/\/www.perseestetica.com\/wp-content\/uploads\/2023\/12\/Portada-COFRES.jpg\",\"datePublished\":\"2023-12-01T16:40:54+00:00\",\"dateModified\":\"2023-12-04T08:37:54+00:00\",\"author\":{\"@id\":\"https:\/\/www.perseestetica.com\/#\/schema\/person\/dffe0e7ffbd7bd2d4816f9bd4f643eff\"},\"breadcrumb\":{\"@id\":\"https:\/\/www.perseestetica.com\/index.php\/2023\/12\/01\/cofres-de-navidad\/#breadcrumb\"},\"inLanguage\":\"es\",\"potentialAction\":[{\"@type\":\"ReadAction\",\"target\":[\"https:\/\/www.perseestetica.com\/index.php\/2023\/12\/01\/cofres-de-navidad\/\"]}]},{\"@type\":\"ImageObject\",\"inLanguage\":\"es\",\"@id\":\"https:\/\/www.perseestetica.com\/index.php\/2023\/12\/01\/cofres-de-navidad\/#primaryimage\",\"url\":\"https:\/\/www.perseestetica.com\/wp-content\/uploads\/2023\/12\/Portada-COFRES.jpg\",\"contentUrl\":\"https:\/\/www.perseestetica.com\/wp-content\/uploads\/2023\/12\/Portada-COFRES.jpg\",\"width\":1024,\"height\":675},{\"@type\":\"BreadcrumbList\",\"@id\":\"https:\/\/www.perseestetica.com\/index.php\/2023\/12\/01\/cofres-de-navidad\/#breadcrumb\",\"itemListElement\":[{\"@type\":\"ListItem\",\"position\":1,\"name\":\"Portada\",\"item\":\"https:\/\/www.perseestetica.com\/\"},{\"@type\":\"ListItem\",\"position\":2,\"name\":\"YA EST\u00c1N AQU\u00cd, NUESTROS COFRES DE NAVIDAD\"}]},{\"@type\":\"WebSite\",\"@id\":\"https:\/\/www.perseestetica.com\/#website\",\"url\":\"https:\/\/www.perseestetica.com\/\",\"name\":\"PER SE ESTETICA\",\"description\":\"Centro de est\u00e9tica y bienestar en Vitoria-Gasteiz\",\"potentialAction\":[{\"@type\":\"SearchAction\",\"target\":{\"@type\":\"EntryPoint\",\"urlTemplate\":\"https:\/\/www.perseestetica.com\/?s={search_term_string}\"},\"query-input\":{\"@type\":\"PropertyValueSpecification\",\"valueRequired\":true,\"valueName\":\"search_term_string\"}}],\"inLanguage\":\"es\"},{\"@type\":\"Person\",\"@id\":\"https:\/\/www.perseestetica.com\/#\/schema\/person\/dffe0e7ffbd7bd2d4816f9bd4f643eff\",\"name\":\"administraci\u00f3n\",\"image\":{\"@type\":\"ImageObject\",\"inLanguage\":\"es\",\"@id\":\"https:\/\/www.perseestetica.com\/#\/schema\/person\/image\/\",\"url\":\"https:\/\/secure.gravatar.com\/avatar\/c80723aa5a9a47fa5daf35d0805cde1198a8010870d2be18ca924fd80ffac640?s=96&d=mm&r=g\",\"contentUrl\":\"https:\/\/secure.gravatar.com\/avatar\/c80723aa5a9a47fa5daf35d0805cde1198a8010870d2be18ca924fd80ffac640?s=96&d=mm&r=g\",\"caption\":\"administraci\u00f3n\"},\"url\":\"https:\/\/www.perseestetica.com\/index.php\/author\/admin\/\"}]}<\/script>\n<!-- \/ Yoast SEO plugin. -->","yoast_head_json":{"title":"YA EST\u00c1N AQU\u00cd, NUESTROS COFRES DE NAVIDAD - PER SE ESTETICA","robots":{"index":"index","follow":"follow","max-snippet":"max-snippet:-1","max-image-preview":"max-image-preview:large","max-video-preview":"max-video-preview:-1"},"canonical":"https:\/\/www.perseestetica.com\/index.php\/2023\/12\/01\/cofres-de-navidad\/","og_locale":"es_ES","og_type":"article","og_title":"YA EST\u00c1N AQU\u00cd, NUESTROS COFRES DE NAVIDAD - PER SE ESTETICA","og_description":"ho! ho! ho! ho! Este a\u00f1o PATAclaus ha llegado a #PERSEestetica. Ya tenemos los cofres preparados para que regales belleza, salud y bienestar esta Navidad. \u00a1Elige el que m\u00e1s te guste! 1.- Cofre Destination Ocean Ritual de Phytoceane. Un regalo [&hellip;]","og_url":"https:\/\/www.perseestetica.com\/index.php\/2023\/12\/01\/cofres-de-navidad\/","og_site_name":"PER SE ESTETICA","article_published_time":"2023-12-01T16:40:54+00:00","article_modified_time":"2023-12-04T08:37:54+00:00","og_image":[{"width":1024,"height":675,"url":"https:\/\/www.perseestetica.com\/wp-content\/uploads\/2023\/12\/Portada-COFRES.jpg","type":"image\/jpeg"}],"author":"administraci\u00f3n","twitter_card":"summary_large_image","twitter_misc":{"Escrito por":"administraci\u00f3n","Tiempo de lectura":"3 minutos"},"schema":{"@context":"https:\/\/schema.org","@graph":[{"@type":"Article","@id":"https:\/\/www.perseestetica.com\/index.php\/2023\/12\/01\/cofres-de-navidad\/#article","isPartOf":{"@id":"https:\/\/www.perseestetica.com\/index.php\/2023\/12\/01\/cofres-de-navidad\/"},"author":{"name":"administraci\u00f3n","@id":"https:\/\/www.perseestetica.com\/#\/schema\/person\/dffe0e7ffbd7bd2d4816f9bd4f643eff"},"headline":"YA EST\u00c1N AQU\u00cd, NUESTROS COFRES DE NAVIDAD","datePublished":"2023-12-01T16:40:54+00:00","dateModified":"2023-12-04T08:37:54+00:00","mainEntityOfPage":{"@id":"https:\/\/www.perseestetica.com\/index.php\/2023\/12\/01\/cofres-de-navidad\/"},"wordCount":580,"image":{"@id":"https:\/\/www.perseestetica.com\/index.php\/2023\/12\/01\/cofres-de-navidad\/#primaryimage"},"thumbnailUrl":"https:\/\/www.perseestetica.com\/wp-content\/uploads\/2023\/12\/Portada-COFRES.jpg","keywords":["cofres belleza","Navidad 2023","Navidad PERSE","pack de Navidad","phytomer","regala belleza","regalo navidad","regalos de Navidad","regalos originales","rituales de belleza"],"articleSection":["corporal","cosm\u00e9tica natural","facial","noticias","PER SE","tratamiento"],"inLanguage":"es"},{"@type":"WebPage","@id":"https:\/\/www.perseestetica.com\/index.php\/2023\/12\/01\/cofres-de-navidad\/","url":"https:\/\/www.perseestetica.com\/index.php\/2023\/12\/01\/cofres-de-navidad\/","name":"YA EST\u00c1N AQU\u00cd, NUESTROS COFRES DE NAVIDAD - PER SE ESTETICA","isPartOf":{"@id":"https:\/\/www.perseestetica.com\/#website"},"primaryImageOfPage":{"@id":"https:\/\/www.perseestetica.com\/index.php\/2023\/12\/01\/cofres-de-navidad\/#primaryimage"},"image":{"@id":"https:\/\/www.perseestetica.com\/index.php\/2023\/12\/01\/cofres-de-navidad\/#primaryimage"},"thumbnailUrl":"https:\/\/www.perseestetica.com\/wp-content\/uploads\/2023\/12\/Portada-COFRES.jpg","datePublished":"2023-12-01T16:40:54+00:00","dateModified":"2023-12-04T08:37:54+00:00","author":{"@id":"https:\/\/www.perseestetica.com\/#\/schema\/person\/dffe0e7ffbd7bd2d4816f9bd4f643eff"},"breadcrumb":{"@id":"https:\/\/www.perseestetica.com\/index.php\/2023\/12\/01\/cofres-de-navidad\/#breadcrumb"},"inLanguage":"es","potentialAction":[{"@type":"ReadAction","target":["https:\/\/www.perseestetica.com\/index.php\/2023\/12\/01\/cofres-de-navidad\/"]}]},{"@type":"ImageObject","inLanguage":"es","@id":"https:\/\/www.perseestetica.com\/index.php\/2023\/12\/01\/cofres-de-navidad\/#primaryimage","url":"https:\/\/www.perseestetica.com\/wp-content\/uploads\/2023\/12\/Portada-COFRES.jpg","contentUrl":"https:\/\/www.perseestetica.com\/wp-content\/uploads\/2023\/12\/Portada-COFRES.jpg","width":1024,"height":675},{"@type":"BreadcrumbList","@id":"https:\/\/www.perseestetica.com\/index.php\/2023\/12\/01\/cofres-de-navidad\/#breadcrumb","itemListElement":[{"@type":"ListItem","position":1,"name":"Portada","item":"https:\/\/www.perseestetica.com\/"},{"@type":"ListItem","position":2,"name":"YA EST\u00c1N AQU\u00cd, NUESTROS COFRES DE NAVIDAD"}]},{"@type":"WebSite","@id":"https:\/\/www.perseestetica.com\/#website","url":"https:\/\/www.perseestetica.com\/","name":"PER SE ESTETICA","description":"Centro de est\u00e9tica y bienestar en Vitoria-Gasteiz","potentialAction":[{"@type":"SearchAction","target":{"@type":"EntryPoint","urlTemplate":"https:\/\/www.perseestetica.com\/?s={search_term_string}"},"query-input":{"@type":"PropertyValueSpecification","valueRequired":true,"valueName":"search_term_string"}}],"inLanguage":"es"},{"@type":"Person","@id":"https:\/\/www.perseestetica.com\/#\/schema\/person\/dffe0e7ffbd7bd2d4816f9bd4f643eff","name":"administraci\u00f3n","image":{"@type":"ImageObject","inLanguage":"es","@id":"https:\/\/www.perseestetica.com\/#\/schema\/person\/image\/","url":"https:\/\/secure.gravatar.com\/avatar\/c80723aa5a9a47fa5daf35d0805cde1198a8010870d2be18ca924fd80ffac640?s=96&d=mm&r=g","contentUrl":"https:\/\/secure.gravatar.com\/avatar\/c80723aa5a9a47fa5daf35d0805cde1198a8010870d2be18ca924fd80ffac640?s=96&d=mm&r=g","caption":"administraci\u00f3n"},"url":"https:\/\/www.perseestetica.com\/index.php\/author\/admin\/"}]}},"_links":{"self":[{"href":"https:\/\/www.perseestetica.com\/index.php\/wp-json\/wp\/v2\/posts\/4031","targetHints":{"allow":["GET"]}}],"collection":[{"href":"https:\/\/www.perseestetica.com\/index.php\/wp-json\/wp\/v2\/posts"}],"about":[{"href":"https:\/\/www.perseestetica.com\/index.php\/wp-json\/wp\/v2\/types\/post"}],"author":[{"embeddable":true,"href":"https:\/\/www.perseestetica.com\/index.php\/wp-json\/wp\/v2\/users\/1"}],"replies":[{"embeddable":true,"href":"https:\/\/www.perseestetica.com\/index.php\/wp-json\/wp\/v2\/comments?post=4031"}],"version-history":[{"count":10,"href":"https:\/\/www.perseestetica.com\/index.php\/wp-json\/wp\/v2\/posts\/4031\/revisions"}],"predecessor-version":[{"id":4049,"href":"https:\/\/www.perseestetica.com\/index.php\/wp-json\/wp\/v2\/posts\/4031\/revisions\/4049"}],"wp:featuredmedia":[{"embeddable":true,"href":"https:\/\/www.perseestetica.com\/index.php\/wp-json\/wp\/v2\/media\/4039"}],"wp:attachment":[{"href":"https:\/\/www.perseestetica.com\/index.php\/wp-json\/wp\/v2\/media?parent=4031"}],"wp:term":[{"taxonomy":"category","embeddable":true,"href":"https:\/\/www.perseestetica.com\/index.php\/wp-json\/wp\/v2\/categories?post=4031"},{"taxonomy":"post_tag","embeddable":true,"href":"https:\/\/www.perseestetica.com\/index.php\/wp-json\/wp\/v2\/tags?post=4031"}],"curies":[{"name":"wp","href":"https:\/\/api.w.org\/{rel}","templated":true}]}}