{"id":4093,"date":"2024-12-04T09:13:28","date_gmt":"2024-12-04T09:13:28","guid":{"rendered":"https:\/\/www.perseestetica.com\/?p=4093"},"modified":"2025-01-09T11:11:17","modified_gmt":"2025-01-09T11:11:17","slug":"navidad-en-per-se-esteticua","status":"publish","type":"post","link":"https:\/\/www.perseestetica.com\/index.php\/2024\/12\/04\/navidad-en-per-se-esteticua\/","title":{"rendered":"NAVIDAD en PER SE estetiCua"},"content":{"rendered":"<p class=\"p1\">En PER SE estetiCua sorteamos 3 tratamientos <b>faciales Beauty ORO<\/b> totalmente gratis, si participas en el <b>SORTEO de esta Navidad<\/b>. Es muy f\u00e1cil, solo tienes que seguir estos pasos. Adem\u00e1s tienes 3 oportunidades, porque sorteamos un tratamiento facial en el punto de venta, otro en FB y el \u00faltimo en IG. Participa y si resultas uno de los ganadores, <span class=\"s1\">consigue con este tratamiento un efecto rejuvenecedor contra las arrugas que te ayudar\u00e1 a reparar y renovar la piel dando firmeza y luminosidad.\u00a0<\/span><\/p>\n<p class=\"p1\"><b>PROMOCI\u00d3N EN EL PUNTO DE VENTA:<\/b><\/p>\n<p class=\"p1\">Rellena el cup\u00f3n que te entregaremos con tus compras\/servicios PER SE est\u00e9tiCUA antes del 4 de enero de 2025 (incluido) y participa en el sorteo del tratamiento facial <b>Beauty ORO<\/b>.<\/p>\n<p class=\"p3\"><span class=\"s2\">Combate las arrugas, manchas cut\u00e1neas, l\u00edneas de expresi\u00f3n y signos de paso del tiempo como la flacidez y la p\u00e9rdida de luminosidad. Gracias a su efecto reparador, energizante y antifatiga estimula la circulaci\u00f3n sangu\u00ednea eliminando los signos del cansancio como las ojeras y dando un tono uniforme. Dale a tu piel un aspecto radiante e hidratado como lo hac\u00eda la bella Cleopatra. \u00a1Un lujo para tu piel!<\/span><\/p>\n<p class=\"p1\">As\u00ed que ya sabes\u2026 \u00a1No olvides rellenar tu cup\u00f3n<span class=\"Apple-converted-space\">\u00a0 <\/span>CUAndo pases por aqu\u00ed! \u00a1Gana un tratamiento <b>facial Beauty ORO<\/b> con nuestra promoci\u00f3n esta Navidad!<\/p>\n<p class=\"p1\"><b>PROMOCI\u00d3N EN LAS REDES SOCIALES:<\/b><\/p>\n<p class=\"p1\">En nuestra granja virtual tambi\u00e9n sorteamos otro tratamiento facial <b>Beauty ORO <\/b>en Facebook y en Instagram.<span class=\"Apple-converted-space\">\u00a0<\/span><\/p>\n<p class=\"p1\"><b>\u00bfC\u00f3mo participar en Facebook?<\/b><span class=\"Apple-converted-space\">\u00a0<\/span><\/p>\n<p class=\"p1\">Muy f\u00e1cil, sigue estos pasos:<\/p>\n<p class=\"p1\">1.- Sigue la cuenta de PER SE est\u00e9tica @perseesteticua<\/p>\n<p class=\"p1\">2.- Da a me gusta en este post.<\/p>\n<p class=\"p1\">3.- Etiqueta en los comentarios a 2 patit@s para hacer crecer nuestra granja.<span class=\"Apple-converted-space\">\u00a0<\/span><\/p>\n<p class=\"p1\"><b>\u00bfY en Instagram?<span class=\"Apple-converted-space\">\u00a0<\/span><\/b><\/p>\n<p class=\"p1\">Lo mismo<\/p>\n<p class=\"p1\">1.- Sigue la cuenta de PER SE est\u00e9tica @perse_esteticua<\/p>\n<p class=\"p1\">2.- Da a me gusta en este post.<\/p>\n<p class=\"p1\">3.- Etiqueta en los comentarios a 2 patit@s para hacer crecer nuestra granja.<\/p>\n<p class=\"p1\">Puedes participar hasta el 7 de enero de 2025 las veces que quieras (nombrando a diferentes pat@s). As\u00ed tendr\u00e1s m\u00e1s posibilidades de ganar. Recuerda se elegir\u00e1 1 ganador por red social (Fb e Ig).<span class=\"Apple-converted-space\">\u00a0<\/span><\/p>\n<p class=\"p1\">Si quieres seguirnos por el ciberespacio podr\u00e1s estar al corriente de todas las novedades y recibir\u00e1s PATAconsejos que te vendr\u00e1n de lujo.<span class=\"Apple-converted-space\">\u00a0<\/span><\/p>\n<p class=\"p1\">\u00a1PARTICIPA y GANA UN tratamiento facial <b>Beauty ORO<\/b> con nuestra promoci\u00f3n de Navidad!<span class=\"Apple-converted-space\">\u00a0<\/span><\/p>\n<p class=\"p1\"><strong><a href=\"https:\/\/www.perseestetica.com\/wp-content\/uploads\/2024\/12\/bases-navidad-2024.pdf\" target=\"_blank\" rel=\"noopener noreferrer\">Pod\u00e9is consultar las bases aqu\u00ed.<\/a><\/strong><\/p>\n<p class=\"p1\">\u00a1FELIZ SORTEO! \u00a1SUERTE PATUNA!<\/p>\n","protected":false},"excerpt":{"rendered":"<p>En PER SE estetiCua sorteamos 3 tratamientos faciales Beauty ORO totalmente gratis, si participas en el SORTEO de esta Navidad. Es muy f\u00e1cil, solo tienes que seguir estos pasos. Adem\u00e1s tienes 3 oportunidades, porque sorteamos un tratamiento facial en el [&hellip;]<\/p>\n","protected":false},"author":1,"featured_media":4095,"comment_status":"closed","ping_status":"closed","sticky":false,"template":"","format":"standard","meta":{"footnotes":""},"categories":[119,125,117,118,1,126],"tags":[313,312,249,305,310,306,309,308,307,314],"class_list":["post-4093","post","type-post","status-publish","format-standard","has-post-thumbnail","hentry","category-facial","category-noticias","category-per-se","category-promociones","category-sin-categoria","category-tratamiento","tag-ganasorteonavidad","tag-navidadenvitoria","tag-perseesteticua","tag-sorteoredes","tag-beautyoro","tag-sorteonavidad","tag-tratamiento-facial-beauty-oro","tag-tratamientod-de-belleza","tag-tratamientofacial","tag-tratamientosenperseestetica-consurcodenavidad"],"yoast_head":"<!-- This site is optimized with the Yoast SEO plugin v27.0 - https:\/\/yoast.com\/product\/yoast-seo-wordpress\/ -->\n<title>NAVIDAD en PER SE estetiCua - PER SE ESTETICA<\/title>\n<meta name=\"robots\" content=\"index, follow, max-snippet:-1, max-image-preview:large, max-video-preview:-1\" \/>\n<link rel=\"canonical\" href=\"https:\/\/www.perseestetica.com\/index.php\/2024\/12\/04\/navidad-en-per-se-esteticua\/\" \/>\n<meta property=\"og:locale\" content=\"es_ES\" \/>\n<meta property=\"og:type\" content=\"article\" \/>\n<meta property=\"og:title\" content=\"NAVIDAD en PER SE estetiCua - PER SE ESTETICA\" \/>\n<meta property=\"og:description\" content=\"En PER SE estetiCua sorteamos 3 tratamientos faciales Beauty ORO totalmente gratis, si participas en el SORTEO de esta Navidad. Es muy f\u00e1cil, solo tienes que seguir estos pasos. Adem\u00e1s tienes 3 oportunidades, porque sorteamos un tratamiento facial en el [&hellip;]\" \/>\n<meta property=\"og:url\" content=\"https:\/\/www.perseestetica.com\/index.php\/2024\/12\/04\/navidad-en-per-se-esteticua\/\" \/>\n<meta property=\"og:site_name\" content=\"PER SE ESTETICA\" \/>\n<meta property=\"article:published_time\" content=\"2024-12-04T09:13:28+00:00\" \/>\n<meta property=\"article:modified_time\" content=\"2025-01-09T11:11:17+00:00\" \/>\n<meta property=\"og:image\" content=\"https:\/\/www.perseestetica.com\/wp-content\/uploads\/2024\/12\/BLOG-premio-NAV-24.jpg\" \/>\n\t<meta property=\"og:image:width\" content=\"1024\" \/>\n\t<meta property=\"og:image:height\" content=\"675\" \/>\n\t<meta property=\"og:image:type\" content=\"image\/jpeg\" \/>\n<meta name=\"author\" content=\"administraci\u00f3n\" \/>\n<meta name=\"twitter:card\" content=\"summary_large_image\" \/>\n<meta name=\"twitter:label1\" content=\"Escrito por\" \/>\n\t<meta name=\"twitter:data1\" content=\"administraci\u00f3n\" \/>\n\t<meta name=\"twitter:label2\" content=\"Tiempo de lectura\" \/>\n\t<meta name=\"twitter:data2\" content=\"2 minutos\" \/>\n<script type=\"application\/ld+json\" class=\"yoast-schema-graph\">{\"@context\":\"https:\/\/schema.org\",\"@graph\":[{\"@type\":\"Article\",\"@id\":\"https:\/\/www.perseestetica.com\/index.php\/2024\/12\/04\/navidad-en-per-se-esteticua\/#article\",\"isPartOf\":{\"@id\":\"https:\/\/www.perseestetica.com\/index.php\/2024\/12\/04\/navidad-en-per-se-esteticua\/\"},\"author\":{\"name\":\"administraci\u00f3n\",\"@id\":\"https:\/\/www.perseestetica.com\/#\/schema\/person\/dffe0e7ffbd7bd2d4816f9bd4f643eff\"},\"headline\":\"NAVIDAD en PER SE estetiCua\",\"datePublished\":\"2024-12-04T09:13:28+00:00\",\"dateModified\":\"2025-01-09T11:11:17+00:00\",\"mainEntityOfPage\":{\"@id\":\"https:\/\/www.perseestetica.com\/index.php\/2024\/12\/04\/navidad-en-per-se-esteticua\/\"},\"wordCount\":410,\"image\":{\"@id\":\"https:\/\/www.perseestetica.com\/index.php\/2024\/12\/04\/navidad-en-per-se-esteticua\/#primaryimage\"},\"thumbnailUrl\":\"https:\/\/www.perseestetica.com\/wp-content\/uploads\/2024\/12\/BLOG-premio-NAV-24.jpg\",\"keywords\":[\"#ganasorteoNavidad\",\"#NavidadenVitoria\",\"#PERSEesteticua\",\"#sorteoredes\",\"BeautyOro\",\"sorteoNavidad\",\"tratamiento facial Beauty oro\",\"tratamientod de belleza\",\"tratamientofacial\",\"TratamientosenPERSEestetica #consurcodeNavidad\"],\"articleSection\":{\"0\":\"facial\",\"1\":\"noticias\",\"2\":\"PER SE\",\"3\":\"promociones\",\"5\":\"tratamiento\"},\"inLanguage\":\"es\"},{\"@type\":\"WebPage\",\"@id\":\"https:\/\/www.perseestetica.com\/index.php\/2024\/12\/04\/navidad-en-per-se-esteticua\/\",\"url\":\"https:\/\/www.perseestetica.com\/index.php\/2024\/12\/04\/navidad-en-per-se-esteticua\/\",\"name\":\"NAVIDAD en PER SE estetiCua - PER SE ESTETICA\",\"isPartOf\":{\"@id\":\"https:\/\/www.perseestetica.com\/#website\"},\"primaryImageOfPage\":{\"@id\":\"https:\/\/www.perseestetica.com\/index.php\/2024\/12\/04\/navidad-en-per-se-esteticua\/#primaryimage\"},\"image\":{\"@id\":\"https:\/\/www.perseestetica.com\/index.php\/2024\/12\/04\/navidad-en-per-se-esteticua\/#primaryimage\"},\"thumbnailUrl\":\"https:\/\/www.perseestetica.com\/wp-content\/uploads\/2024\/12\/BLOG-premio-NAV-24.jpg\",\"datePublished\":\"2024-12-04T09:13:28+00:00\",\"dateModified\":\"2025-01-09T11:11:17+00:00\",\"author\":{\"@id\":\"https:\/\/www.perseestetica.com\/#\/schema\/person\/dffe0e7ffbd7bd2d4816f9bd4f643eff\"},\"breadcrumb\":{\"@id\":\"https:\/\/www.perseestetica.com\/index.php\/2024\/12\/04\/navidad-en-per-se-esteticua\/#breadcrumb\"},\"inLanguage\":\"es\",\"potentialAction\":[{\"@type\":\"ReadAction\",\"target\":[\"https:\/\/www.perseestetica.com\/index.php\/2024\/12\/04\/navidad-en-per-se-esteticua\/\"]}]},{\"@type\":\"ImageObject\",\"inLanguage\":\"es\",\"@id\":\"https:\/\/www.perseestetica.com\/index.php\/2024\/12\/04\/navidad-en-per-se-esteticua\/#primaryimage\",\"url\":\"https:\/\/www.perseestetica.com\/wp-content\/uploads\/2024\/12\/BLOG-premio-NAV-24.jpg\",\"contentUrl\":\"https:\/\/www.perseestetica.com\/wp-content\/uploads\/2024\/12\/BLOG-premio-NAV-24.jpg\",\"width\":1024,\"height\":675},{\"@type\":\"BreadcrumbList\",\"@id\":\"https:\/\/www.perseestetica.com\/index.php\/2024\/12\/04\/navidad-en-per-se-esteticua\/#breadcrumb\",\"itemListElement\":[{\"@type\":\"ListItem\",\"position\":1,\"name\":\"Portada\",\"item\":\"https:\/\/www.perseestetica.com\/\"},{\"@type\":\"ListItem\",\"position\":2,\"name\":\"NAVIDAD en PER SE estetiCua\"}]},{\"@type\":\"WebSite\",\"@id\":\"https:\/\/www.perseestetica.com\/#website\",\"url\":\"https:\/\/www.perseestetica.com\/\",\"name\":\"PER SE ESTETICA\",\"description\":\"Centro de est\u00e9tica y bienestar en Vitoria-Gasteiz\",\"potentialAction\":[{\"@type\":\"SearchAction\",\"target\":{\"@type\":\"EntryPoint\",\"urlTemplate\":\"https:\/\/www.perseestetica.com\/?s={search_term_string}\"},\"query-input\":{\"@type\":\"PropertyValueSpecification\",\"valueRequired\":true,\"valueName\":\"search_term_string\"}}],\"inLanguage\":\"es\"},{\"@type\":\"Person\",\"@id\":\"https:\/\/www.perseestetica.com\/#\/schema\/person\/dffe0e7ffbd7bd2d4816f9bd4f643eff\",\"name\":\"administraci\u00f3n\",\"image\":{\"@type\":\"ImageObject\",\"inLanguage\":\"es\",\"@id\":\"https:\/\/www.perseestetica.com\/#\/schema\/person\/image\/\",\"url\":\"https:\/\/secure.gravatar.com\/avatar\/c80723aa5a9a47fa5daf35d0805cde1198a8010870d2be18ca924fd80ffac640?s=96&d=mm&r=g\",\"contentUrl\":\"https:\/\/secure.gravatar.com\/avatar\/c80723aa5a9a47fa5daf35d0805cde1198a8010870d2be18ca924fd80ffac640?s=96&d=mm&r=g\",\"caption\":\"administraci\u00f3n\"},\"url\":\"https:\/\/www.perseestetica.com\/index.php\/author\/admin\/\"}]}<\/script>\n<!-- \/ Yoast SEO plugin. -->","yoast_head_json":{"title":"NAVIDAD en PER SE estetiCua - PER SE ESTETICA","robots":{"index":"index","follow":"follow","max-snippet":"max-snippet:-1","max-image-preview":"max-image-preview:large","max-video-preview":"max-video-preview:-1"},"canonical":"https:\/\/www.perseestetica.com\/index.php\/2024\/12\/04\/navidad-en-per-se-esteticua\/","og_locale":"es_ES","og_type":"article","og_title":"NAVIDAD en PER SE estetiCua - PER SE ESTETICA","og_description":"En PER SE estetiCua sorteamos 3 tratamientos faciales Beauty ORO totalmente gratis, si participas en el SORTEO de esta Navidad. Es muy f\u00e1cil, solo tienes que seguir estos pasos. Adem\u00e1s tienes 3 oportunidades, porque sorteamos un tratamiento facial en el [&hellip;]","og_url":"https:\/\/www.perseestetica.com\/index.php\/2024\/12\/04\/navidad-en-per-se-esteticua\/","og_site_name":"PER SE ESTETICA","article_published_time":"2024-12-04T09:13:28+00:00","article_modified_time":"2025-01-09T11:11:17+00:00","og_image":[{"width":1024,"height":675,"url":"https:\/\/www.perseestetica.com\/wp-content\/uploads\/2024\/12\/BLOG-premio-NAV-24.jpg","type":"image\/jpeg"}],"author":"administraci\u00f3n","twitter_card":"summary_large_image","twitter_misc":{"Escrito por":"administraci\u00f3n","Tiempo de lectura":"2 minutos"},"schema":{"@context":"https:\/\/schema.org","@graph":[{"@type":"Article","@id":"https:\/\/www.perseestetica.com\/index.php\/2024\/12\/04\/navidad-en-per-se-esteticua\/#article","isPartOf":{"@id":"https:\/\/www.perseestetica.com\/index.php\/2024\/12\/04\/navidad-en-per-se-esteticua\/"},"author":{"name":"administraci\u00f3n","@id":"https:\/\/www.perseestetica.com\/#\/schema\/person\/dffe0e7ffbd7bd2d4816f9bd4f643eff"},"headline":"NAVIDAD en PER SE estetiCua","datePublished":"2024-12-04T09:13:28+00:00","dateModified":"2025-01-09T11:11:17+00:00","mainEntityOfPage":{"@id":"https:\/\/www.perseestetica.com\/index.php\/2024\/12\/04\/navidad-en-per-se-esteticua\/"},"wordCount":410,"image":{"@id":"https:\/\/www.perseestetica.com\/index.php\/2024\/12\/04\/navidad-en-per-se-esteticua\/#primaryimage"},"thumbnailUrl":"https:\/\/www.perseestetica.com\/wp-content\/uploads\/2024\/12\/BLOG-premio-NAV-24.jpg","keywords":["#ganasorteoNavidad","#NavidadenVitoria","#PERSEesteticua","#sorteoredes","BeautyOro","sorteoNavidad","tratamiento facial Beauty oro","tratamientod de belleza","tratamientofacial","TratamientosenPERSEestetica #consurcodeNavidad"],"articleSection":{"0":"facial","1":"noticias","2":"PER SE","3":"promociones","5":"tratamiento"},"inLanguage":"es"},{"@type":"WebPage","@id":"https:\/\/www.perseestetica.com\/index.php\/2024\/12\/04\/navidad-en-per-se-esteticua\/","url":"https:\/\/www.perseestetica.com\/index.php\/2024\/12\/04\/navidad-en-per-se-esteticua\/","name":"NAVIDAD en PER SE estetiCua - PER SE ESTETICA","isPartOf":{"@id":"https:\/\/www.perseestetica.com\/#website"},"primaryImageOfPage":{"@id":"https:\/\/www.perseestetica.com\/index.php\/2024\/12\/04\/navidad-en-per-se-esteticua\/#primaryimage"},"image":{"@id":"https:\/\/www.perseestetica.com\/index.php\/2024\/12\/04\/navidad-en-per-se-esteticua\/#primaryimage"},"thumbnailUrl":"https:\/\/www.perseestetica.com\/wp-content\/uploads\/2024\/12\/BLOG-premio-NAV-24.jpg","datePublished":"2024-12-04T09:13:28+00:00","dateModified":"2025-01-09T11:11:17+00:00","author":{"@id":"https:\/\/www.perseestetica.com\/#\/schema\/person\/dffe0e7ffbd7bd2d4816f9bd4f643eff"},"breadcrumb":{"@id":"https:\/\/www.perseestetica.com\/index.php\/2024\/12\/04\/navidad-en-per-se-esteticua\/#breadcrumb"},"inLanguage":"es","potentialAction":[{"@type":"ReadAction","target":["https:\/\/www.perseestetica.com\/index.php\/2024\/12\/04\/navidad-en-per-se-esteticua\/"]}]},{"@type":"ImageObject","inLanguage":"es","@id":"https:\/\/www.perseestetica.com\/index.php\/2024\/12\/04\/navidad-en-per-se-esteticua\/#primaryimage","url":"https:\/\/www.perseestetica.com\/wp-content\/uploads\/2024\/12\/BLOG-premio-NAV-24.jpg","contentUrl":"https:\/\/www.perseestetica.com\/wp-content\/uploads\/2024\/12\/BLOG-premio-NAV-24.jpg","width":1024,"height":675},{"@type":"BreadcrumbList","@id":"https:\/\/www.perseestetica.com\/index.php\/2024\/12\/04\/navidad-en-per-se-esteticua\/#breadcrumb","itemListElement":[{"@type":"ListItem","position":1,"name":"Portada","item":"https:\/\/www.perseestetica.com\/"},{"@type":"ListItem","position":2,"name":"NAVIDAD en PER SE estetiCua"}]},{"@type":"WebSite","@id":"https:\/\/www.perseestetica.com\/#website","url":"https:\/\/www.perseestetica.com\/","name":"PER SE ESTETICA","description":"Centro de est\u00e9tica y bienestar en Vitoria-Gasteiz","potentialAction":[{"@type":"SearchAction","target":{"@type":"EntryPoint","urlTemplate":"https:\/\/www.perseestetica.com\/?s={search_term_string}"},"query-input":{"@type":"PropertyValueSpecification","valueRequired":true,"valueName":"search_term_string"}}],"inLanguage":"es"},{"@type":"Person","@id":"https:\/\/www.perseestetica.com\/#\/schema\/person\/dffe0e7ffbd7bd2d4816f9bd4f643eff","name":"administraci\u00f3n","image":{"@type":"ImageObject","inLanguage":"es","@id":"https:\/\/www.perseestetica.com\/#\/schema\/person\/image\/","url":"https:\/\/secure.gravatar.com\/avatar\/c80723aa5a9a47fa5daf35d0805cde1198a8010870d2be18ca924fd80ffac640?s=96&d=mm&r=g","contentUrl":"https:\/\/secure.gravatar.com\/avatar\/c80723aa5a9a47fa5daf35d0805cde1198a8010870d2be18ca924fd80ffac640?s=96&d=mm&r=g","caption":"administraci\u00f3n"},"url":"https:\/\/www.perseestetica.com\/index.php\/author\/admin\/"}]}},"_links":{"self":[{"href":"https:\/\/www.perseestetica.com\/index.php\/wp-json\/wp\/v2\/posts\/4093","targetHints":{"allow":["GET"]}}],"collection":[{"href":"https:\/\/www.perseestetica.com\/index.php\/wp-json\/wp\/v2\/posts"}],"about":[{"href":"https:\/\/www.perseestetica.com\/index.php\/wp-json\/wp\/v2\/types\/post"}],"author":[{"embeddable":true,"href":"https:\/\/www.perseestetica.com\/index.php\/wp-json\/wp\/v2\/users\/1"}],"replies":[{"embeddable":true,"href":"https:\/\/www.perseestetica.com\/index.php\/wp-json\/wp\/v2\/comments?post=4093"}],"version-history":[{"count":4,"href":"https:\/\/www.perseestetica.com\/index.php\/wp-json\/wp\/v2\/posts\/4093\/revisions"}],"predecessor-version":[{"id":4099,"href":"https:\/\/www.perseestetica.com\/index.php\/wp-json\/wp\/v2\/posts\/4093\/revisions\/4099"}],"wp:featuredmedia":[{"embeddable":true,"href":"https:\/\/www.perseestetica.com\/index.php\/wp-json\/wp\/v2\/media\/4095"}],"wp:attachment":[{"href":"https:\/\/www.perseestetica.com\/index.php\/wp-json\/wp\/v2\/media?parent=4093"}],"wp:term":[{"taxonomy":"category","embeddable":true,"href":"https:\/\/www.perseestetica.com\/index.php\/wp-json\/wp\/v2\/categories?post=4093"},{"taxonomy":"post_tag","embeddable":true,"href":"https:\/\/www.perseestetica.com\/index.php\/wp-json\/wp\/v2\/tags?post=4093"}],"curies":[{"name":"wp","href":"https:\/\/api.w.org\/{rel}","templated":true}]}}