{"id":4160,"date":"2025-01-09T11:08:23","date_gmt":"2025-01-09T11:08:23","guid":{"rendered":"https:\/\/www.perseestetica.com\/?p=4160"},"modified":"2025-01-09T11:10:53","modified_gmt":"2025-01-09T11:10:53","slug":"ganadores-del-sorteo-de-navidad-2","status":"publish","type":"post","link":"https:\/\/www.perseestetica.com\/index.php\/2025\/01\/09\/ganadores-del-sorteo-de-navidad-2\/","title":{"rendered":"GANADORES DEL SORTEO DE NAVIDAD"},"content":{"rendered":"<p class=\"p1\"><span class=\"s1\">Lleg\u00f3 el d\u00eda en el que vamos a conocer quienes son las\/os patos\/as premiados\/as de nuestra promoci\u00f3n de esta Navidad en PER SE estetiCUA.<\/span><\/p>\n<p class=\"p1\"><span class=\"s1\">Enhorabuena a los\/as ganadores que han dedicado su tiempo a participar en nuestro sorteo de <b>NAVIDAD<\/b> y mira por d\u00f3nde esta vez\u2026 \u00a1Lo han ganado!<\/span><\/p>\n<p class=\"p1\"><span class=\"s1\">Ah\u00ed van los nombres:<\/span><\/p>\n<p class=\"p1\"><span class=\"s1\">Ganador del\u00a0<b>punto de venta: Cristina Espinosa.<\/b><\/span><\/p>\n<p class=\"p2\"><span class=\"s2\">Ganadora de\u00a0<b>Facebook: Zu Martinez.<\/b><\/span><\/p>\n<p class=\"p2\"><span class=\"s2\">Ganadora de\u00a0<b>Instagram: @meriferfer<\/b><\/span><span class=\"s1\"><br \/>\n<\/span><\/p>\n<p>&nbsp;<\/p>\n<p class=\"p1\"><span class=\"s1\">Contactaremos con vosotr@s para que pod\u00e1is disfrutar de vuestro premio: UN <b>TRATAMIENTO FACIAL BEAUTY ORO<\/b>. Nuestras ganadoras tras el tratamiento tendr\u00e1n sus plumas con un tono uniforme y se ir\u00e1n volando con un aspecto radiante e hidratado y sobre todo \u00abCUAPAS CUAPAS\u00bb y con luz propia \ud83d\ude09 Se trata de un<\/span>\u00a0tratamiento facial antioxidante con oro que consigue un efecto rejuvenecedor contra las arrugas que te ayudar\u00e1 a reparar y renovar la piel dando firmeza y luminosidad. Combate las arrugas, manchas cut\u00e1neas, l\u00edneas de expresi\u00f3n y signos de paso del tiempo como la flacidez y la p\u00e9rdida de luminosidad. Gracias a su efecto reparador, energizante y antifatiga estimula la circulaci\u00f3n sangu\u00ednea eliminando los signos del cansancio como las ojeras. \u00bfC\u00f3mo te quedas? \u00bfUN POCO DE \u00abENVIDIA PATUNA\u00bb?<\/p>\n<p class=\"p1\">\u00a1ENHORABUENA a nuestras PATAS ganadoras!<\/p>\n<p>&nbsp;<\/p>\n<p class=\"p1\"><b><\/b><span class=\"s1\">Gracias a todas las personas que hab\u00e9is participado y que d\u00e1ndole al pico o compartiendo en las redes nos ayud\u00e1is a seguir creciendo \u00a1No sab\u00e9is CuaCuanto os lo agradecemos!<\/span><\/p>\n<p class=\"p3\"><span class=\"s1\">\u00a1FELIZ A\u00d1O NUEVO 2025 ! y felicidades a nuestras tres ganadoras.<\/span><\/p>\n","protected":false},"excerpt":{"rendered":"<p>Lleg\u00f3 el d\u00eda en el que vamos a conocer quienes son las\/os patos\/as premiados\/as de nuestra promoci\u00f3n de esta Navidad en PER SE estetiCUA. Enhorabuena a los\/as ganadores que han dedicado su tiempo a participar en nuestro sorteo de NAVIDAD [&hellip;]<\/p>\n","protected":false},"author":1,"featured_media":4161,"comment_status":"closed","ping_status":"closed","sticky":false,"template":"","format":"standard","meta":{"footnotes":""},"categories":[122,125,117,118,126],"tags":[],"class_list":["post-4160","post","type-post","status-publish","format-standard","has-post-thumbnail","hentry","category-corporal","category-noticias","category-per-se","category-promociones","category-tratamiento"],"yoast_head":"<!-- This site is optimized with the Yoast SEO plugin v27.0 - https:\/\/yoast.com\/product\/yoast-seo-wordpress\/ -->\n<title>GANADORES DEL SORTEO DE NAVIDAD - PER SE ESTETICA<\/title>\n<meta name=\"robots\" content=\"index, follow, max-snippet:-1, max-image-preview:large, max-video-preview:-1\" \/>\n<link rel=\"canonical\" href=\"https:\/\/www.perseestetica.com\/index.php\/2025\/01\/09\/ganadores-del-sorteo-de-navidad-2\/\" \/>\n<meta property=\"og:locale\" content=\"es_ES\" \/>\n<meta property=\"og:type\" content=\"article\" \/>\n<meta property=\"og:title\" content=\"GANADORES DEL SORTEO DE NAVIDAD - PER SE ESTETICA\" \/>\n<meta property=\"og:description\" content=\"Lleg\u00f3 el d\u00eda en el que vamos a conocer quienes son las\/os patos\/as premiados\/as de nuestra promoci\u00f3n de esta Navidad en PER SE estetiCUA. Enhorabuena a los\/as ganadores que han dedicado su tiempo a participar en nuestro sorteo de NAVIDAD [&hellip;]\" \/>\n<meta property=\"og:url\" content=\"https:\/\/www.perseestetica.com\/index.php\/2025\/01\/09\/ganadores-del-sorteo-de-navidad-2\/\" \/>\n<meta property=\"og:site_name\" content=\"PER SE ESTETICA\" \/>\n<meta property=\"article:published_time\" content=\"2025-01-09T11:08:23+00:00\" \/>\n<meta property=\"article:modified_time\" content=\"2025-01-09T11:10:53+00:00\" \/>\n<meta property=\"og:image\" content=\"https:\/\/www.perseestetica.com\/wp-content\/uploads\/2025\/01\/BLOG-gana-NAV-24.jpg\" \/>\n\t<meta property=\"og:image:width\" content=\"1024\" \/>\n\t<meta property=\"og:image:height\" content=\"675\" \/>\n\t<meta property=\"og:image:type\" content=\"image\/jpeg\" \/>\n<meta name=\"author\" content=\"administraci\u00f3n\" \/>\n<meta name=\"twitter:card\" content=\"summary_large_image\" \/>\n<meta name=\"twitter:label1\" content=\"Escrito por\" \/>\n\t<meta name=\"twitter:data1\" content=\"administraci\u00f3n\" \/>\n\t<meta name=\"twitter:label2\" content=\"Tiempo de lectura\" \/>\n\t<meta name=\"twitter:data2\" content=\"2 minutos\" \/>\n<script type=\"application\/ld+json\" class=\"yoast-schema-graph\">{\"@context\":\"https:\/\/schema.org\",\"@graph\":[{\"@type\":\"Article\",\"@id\":\"https:\/\/www.perseestetica.com\/index.php\/2025\/01\/09\/ganadores-del-sorteo-de-navidad-2\/#article\",\"isPartOf\":{\"@id\":\"https:\/\/www.perseestetica.com\/index.php\/2025\/01\/09\/ganadores-del-sorteo-de-navidad-2\/\"},\"author\":{\"name\":\"administraci\u00f3n\",\"@id\":\"https:\/\/www.perseestetica.com\/#\/schema\/person\/dffe0e7ffbd7bd2d4816f9bd4f643eff\"},\"headline\":\"GANADORES DEL SORTEO DE NAVIDAD\",\"datePublished\":\"2025-01-09T11:08:23+00:00\",\"dateModified\":\"2025-01-09T11:10:53+00:00\",\"mainEntityOfPage\":{\"@id\":\"https:\/\/www.perseestetica.com\/index.php\/2025\/01\/09\/ganadores-del-sorteo-de-navidad-2\/\"},\"wordCount\":268,\"image\":{\"@id\":\"https:\/\/www.perseestetica.com\/index.php\/2025\/01\/09\/ganadores-del-sorteo-de-navidad-2\/#primaryimage\"},\"thumbnailUrl\":\"https:\/\/www.perseestetica.com\/wp-content\/uploads\/2025\/01\/BLOG-gana-NAV-24.jpg\",\"articleSection\":[\"corporal\",\"noticias\",\"PER SE\",\"promociones\",\"tratamiento\"],\"inLanguage\":\"es\"},{\"@type\":\"WebPage\",\"@id\":\"https:\/\/www.perseestetica.com\/index.php\/2025\/01\/09\/ganadores-del-sorteo-de-navidad-2\/\",\"url\":\"https:\/\/www.perseestetica.com\/index.php\/2025\/01\/09\/ganadores-del-sorteo-de-navidad-2\/\",\"name\":\"GANADORES DEL SORTEO DE NAVIDAD - PER SE ESTETICA\",\"isPartOf\":{\"@id\":\"https:\/\/www.perseestetica.com\/#website\"},\"primaryImageOfPage\":{\"@id\":\"https:\/\/www.perseestetica.com\/index.php\/2025\/01\/09\/ganadores-del-sorteo-de-navidad-2\/#primaryimage\"},\"image\":{\"@id\":\"https:\/\/www.perseestetica.com\/index.php\/2025\/01\/09\/ganadores-del-sorteo-de-navidad-2\/#primaryimage\"},\"thumbnailUrl\":\"https:\/\/www.perseestetica.com\/wp-content\/uploads\/2025\/01\/BLOG-gana-NAV-24.jpg\",\"datePublished\":\"2025-01-09T11:08:23+00:00\",\"dateModified\":\"2025-01-09T11:10:53+00:00\",\"author\":{\"@id\":\"https:\/\/www.perseestetica.com\/#\/schema\/person\/dffe0e7ffbd7bd2d4816f9bd4f643eff\"},\"breadcrumb\":{\"@id\":\"https:\/\/www.perseestetica.com\/index.php\/2025\/01\/09\/ganadores-del-sorteo-de-navidad-2\/#breadcrumb\"},\"inLanguage\":\"es\",\"potentialAction\":[{\"@type\":\"ReadAction\",\"target\":[\"https:\/\/www.perseestetica.com\/index.php\/2025\/01\/09\/ganadores-del-sorteo-de-navidad-2\/\"]}]},{\"@type\":\"ImageObject\",\"inLanguage\":\"es\",\"@id\":\"https:\/\/www.perseestetica.com\/index.php\/2025\/01\/09\/ganadores-del-sorteo-de-navidad-2\/#primaryimage\",\"url\":\"https:\/\/www.perseestetica.com\/wp-content\/uploads\/2025\/01\/BLOG-gana-NAV-24.jpg\",\"contentUrl\":\"https:\/\/www.perseestetica.com\/wp-content\/uploads\/2025\/01\/BLOG-gana-NAV-24.jpg\",\"width\":1024,\"height\":675},{\"@type\":\"BreadcrumbList\",\"@id\":\"https:\/\/www.perseestetica.com\/index.php\/2025\/01\/09\/ganadores-del-sorteo-de-navidad-2\/#breadcrumb\",\"itemListElement\":[{\"@type\":\"ListItem\",\"position\":1,\"name\":\"Portada\",\"item\":\"https:\/\/www.perseestetica.com\/\"},{\"@type\":\"ListItem\",\"position\":2,\"name\":\"GANADORES DEL SORTEO DE NAVIDAD\"}]},{\"@type\":\"WebSite\",\"@id\":\"https:\/\/www.perseestetica.com\/#website\",\"url\":\"https:\/\/www.perseestetica.com\/\",\"name\":\"PER SE ESTETICA\",\"description\":\"Centro de est\u00e9tica y bienestar en Vitoria-Gasteiz\",\"potentialAction\":[{\"@type\":\"SearchAction\",\"target\":{\"@type\":\"EntryPoint\",\"urlTemplate\":\"https:\/\/www.perseestetica.com\/?s={search_term_string}\"},\"query-input\":{\"@type\":\"PropertyValueSpecification\",\"valueRequired\":true,\"valueName\":\"search_term_string\"}}],\"inLanguage\":\"es\"},{\"@type\":\"Person\",\"@id\":\"https:\/\/www.perseestetica.com\/#\/schema\/person\/dffe0e7ffbd7bd2d4816f9bd4f643eff\",\"name\":\"administraci\u00f3n\",\"image\":{\"@type\":\"ImageObject\",\"inLanguage\":\"es\",\"@id\":\"https:\/\/www.perseestetica.com\/#\/schema\/person\/image\/\",\"url\":\"https:\/\/secure.gravatar.com\/avatar\/c80723aa5a9a47fa5daf35d0805cde1198a8010870d2be18ca924fd80ffac640?s=96&d=mm&r=g\",\"contentUrl\":\"https:\/\/secure.gravatar.com\/avatar\/c80723aa5a9a47fa5daf35d0805cde1198a8010870d2be18ca924fd80ffac640?s=96&d=mm&r=g\",\"caption\":\"administraci\u00f3n\"},\"url\":\"https:\/\/www.perseestetica.com\/index.php\/author\/admin\/\"}]}<\/script>\n<!-- \/ Yoast SEO plugin. -->","yoast_head_json":{"title":"GANADORES DEL SORTEO DE NAVIDAD - PER SE ESTETICA","robots":{"index":"index","follow":"follow","max-snippet":"max-snippet:-1","max-image-preview":"max-image-preview:large","max-video-preview":"max-video-preview:-1"},"canonical":"https:\/\/www.perseestetica.com\/index.php\/2025\/01\/09\/ganadores-del-sorteo-de-navidad-2\/","og_locale":"es_ES","og_type":"article","og_title":"GANADORES DEL SORTEO DE NAVIDAD - PER SE ESTETICA","og_description":"Lleg\u00f3 el d\u00eda en el que vamos a conocer quienes son las\/os patos\/as premiados\/as de nuestra promoci\u00f3n de esta Navidad en PER SE estetiCUA. Enhorabuena a los\/as ganadores que han dedicado su tiempo a participar en nuestro sorteo de NAVIDAD [&hellip;]","og_url":"https:\/\/www.perseestetica.com\/index.php\/2025\/01\/09\/ganadores-del-sorteo-de-navidad-2\/","og_site_name":"PER SE ESTETICA","article_published_time":"2025-01-09T11:08:23+00:00","article_modified_time":"2025-01-09T11:10:53+00:00","og_image":[{"width":1024,"height":675,"url":"https:\/\/www.perseestetica.com\/wp-content\/uploads\/2025\/01\/BLOG-gana-NAV-24.jpg","type":"image\/jpeg"}],"author":"administraci\u00f3n","twitter_card":"summary_large_image","twitter_misc":{"Escrito por":"administraci\u00f3n","Tiempo de lectura":"2 minutos"},"schema":{"@context":"https:\/\/schema.org","@graph":[{"@type":"Article","@id":"https:\/\/www.perseestetica.com\/index.php\/2025\/01\/09\/ganadores-del-sorteo-de-navidad-2\/#article","isPartOf":{"@id":"https:\/\/www.perseestetica.com\/index.php\/2025\/01\/09\/ganadores-del-sorteo-de-navidad-2\/"},"author":{"name":"administraci\u00f3n","@id":"https:\/\/www.perseestetica.com\/#\/schema\/person\/dffe0e7ffbd7bd2d4816f9bd4f643eff"},"headline":"GANADORES DEL SORTEO DE NAVIDAD","datePublished":"2025-01-09T11:08:23+00:00","dateModified":"2025-01-09T11:10:53+00:00","mainEntityOfPage":{"@id":"https:\/\/www.perseestetica.com\/index.php\/2025\/01\/09\/ganadores-del-sorteo-de-navidad-2\/"},"wordCount":268,"image":{"@id":"https:\/\/www.perseestetica.com\/index.php\/2025\/01\/09\/ganadores-del-sorteo-de-navidad-2\/#primaryimage"},"thumbnailUrl":"https:\/\/www.perseestetica.com\/wp-content\/uploads\/2025\/01\/BLOG-gana-NAV-24.jpg","articleSection":["corporal","noticias","PER SE","promociones","tratamiento"],"inLanguage":"es"},{"@type":"WebPage","@id":"https:\/\/www.perseestetica.com\/index.php\/2025\/01\/09\/ganadores-del-sorteo-de-navidad-2\/","url":"https:\/\/www.perseestetica.com\/index.php\/2025\/01\/09\/ganadores-del-sorteo-de-navidad-2\/","name":"GANADORES DEL SORTEO DE NAVIDAD - PER SE ESTETICA","isPartOf":{"@id":"https:\/\/www.perseestetica.com\/#website"},"primaryImageOfPage":{"@id":"https:\/\/www.perseestetica.com\/index.php\/2025\/01\/09\/ganadores-del-sorteo-de-navidad-2\/#primaryimage"},"image":{"@id":"https:\/\/www.perseestetica.com\/index.php\/2025\/01\/09\/ganadores-del-sorteo-de-navidad-2\/#primaryimage"},"thumbnailUrl":"https:\/\/www.perseestetica.com\/wp-content\/uploads\/2025\/01\/BLOG-gana-NAV-24.jpg","datePublished":"2025-01-09T11:08:23+00:00","dateModified":"2025-01-09T11:10:53+00:00","author":{"@id":"https:\/\/www.perseestetica.com\/#\/schema\/person\/dffe0e7ffbd7bd2d4816f9bd4f643eff"},"breadcrumb":{"@id":"https:\/\/www.perseestetica.com\/index.php\/2025\/01\/09\/ganadores-del-sorteo-de-navidad-2\/#breadcrumb"},"inLanguage":"es","potentialAction":[{"@type":"ReadAction","target":["https:\/\/www.perseestetica.com\/index.php\/2025\/01\/09\/ganadores-del-sorteo-de-navidad-2\/"]}]},{"@type":"ImageObject","inLanguage":"es","@id":"https:\/\/www.perseestetica.com\/index.php\/2025\/01\/09\/ganadores-del-sorteo-de-navidad-2\/#primaryimage","url":"https:\/\/www.perseestetica.com\/wp-content\/uploads\/2025\/01\/BLOG-gana-NAV-24.jpg","contentUrl":"https:\/\/www.perseestetica.com\/wp-content\/uploads\/2025\/01\/BLOG-gana-NAV-24.jpg","width":1024,"height":675},{"@type":"BreadcrumbList","@id":"https:\/\/www.perseestetica.com\/index.php\/2025\/01\/09\/ganadores-del-sorteo-de-navidad-2\/#breadcrumb","itemListElement":[{"@type":"ListItem","position":1,"name":"Portada","item":"https:\/\/www.perseestetica.com\/"},{"@type":"ListItem","position":2,"name":"GANADORES DEL SORTEO DE NAVIDAD"}]},{"@type":"WebSite","@id":"https:\/\/www.perseestetica.com\/#website","url":"https:\/\/www.perseestetica.com\/","name":"PER SE ESTETICA","description":"Centro de est\u00e9tica y bienestar en Vitoria-Gasteiz","potentialAction":[{"@type":"SearchAction","target":{"@type":"EntryPoint","urlTemplate":"https:\/\/www.perseestetica.com\/?s={search_term_string}"},"query-input":{"@type":"PropertyValueSpecification","valueRequired":true,"valueName":"search_term_string"}}],"inLanguage":"es"},{"@type":"Person","@id":"https:\/\/www.perseestetica.com\/#\/schema\/person\/dffe0e7ffbd7bd2d4816f9bd4f643eff","name":"administraci\u00f3n","image":{"@type":"ImageObject","inLanguage":"es","@id":"https:\/\/www.perseestetica.com\/#\/schema\/person\/image\/","url":"https:\/\/secure.gravatar.com\/avatar\/c80723aa5a9a47fa5daf35d0805cde1198a8010870d2be18ca924fd80ffac640?s=96&d=mm&r=g","contentUrl":"https:\/\/secure.gravatar.com\/avatar\/c80723aa5a9a47fa5daf35d0805cde1198a8010870d2be18ca924fd80ffac640?s=96&d=mm&r=g","caption":"administraci\u00f3n"},"url":"https:\/\/www.perseestetica.com\/index.php\/author\/admin\/"}]}},"_links":{"self":[{"href":"https:\/\/www.perseestetica.com\/index.php\/wp-json\/wp\/v2\/posts\/4160","targetHints":{"allow":["GET"]}}],"collection":[{"href":"https:\/\/www.perseestetica.com\/index.php\/wp-json\/wp\/v2\/posts"}],"about":[{"href":"https:\/\/www.perseestetica.com\/index.php\/wp-json\/wp\/v2\/types\/post"}],"author":[{"embeddable":true,"href":"https:\/\/www.perseestetica.com\/index.php\/wp-json\/wp\/v2\/users\/1"}],"replies":[{"embeddable":true,"href":"https:\/\/www.perseestetica.com\/index.php\/wp-json\/wp\/v2\/comments?post=4160"}],"version-history":[{"count":6,"href":"https:\/\/www.perseestetica.com\/index.php\/wp-json\/wp\/v2\/posts\/4160\/revisions"}],"predecessor-version":[{"id":4294,"href":"https:\/\/www.perseestetica.com\/index.php\/wp-json\/wp\/v2\/posts\/4160\/revisions\/4294"}],"wp:featuredmedia":[{"embeddable":true,"href":"https:\/\/www.perseestetica.com\/index.php\/wp-json\/wp\/v2\/media\/4161"}],"wp:attachment":[{"href":"https:\/\/www.perseestetica.com\/index.php\/wp-json\/wp\/v2\/media?parent=4160"}],"wp:term":[{"taxonomy":"category","embeddable":true,"href":"https:\/\/www.perseestetica.com\/index.php\/wp-json\/wp\/v2\/categories?post=4160"},{"taxonomy":"post_tag","embeddable":true,"href":"https:\/\/www.perseestetica.com\/index.php\/wp-json\/wp\/v2\/tags?post=4160"}],"curies":[{"name":"wp","href":"https:\/\/api.w.org\/{rel}","templated":true}]}}