{"id":4179,"date":"2025-03-05T09:15:47","date_gmt":"2025-03-05T09:15:47","guid":{"rendered":"https:\/\/www.perseestetica.com\/?p=4179"},"modified":"2025-03-05T09:23:28","modified_gmt":"2025-03-05T09:23:28","slug":"floralove-tratamiento-hidra-esencial","status":"publish","type":"post","link":"https:\/\/www.perseestetica.com\/index.php\/2025\/03\/05\/floralove-tratamiento-hidra-esencial\/","title":{"rendered":"FLORALOVE Tratamiento Hidra-Esencial"},"content":{"rendered":"<p data-start=\"68\" data-end=\"521\">Nos encanta innovar y ofrecerte siempre lo mejor para que te sientas radiante cada d\u00eda. Como cada a\u00f1o, estrenamos un nuevo tratamiento en cabina, y esta vez te presentamos <strong data-start=\"240\" data-end=\"264\">FLORALOVE de Fleur\u2019s<\/strong>. Un exclusivo tratamiento facial que aprovecha el extraordinario poder de las flores para realzar la belleza y el bienestar de la piel. Su efecto restaurador fortalece la barrera cut\u00e1nea, aportando una hidrataci\u00f3n profunda y una luminosidad incomparable.<\/p>\n<p data-start=\"523\" data-end=\"578\">El tratamiento esencial para todos. <strong data-start=\"559\" data-end=\"576\">Efecto Reset.<\/strong><\/p>\n<p data-start=\"68\" data-end=\"280\">Este innovador tratamiento sensorial, dise\u00f1ado para todas las mujeres, ofrece un efecto transformador en la piel. Fortalece la barrera cut\u00e1nea, proporcionando una hidrataci\u00f3n intensa y una luminosidad radiante.<\/p>\n<p data-start=\"282\" data-end=\"481\">Es perfecto para los cambios de estaci\u00f3n, la recuperaci\u00f3n postparto, brillar en una ocasi\u00f3n especial o simplemente empezar con buen pie. <strong data-start=\"419\" data-end=\"479\">Descubre el nuevo tratamiento facial ic\u00f3nico de Fleur\u2019s.<\/strong><\/p>\n<p data-start=\"580\" data-end=\"604\">\u00bfTe animas a probarlo?<\/p>\n<p>&nbsp;<\/p>\n","protected":false},"excerpt":{"rendered":"<p>Nos encanta innovar y ofrecerte siempre lo mejor para que te sientas radiante cada d\u00eda. Como cada a\u00f1o, estrenamos un nuevo tratamiento en cabina, y esta vez te presentamos FLORALOVE de Fleur\u2019s. Un exclusivo tratamiento facial que aprovecha el extraordinario [&hellip;]<\/p>\n","protected":false},"author":1,"featured_media":4180,"comment_status":"open","ping_status":"open","sticky":false,"template":"","format":"standard","meta":{"footnotes":""},"categories":[119,125,117,126],"tags":[325,321,320,324,323,322,307,326],"class_list":["post-4179","post","type-post","status-publish","format-standard","has-post-thumbnail","hentry","category-facial","category-noticias","category-per-se","category-tratamiento","tag-efectoreset","tag-fleurs","tag-floralove","tag-hidra-esencail","tag-tratamientodebelleza","tag-tratamientoencabina","tag-tratamientofacial","tag-tratamientofloral"],"yoast_head":"<!-- This site is optimized with the Yoast SEO plugin v27.0 - https:\/\/yoast.com\/product\/yoast-seo-wordpress\/ -->\n<title>FLORALOVE Tratamiento Hidra-Esencial - PER SE ESTETICA<\/title>\n<meta name=\"robots\" content=\"index, follow, max-snippet:-1, max-image-preview:large, max-video-preview:-1\" \/>\n<link rel=\"canonical\" href=\"https:\/\/www.perseestetica.com\/index.php\/2025\/03\/05\/floralove-tratamiento-hidra-esencial\/\" \/>\n<meta property=\"og:locale\" content=\"es_ES\" \/>\n<meta property=\"og:type\" content=\"article\" \/>\n<meta property=\"og:title\" content=\"FLORALOVE Tratamiento Hidra-Esencial - PER SE ESTETICA\" \/>\n<meta property=\"og:description\" content=\"Nos encanta innovar y ofrecerte siempre lo mejor para que te sientas radiante cada d\u00eda. Como cada a\u00f1o, estrenamos un nuevo tratamiento en cabina, y esta vez te presentamos FLORALOVE de Fleur\u2019s. Un exclusivo tratamiento facial que aprovecha el extraordinario [&hellip;]\" \/>\n<meta property=\"og:url\" content=\"https:\/\/www.perseestetica.com\/index.php\/2025\/03\/05\/floralove-tratamiento-hidra-esencial\/\" \/>\n<meta property=\"og:site_name\" content=\"PER SE ESTETICA\" \/>\n<meta property=\"article:published_time\" content=\"2025-03-05T09:15:47+00:00\" \/>\n<meta property=\"article:modified_time\" content=\"2025-03-05T09:23:28+00:00\" \/>\n<meta property=\"og:image\" content=\"https:\/\/www.perseestetica.com\/wp-content\/uploads\/2025\/03\/floraBOLG.jpg\" \/>\n\t<meta property=\"og:image:width\" content=\"1024\" \/>\n\t<meta property=\"og:image:height\" content=\"675\" \/>\n\t<meta property=\"og:image:type\" content=\"image\/jpeg\" \/>\n<meta name=\"author\" content=\"administraci\u00f3n\" \/>\n<meta name=\"twitter:card\" content=\"summary_large_image\" \/>\n<meta name=\"twitter:label1\" content=\"Escrito por\" \/>\n\t<meta name=\"twitter:data1\" content=\"administraci\u00f3n\" \/>\n\t<meta name=\"twitter:label2\" content=\"Tiempo de lectura\" \/>\n\t<meta name=\"twitter:data2\" content=\"1 minuto\" \/>\n<script type=\"application\/ld+json\" class=\"yoast-schema-graph\">{\"@context\":\"https:\/\/schema.org\",\"@graph\":[{\"@type\":\"Article\",\"@id\":\"https:\/\/www.perseestetica.com\/index.php\/2025\/03\/05\/floralove-tratamiento-hidra-esencial\/#article\",\"isPartOf\":{\"@id\":\"https:\/\/www.perseestetica.com\/index.php\/2025\/03\/05\/floralove-tratamiento-hidra-esencial\/\"},\"author\":{\"name\":\"administraci\u00f3n\",\"@id\":\"https:\/\/www.perseestetica.com\/#\/schema\/person\/dffe0e7ffbd7bd2d4816f9bd4f643eff\"},\"headline\":\"FLORALOVE Tratamiento Hidra-Esencial\",\"datePublished\":\"2025-03-05T09:15:47+00:00\",\"dateModified\":\"2025-03-05T09:23:28+00:00\",\"mainEntityOfPage\":{\"@id\":\"https:\/\/www.perseestetica.com\/index.php\/2025\/03\/05\/floralove-tratamiento-hidra-esencial\/\"},\"wordCount\":154,\"commentCount\":0,\"image\":{\"@id\":\"https:\/\/www.perseestetica.com\/index.php\/2025\/03\/05\/floralove-tratamiento-hidra-esencial\/#primaryimage\"},\"thumbnailUrl\":\"https:\/\/www.perseestetica.com\/wp-content\/uploads\/2025\/03\/floraBOLG.jpg\",\"keywords\":[\"efectoreset\",\"Fleur\u00b4s\",\"FLORALOVE\",\"hidra-esencail\",\"tratamientodebelleza\",\"tratamientoencabina\",\"tratamientofacial\",\"tratamientofloral\"],\"articleSection\":[\"facial\",\"noticias\",\"PER SE\",\"tratamiento\"],\"inLanguage\":\"es\",\"potentialAction\":[{\"@type\":\"CommentAction\",\"name\":\"Comment\",\"target\":[\"https:\/\/www.perseestetica.com\/index.php\/2025\/03\/05\/floralove-tratamiento-hidra-esencial\/#respond\"]}]},{\"@type\":\"WebPage\",\"@id\":\"https:\/\/www.perseestetica.com\/index.php\/2025\/03\/05\/floralove-tratamiento-hidra-esencial\/\",\"url\":\"https:\/\/www.perseestetica.com\/index.php\/2025\/03\/05\/floralove-tratamiento-hidra-esencial\/\",\"name\":\"FLORALOVE Tratamiento Hidra-Esencial - PER SE ESTETICA\",\"isPartOf\":{\"@id\":\"https:\/\/www.perseestetica.com\/#website\"},\"primaryImageOfPage\":{\"@id\":\"https:\/\/www.perseestetica.com\/index.php\/2025\/03\/05\/floralove-tratamiento-hidra-esencial\/#primaryimage\"},\"image\":{\"@id\":\"https:\/\/www.perseestetica.com\/index.php\/2025\/03\/05\/floralove-tratamiento-hidra-esencial\/#primaryimage\"},\"thumbnailUrl\":\"https:\/\/www.perseestetica.com\/wp-content\/uploads\/2025\/03\/floraBOLG.jpg\",\"datePublished\":\"2025-03-05T09:15:47+00:00\",\"dateModified\":\"2025-03-05T09:23:28+00:00\",\"author\":{\"@id\":\"https:\/\/www.perseestetica.com\/#\/schema\/person\/dffe0e7ffbd7bd2d4816f9bd4f643eff\"},\"breadcrumb\":{\"@id\":\"https:\/\/www.perseestetica.com\/index.php\/2025\/03\/05\/floralove-tratamiento-hidra-esencial\/#breadcrumb\"},\"inLanguage\":\"es\",\"potentialAction\":[{\"@type\":\"ReadAction\",\"target\":[\"https:\/\/www.perseestetica.com\/index.php\/2025\/03\/05\/floralove-tratamiento-hidra-esencial\/\"]}]},{\"@type\":\"ImageObject\",\"inLanguage\":\"es\",\"@id\":\"https:\/\/www.perseestetica.com\/index.php\/2025\/03\/05\/floralove-tratamiento-hidra-esencial\/#primaryimage\",\"url\":\"https:\/\/www.perseestetica.com\/wp-content\/uploads\/2025\/03\/floraBOLG.jpg\",\"contentUrl\":\"https:\/\/www.perseestetica.com\/wp-content\/uploads\/2025\/03\/floraBOLG.jpg\",\"width\":1024,\"height\":675},{\"@type\":\"BreadcrumbList\",\"@id\":\"https:\/\/www.perseestetica.com\/index.php\/2025\/03\/05\/floralove-tratamiento-hidra-esencial\/#breadcrumb\",\"itemListElement\":[{\"@type\":\"ListItem\",\"position\":1,\"name\":\"Portada\",\"item\":\"https:\/\/www.perseestetica.com\/\"},{\"@type\":\"ListItem\",\"position\":2,\"name\":\"FLORALOVE Tratamiento Hidra-Esencial\"}]},{\"@type\":\"WebSite\",\"@id\":\"https:\/\/www.perseestetica.com\/#website\",\"url\":\"https:\/\/www.perseestetica.com\/\",\"name\":\"PER SE ESTETICA\",\"description\":\"Centro de est\u00e9tica y bienestar en Vitoria-Gasteiz\",\"potentialAction\":[{\"@type\":\"SearchAction\",\"target\":{\"@type\":\"EntryPoint\",\"urlTemplate\":\"https:\/\/www.perseestetica.com\/?s={search_term_string}\"},\"query-input\":{\"@type\":\"PropertyValueSpecification\",\"valueRequired\":true,\"valueName\":\"search_term_string\"}}],\"inLanguage\":\"es\"},{\"@type\":\"Person\",\"@id\":\"https:\/\/www.perseestetica.com\/#\/schema\/person\/dffe0e7ffbd7bd2d4816f9bd4f643eff\",\"name\":\"administraci\u00f3n\",\"image\":{\"@type\":\"ImageObject\",\"inLanguage\":\"es\",\"@id\":\"https:\/\/www.perseestetica.com\/#\/schema\/person\/image\/\",\"url\":\"https:\/\/secure.gravatar.com\/avatar\/c80723aa5a9a47fa5daf35d0805cde1198a8010870d2be18ca924fd80ffac640?s=96&d=mm&r=g\",\"contentUrl\":\"https:\/\/secure.gravatar.com\/avatar\/c80723aa5a9a47fa5daf35d0805cde1198a8010870d2be18ca924fd80ffac640?s=96&d=mm&r=g\",\"caption\":\"administraci\u00f3n\"},\"url\":\"https:\/\/www.perseestetica.com\/index.php\/author\/admin\/\"}]}<\/script>\n<!-- \/ Yoast SEO plugin. -->","yoast_head_json":{"title":"FLORALOVE Tratamiento Hidra-Esencial - PER SE ESTETICA","robots":{"index":"index","follow":"follow","max-snippet":"max-snippet:-1","max-image-preview":"max-image-preview:large","max-video-preview":"max-video-preview:-1"},"canonical":"https:\/\/www.perseestetica.com\/index.php\/2025\/03\/05\/floralove-tratamiento-hidra-esencial\/","og_locale":"es_ES","og_type":"article","og_title":"FLORALOVE Tratamiento Hidra-Esencial - PER SE ESTETICA","og_description":"Nos encanta innovar y ofrecerte siempre lo mejor para que te sientas radiante cada d\u00eda. Como cada a\u00f1o, estrenamos un nuevo tratamiento en cabina, y esta vez te presentamos FLORALOVE de Fleur\u2019s. Un exclusivo tratamiento facial que aprovecha el extraordinario [&hellip;]","og_url":"https:\/\/www.perseestetica.com\/index.php\/2025\/03\/05\/floralove-tratamiento-hidra-esencial\/","og_site_name":"PER SE ESTETICA","article_published_time":"2025-03-05T09:15:47+00:00","article_modified_time":"2025-03-05T09:23:28+00:00","og_image":[{"width":1024,"height":675,"url":"https:\/\/www.perseestetica.com\/wp-content\/uploads\/2025\/03\/floraBOLG.jpg","type":"image\/jpeg"}],"author":"administraci\u00f3n","twitter_card":"summary_large_image","twitter_misc":{"Escrito por":"administraci\u00f3n","Tiempo de lectura":"1 minuto"},"schema":{"@context":"https:\/\/schema.org","@graph":[{"@type":"Article","@id":"https:\/\/www.perseestetica.com\/index.php\/2025\/03\/05\/floralove-tratamiento-hidra-esencial\/#article","isPartOf":{"@id":"https:\/\/www.perseestetica.com\/index.php\/2025\/03\/05\/floralove-tratamiento-hidra-esencial\/"},"author":{"name":"administraci\u00f3n","@id":"https:\/\/www.perseestetica.com\/#\/schema\/person\/dffe0e7ffbd7bd2d4816f9bd4f643eff"},"headline":"FLORALOVE Tratamiento Hidra-Esencial","datePublished":"2025-03-05T09:15:47+00:00","dateModified":"2025-03-05T09:23:28+00:00","mainEntityOfPage":{"@id":"https:\/\/www.perseestetica.com\/index.php\/2025\/03\/05\/floralove-tratamiento-hidra-esencial\/"},"wordCount":154,"commentCount":0,"image":{"@id":"https:\/\/www.perseestetica.com\/index.php\/2025\/03\/05\/floralove-tratamiento-hidra-esencial\/#primaryimage"},"thumbnailUrl":"https:\/\/www.perseestetica.com\/wp-content\/uploads\/2025\/03\/floraBOLG.jpg","keywords":["efectoreset","Fleur\u00b4s","FLORALOVE","hidra-esencail","tratamientodebelleza","tratamientoencabina","tratamientofacial","tratamientofloral"],"articleSection":["facial","noticias","PER SE","tratamiento"],"inLanguage":"es","potentialAction":[{"@type":"CommentAction","name":"Comment","target":["https:\/\/www.perseestetica.com\/index.php\/2025\/03\/05\/floralove-tratamiento-hidra-esencial\/#respond"]}]},{"@type":"WebPage","@id":"https:\/\/www.perseestetica.com\/index.php\/2025\/03\/05\/floralove-tratamiento-hidra-esencial\/","url":"https:\/\/www.perseestetica.com\/index.php\/2025\/03\/05\/floralove-tratamiento-hidra-esencial\/","name":"FLORALOVE Tratamiento Hidra-Esencial - PER SE ESTETICA","isPartOf":{"@id":"https:\/\/www.perseestetica.com\/#website"},"primaryImageOfPage":{"@id":"https:\/\/www.perseestetica.com\/index.php\/2025\/03\/05\/floralove-tratamiento-hidra-esencial\/#primaryimage"},"image":{"@id":"https:\/\/www.perseestetica.com\/index.php\/2025\/03\/05\/floralove-tratamiento-hidra-esencial\/#primaryimage"},"thumbnailUrl":"https:\/\/www.perseestetica.com\/wp-content\/uploads\/2025\/03\/floraBOLG.jpg","datePublished":"2025-03-05T09:15:47+00:00","dateModified":"2025-03-05T09:23:28+00:00","author":{"@id":"https:\/\/www.perseestetica.com\/#\/schema\/person\/dffe0e7ffbd7bd2d4816f9bd4f643eff"},"breadcrumb":{"@id":"https:\/\/www.perseestetica.com\/index.php\/2025\/03\/05\/floralove-tratamiento-hidra-esencial\/#breadcrumb"},"inLanguage":"es","potentialAction":[{"@type":"ReadAction","target":["https:\/\/www.perseestetica.com\/index.php\/2025\/03\/05\/floralove-tratamiento-hidra-esencial\/"]}]},{"@type":"ImageObject","inLanguage":"es","@id":"https:\/\/www.perseestetica.com\/index.php\/2025\/03\/05\/floralove-tratamiento-hidra-esencial\/#primaryimage","url":"https:\/\/www.perseestetica.com\/wp-content\/uploads\/2025\/03\/floraBOLG.jpg","contentUrl":"https:\/\/www.perseestetica.com\/wp-content\/uploads\/2025\/03\/floraBOLG.jpg","width":1024,"height":675},{"@type":"BreadcrumbList","@id":"https:\/\/www.perseestetica.com\/index.php\/2025\/03\/05\/floralove-tratamiento-hidra-esencial\/#breadcrumb","itemListElement":[{"@type":"ListItem","position":1,"name":"Portada","item":"https:\/\/www.perseestetica.com\/"},{"@type":"ListItem","position":2,"name":"FLORALOVE Tratamiento Hidra-Esencial"}]},{"@type":"WebSite","@id":"https:\/\/www.perseestetica.com\/#website","url":"https:\/\/www.perseestetica.com\/","name":"PER SE ESTETICA","description":"Centro de est\u00e9tica y bienestar en Vitoria-Gasteiz","potentialAction":[{"@type":"SearchAction","target":{"@type":"EntryPoint","urlTemplate":"https:\/\/www.perseestetica.com\/?s={search_term_string}"},"query-input":{"@type":"PropertyValueSpecification","valueRequired":true,"valueName":"search_term_string"}}],"inLanguage":"es"},{"@type":"Person","@id":"https:\/\/www.perseestetica.com\/#\/schema\/person\/dffe0e7ffbd7bd2d4816f9bd4f643eff","name":"administraci\u00f3n","image":{"@type":"ImageObject","inLanguage":"es","@id":"https:\/\/www.perseestetica.com\/#\/schema\/person\/image\/","url":"https:\/\/secure.gravatar.com\/avatar\/c80723aa5a9a47fa5daf35d0805cde1198a8010870d2be18ca924fd80ffac640?s=96&d=mm&r=g","contentUrl":"https:\/\/secure.gravatar.com\/avatar\/c80723aa5a9a47fa5daf35d0805cde1198a8010870d2be18ca924fd80ffac640?s=96&d=mm&r=g","caption":"administraci\u00f3n"},"url":"https:\/\/www.perseestetica.com\/index.php\/author\/admin\/"}]}},"_links":{"self":[{"href":"https:\/\/www.perseestetica.com\/index.php\/wp-json\/wp\/v2\/posts\/4179","targetHints":{"allow":["GET"]}}],"collection":[{"href":"https:\/\/www.perseestetica.com\/index.php\/wp-json\/wp\/v2\/posts"}],"about":[{"href":"https:\/\/www.perseestetica.com\/index.php\/wp-json\/wp\/v2\/types\/post"}],"author":[{"embeddable":true,"href":"https:\/\/www.perseestetica.com\/index.php\/wp-json\/wp\/v2\/users\/1"}],"replies":[{"embeddable":true,"href":"https:\/\/www.perseestetica.com\/index.php\/wp-json\/wp\/v2\/comments?post=4179"}],"version-history":[{"count":3,"href":"https:\/\/www.perseestetica.com\/index.php\/wp-json\/wp\/v2\/posts\/4179\/revisions"}],"predecessor-version":[{"id":4183,"href":"https:\/\/www.perseestetica.com\/index.php\/wp-json\/wp\/v2\/posts\/4179\/revisions\/4183"}],"wp:featuredmedia":[{"embeddable":true,"href":"https:\/\/www.perseestetica.com\/index.php\/wp-json\/wp\/v2\/media\/4180"}],"wp:attachment":[{"href":"https:\/\/www.perseestetica.com\/index.php\/wp-json\/wp\/v2\/media?parent=4179"}],"wp:term":[{"taxonomy":"category","embeddable":true,"href":"https:\/\/www.perseestetica.com\/index.php\/wp-json\/wp\/v2\/categories?post=4179"},{"taxonomy":"post_tag","embeddable":true,"href":"https:\/\/www.perseestetica.com\/index.php\/wp-json\/wp\/v2\/tags?post=4179"}],"curies":[{"name":"wp","href":"https:\/\/api.w.org\/{rel}","templated":true}]}}