{"id":4236,"date":"2025-11-27T12:15:41","date_gmt":"2025-11-27T12:15:41","guid":{"rendered":"https:\/\/www.perseestetica.com\/?p=4236"},"modified":"2025-11-27T12:24:59","modified_gmt":"2025-11-27T12:24:59","slug":"neceseres-navidad-phytomer-vie-collection","status":"publish","type":"post","link":"https:\/\/www.perseestetica.com\/index.php\/2025\/11\/27\/neceseres-navidad-phytomer-vie-collection\/","title":{"rendered":"Los 5 neceseres de Navidad que tu piel (y tus patitas) agradecer\u00e1n este invierno"},"content":{"rendered":"<div class=\"wpb-content-wrapper\"><p>[vc_row][vc_column][vc_empty_space height=\u00bb50px\u00bb][vc_column_text css=\u00bb\u00bb]<\/p>\n<p class=\"p1\" style=\"text-align: left;\"><span class=\"s1\"><b>Cofres edici\u00f3n limitada con lo mejor de Phytomer y Vie Collection<\/b><\/span><\/p>\n<p class=\"p1\" style=\"text-align: left;\"><span class=\"s1\">En <b>PER SE Est\u00e9tica<\/b> ya huele a Navidad, luces, calorcito de cabina\u2026 y, sobre todo, a <b>neceseres que son un aut\u00e9ntico regalazo<\/b>.<br \/>\nEste a\u00f1o venimos fuertes: cofres elegantes, f\u00f3rmulas de lujo y combinaciones pensadas para que cuides tu piel como se merece. Spoiler: te van a encantar.<\/span><\/p>\n<p class=\"p1\" style=\"text-align: left;\"><span class=\"s1\">Tanto si buscas sorprender a alguien especial como si quieres darte un caprichito (porque s\u00ed, porque te lo mereces), aqu\u00ed tienes nuestra <b>gu\u00eda definitiva con los 5 neceseres estrella de esta Navidad<\/b>.<\/span><\/p>\n<p>[\/vc_column_text][vc_empty_space height=\u00bb50px\u00bb][\/vc_column][\/vc_row][vc_row content_placement=\u00bbmiddle\u00bb][vc_column width=\u00bb1\/2&#8243;][vc_custom_heading text=\u00bb1\ufe0f\u20e3 Douceur Marine \u2013 Para pieles sensibles que necesitan calma\u00bb use_theme_fonts=\u00bbyes\u00bb css=\u00bb\u00bb][vc_column_text css=\u00bb\u00bb]<\/p>\n<p class=\"p1\" style=\"text-align: left;\"><span class=\"s1\">Un pack delicioso, suave y perfecto para quienes quieren <b>mimar su piel sin irritarla<\/b>.<\/span><\/p>\n<p class=\"p1\" style=\"text-align: left;\"><span class=\"s1\">Incluye:<br \/>\n<\/span><span class=\"s2\">\u2728<\/span><span class=\"s1\"> <i>Douceur Marine<\/i>, la crema hidratante calmante ideal para reducir rojeces y molestias.<br \/>\n<\/span><span class=\"s2\">\u2728<\/span><span class=\"s1\"> <i>Contour Jeunesse<\/i>, crema alisante para ojos y labios que suaviza arrugas y bolsas.<br \/>\n<\/span><span class=\"s2\">\u2728<\/span><span class=\"s1\"> <i>Peeling V\u00e9g\u00e9tal<\/i>, exfoliante enzim\u00e1tico apto incluso para pieles sensibles.<\/span><\/p>\n<p class=\"p1\" style=\"text-align: left;\"><span class=\"s1\"><b>\u00bfPara qui\u00e9n es?<\/b><br \/>\nPara esas patitas que necesitan calma, confort y una rutina sin sobresaltos.<\/span><\/p>\n<p>[\/vc_column_text][\/vc_column][vc_column width=\u00bb1\/2&#8243;][vc_single_image image=\u00bb4238&#8243; img_size=\u00bbfull\u00bb css=\u00bb\u00bb][\/vc_column][\/vc_row][vc_row content_placement=\u00bbmiddle\u00bb][vc_column width=\u00bb1\/2&#8243;][vc_single_image image=\u00bb4260&#8243; img_size=\u00bbfull\u00bb css=\u00bb\u00bb][\/vc_column][vc_column width=\u00bb1\/2&#8243;][vc_custom_heading text=\u00bb2\ufe0f\u20e3 Oligoforce Advanced \u2013 Luminosidad y tratamiento global antiedad\u00bb use_theme_fonts=\u00bbyes\u00bb css=\u00bb\u00bb][vc_column_text css=\u00bb\u00bb]<\/p>\n<p class=\"p1\" style=\"text-align: left;\"><span class=\"s1\">Un neceser que es pura luz.<br \/>\nPhytomer combina dos esenciales que trabajan a nivel profundo:<\/span><\/p>\n<p class=\"p1\" style=\"text-align: left;\"><span class=\"s2\">\u2728<\/span><span class=\"s1\"> <i>Oligoforce Advanced<\/i>: reduce manchas, suaviza arrugas y devuelve la uniformidad.<br \/>\n<\/span><span class=\"s2\">\u2728<\/span><span class=\"s1\"> <i>Oligomer Sensation Bien-\u00catre<\/i> (\u00a1de regalo!): crema corporal hidratante con aroma fresco y marino.<\/span><\/p>\n<p class=\"p1\" style=\"text-align: left;\"><span class=\"s1\"><b>\u00bfPara qui\u00e9n es?<\/b><br \/>\nPara quien busca <b>antiedad + luminosidad<\/b>. Un 2&#215;1 que deja la piel radiante y el cuerpo superhidratado.<\/span><\/p>\n<p>[\/vc_column_text][\/vc_column][\/vc_row][vc_row content_placement=\u00bbmiddle\u00bb][vc_column width=\u00bb1\/2&#8243;][vc_custom_heading text=\u00bb3\ufe0f\u20e3 Vie Collection \u2013 Chrono Alisante + Contorno de ojos Chrono Jeux\u00bb use_theme_fonts=\u00bbyes\u00bb css=\u00bb\u00bb][vc_column_text css=\u00bb\u00bb]<\/p>\n<p class=\"p1\" style=\"text-align: left;\"><span class=\"s1\">Si buscas un regalo con ingredientes de nivel m\u00e9dico-est\u00e9tico, este es tu neceser.<\/span><\/p>\n<p class=\"p1\" style=\"text-align: left;\"><span class=\"s2\">\u2728<\/span><span class=\"s1\"> <i>Crema Anti Arrugas Chrono Alisante<\/i>: combate deshidrataci\u00f3n, fatiga y arrugas en diferentes fases. Contiene p\u00e9ptido tipo \u201cbotox\u201d, textura ligera y efecto piel descansada.<br \/>\n<\/span><span class=\"s2\">\u2728<\/span><span class=\"s1\"> <i>Chrono Jeux<\/i> (de regalo): alisa en 1 minuto, reduce ojeras y bolsas con uso continuado.<\/span><\/p>\n<p class=\"p1\" style=\"text-align: left;\"><span class=\"s1\"><b>\u00bfPara qui\u00e9n es?<\/b><br \/>\nPara las patitas que quieren <b>resultados visibles<\/b>, textura ligera y un ritual antiedad s\u00faper completo.<\/span><\/p>\n<p>[\/vc_column_text][\/vc_column][vc_column width=\u00bb1\/2&#8243;][vc_single_image image=\u00bb4255&#8243; img_size=\u00bbfull\u00bb css=\u00bb\u00bb][\/vc_column][\/vc_row][vc_row content_placement=\u00bbmiddle\u00bb][vc_column width=\u00bb1\/2&#8243;][vc_single_image image=\u00bb4250&#8243; img_size=\u00bbfull\u00bb css=\u00bb\u00bb][\/vc_column][vc_column width=\u00bb1\/2&#8243;][vc_custom_heading text=\u00bb4\ufe0f\u20e3 Expert Jeunesse \u2013 Rellenador de arrugas + mirada radiante\u00bb use_theme_fonts=\u00bbyes\u00bb css=\u00bb\u00bb][vc_column_text css=\u00bb\u00bb]<\/p>\n<p class=\"p1\" style=\"text-align: left;\"><span class=\"s1\">Un cl\u00e1sico de Phytomer que enamora a todas nuestras patitas m\u00e1s maduras.<\/span><\/p>\n<p class=\"p1\" style=\"text-align: left;\"><span class=\"s2\">\u2728<\/span><span class=\"s1\"> <i>Expert Jeunesse<\/i>: crema antiedad que rellena arrugas y redensifica.<br \/>\n<\/span><span class=\"s2\">\u2728<\/span><span class=\"s1\"> <i>Flash Regard<\/i>: contorno de ojos de efecto luminoso y alisante.<\/span><\/p>\n<p class=\"p1\" style=\"text-align: left;\"><span class=\"s1\"><b>\u00bfPara qui\u00e9n es?<\/b><br \/>\nPara quien busca un <b>antiarrugas eficaz y elegante<\/b>, ideal como regalo pr\u00e1ctico y precioso.<\/span><\/p>\n<p>[\/vc_column_text][\/vc_column][\/vc_row][vc_row content_placement=\u00bbmiddle\u00bb][vc_column width=\u00bb1\/2&#8243;][vc_custom_heading text=\u00bb5\ufe0f\u20e3 L\u00edneas Crono \u2013 La nueva joya antiedad de Vie Collection\u00bb use_theme_fonts=\u00bbyes\u00bb css=\u00bb\u00bb][vc_column_text css=\u00bb\u00bb]<\/p>\n<p class=\"p1\" style=\"text-align: left;\"><span class=\"s1\">Nuestra \u00faltima incorporaci\u00f3n\u2026 y viene pisando fuerte <\/span><span class=\"s2\">\u2744\ufe0f<\/span><span class=\"s1\">.<\/span><\/p>\n<p class=\"p1\" style=\"text-align: left;\"><span class=\"s2\">\u2728<\/span><span class=\"s1\"> <i>Time Control \u00b7 [EGF]<\/i>: combate arrugas y fatiga. Deja la piel tersa, firme y perfecta para estos meses fr\u00edos.<br \/>\n<\/span><span class=\"s2\">\u2728<\/span><span class=\"s1\"> <i>Chrono Jeux<\/i> (s\u00ed, tambi\u00e9n aqu\u00ed): para completar la rutina ojos + rostro de forma impecable.<\/span><\/p>\n<p class=\"p1\" style=\"text-align: left;\"><span class=\"s1\"><b>\u00bfPara qui\u00e9n es?<\/b><br \/>\nPara pieles que quieren un <b>boost rejuvenecedor<\/b> y resultados r\u00e1pidos.<\/span><\/p>\n<p>[\/vc_column_text][\/vc_column][vc_column width=\u00bb1\/2&#8243;][vc_single_image image=\u00bb4246&#8243; img_size=\u00bbfull\u00bb css=\u00bb\u00bb][\/vc_column][\/vc_row][vc_row][vc_column][vc_custom_heading text=\u00bbConclusi\u00f3n patil\u00bb use_theme_fonts=\u00bbyes\u00bb css=\u00bb\u00bb][vc_column_text css=\u00bb\u00bb]<\/p>\n<p class=\"p1\" style=\"text-align: left;\"><span class=\"s1\">Estas fiestas regala algo que realmente se usa, se disfruta y mejora la piel cada d\u00eda.<br \/>\nNuestros neceseres son <b>edici\u00f3n limitada<\/b>, llegan cargaditos de productos top\u2026 y vuelan.<\/span><\/p>\n<p class=\"p1\" style=\"text-align: left;\"><span class=\"s1\">P\u00e1sate por <b>PER SE Est\u00e9tica<\/b> y te asesoramos encantadas.<br \/>\nTu piel (y t\u00fa) lo vais a agradecer <\/span><span class=\"s2\">\u2728<\/span><\/p>\n<p>[\/vc_column_text][\/vc_column][\/vc_row]<\/p>\n<\/div>","protected":false},"excerpt":{"rendered":"<p>[vc_row][vc_column][vc_empty_space height=\u00bb50px\u00bb][vc_column_text css=\u00bb\u00bb] Cofres edici\u00f3n limitada con lo mejor de Phytomer y Vie Collection En PER SE Est\u00e9tica ya huele a Navidad, luces, calorcito de cabina\u2026 y, sobre todo, a neceseres que son un aut\u00e9ntico regalazo. Este a\u00f1o venimos fuertes: [&hellip;]<\/p>\n","protected":false},"author":1,"featured_media":4265,"comment_status":"open","ping_status":"open","sticky":false,"template":"","format":"standard","meta":{"footnotes":""},"categories":[119,125,117,118,126],"tags":[325,321,320,324,323,322,307,326],"class_list":["post-4236","post","type-post","status-publish","format-standard","has-post-thumbnail","hentry","category-facial","category-noticias","category-per-se","category-promociones","category-tratamiento","tag-efectoreset","tag-fleurs","tag-floralove","tag-hidra-esencail","tag-tratamientodebelleza","tag-tratamientoencabina","tag-tratamientofacial","tag-tratamientofloral"],"yoast_head":"<!-- This site is optimized with the Yoast SEO plugin v27.0 - https:\/\/yoast.com\/product\/yoast-seo-wordpress\/ -->\n<title>Los 5 neceseres de Navidad que tu piel (y tus patitas) agradecer\u00e1n este invierno - PER SE ESTETICA<\/title>\n<meta name=\"robots\" content=\"index, follow, max-snippet:-1, max-image-preview:large, max-video-preview:-1\" \/>\n<link rel=\"canonical\" href=\"https:\/\/www.perseestetica.com\/index.php\/2025\/11\/27\/neceseres-navidad-phytomer-vie-collection\/\" \/>\n<meta property=\"og:locale\" content=\"es_ES\" \/>\n<meta property=\"og:type\" content=\"article\" \/>\n<meta property=\"og:title\" content=\"Los 5 neceseres de Navidad que tu piel (y tus patitas) agradecer\u00e1n este invierno - PER SE ESTETICA\" \/>\n<meta property=\"og:description\" content=\"[vc_row][vc_column][vc_empty_space height=\u00bb50px\u00bb][vc_column_text css=\u00bb\u00bb] Cofres edici\u00f3n limitada con lo mejor de Phytomer y Vie Collection En PER SE Est\u00e9tica ya huele a Navidad, luces, calorcito de cabina\u2026 y, sobre todo, a neceseres que son un aut\u00e9ntico regalazo. Este a\u00f1o venimos fuertes: [&hellip;]\" \/>\n<meta property=\"og:url\" content=\"https:\/\/www.perseestetica.com\/index.php\/2025\/11\/27\/neceseres-navidad-phytomer-vie-collection\/\" \/>\n<meta property=\"og:site_name\" content=\"PER SE ESTETICA\" \/>\n<meta property=\"article:published_time\" content=\"2025-11-27T12:15:41+00:00\" \/>\n<meta property=\"article:modified_time\" content=\"2025-11-27T12:24:59+00:00\" \/>\n<meta property=\"og:image\" content=\"https:\/\/www.perseestetica.com\/wp-content\/uploads\/2025\/11\/XMAS-Gift-Sets__53156-2.jpg\" \/>\n\t<meta property=\"og:image:width\" content=\"1024\" \/>\n\t<meta property=\"og:image:height\" content=\"675\" \/>\n\t<meta property=\"og:image:type\" content=\"image\/jpeg\" \/>\n<meta name=\"author\" content=\"administraci\u00f3n\" \/>\n<meta name=\"twitter:card\" content=\"summary_large_image\" \/>\n<meta name=\"twitter:label1\" content=\"Escrito por\" \/>\n\t<meta name=\"twitter:data1\" content=\"administraci\u00f3n\" \/>\n\t<meta name=\"twitter:label2\" content=\"Tiempo de lectura\" \/>\n\t<meta name=\"twitter:data2\" content=\"3 minutos\" \/>\n<script type=\"application\/ld+json\" class=\"yoast-schema-graph\">{\"@context\":\"https:\/\/schema.org\",\"@graph\":[{\"@type\":\"Article\",\"@id\":\"https:\/\/www.perseestetica.com\/index.php\/2025\/11\/27\/neceseres-navidad-phytomer-vie-collection\/#article\",\"isPartOf\":{\"@id\":\"https:\/\/www.perseestetica.com\/index.php\/2025\/11\/27\/neceseres-navidad-phytomer-vie-collection\/\"},\"author\":{\"name\":\"administraci\u00f3n\",\"@id\":\"https:\/\/www.perseestetica.com\/#\/schema\/person\/dffe0e7ffbd7bd2d4816f9bd4f643eff\"},\"headline\":\"Los 5 neceseres de Navidad que tu piel (y tus patitas) agradecer\u00e1n este invierno\",\"datePublished\":\"2025-11-27T12:15:41+00:00\",\"dateModified\":\"2025-11-27T12:24:59+00:00\",\"mainEntityOfPage\":{\"@id\":\"https:\/\/www.perseestetica.com\/index.php\/2025\/11\/27\/neceseres-navidad-phytomer-vie-collection\/\"},\"wordCount\":766,\"commentCount\":0,\"image\":{\"@id\":\"https:\/\/www.perseestetica.com\/index.php\/2025\/11\/27\/neceseres-navidad-phytomer-vie-collection\/#primaryimage\"},\"thumbnailUrl\":\"https:\/\/www.perseestetica.com\/wp-content\/uploads\/2025\/11\/XMAS-Gift-Sets__53156-2.jpg\",\"keywords\":[\"efectoreset\",\"Fleur\u00b4s\",\"FLORALOVE\",\"hidra-esencail\",\"tratamientodebelleza\",\"tratamientoencabina\",\"tratamientofacial\",\"tratamientofloral\"],\"articleSection\":[\"facial\",\"noticias\",\"PER SE\",\"promociones\",\"tratamiento\"],\"inLanguage\":\"es\",\"potentialAction\":[{\"@type\":\"CommentAction\",\"name\":\"Comment\",\"target\":[\"https:\/\/www.perseestetica.com\/index.php\/2025\/11\/27\/neceseres-navidad-phytomer-vie-collection\/#respond\"]}]},{\"@type\":\"WebPage\",\"@id\":\"https:\/\/www.perseestetica.com\/index.php\/2025\/11\/27\/neceseres-navidad-phytomer-vie-collection\/\",\"url\":\"https:\/\/www.perseestetica.com\/index.php\/2025\/11\/27\/neceseres-navidad-phytomer-vie-collection\/\",\"name\":\"Los 5 neceseres de Navidad que tu piel (y tus patitas) agradecer\u00e1n este invierno - PER SE ESTETICA\",\"isPartOf\":{\"@id\":\"https:\/\/www.perseestetica.com\/#website\"},\"primaryImageOfPage\":{\"@id\":\"https:\/\/www.perseestetica.com\/index.php\/2025\/11\/27\/neceseres-navidad-phytomer-vie-collection\/#primaryimage\"},\"image\":{\"@id\":\"https:\/\/www.perseestetica.com\/index.php\/2025\/11\/27\/neceseres-navidad-phytomer-vie-collection\/#primaryimage\"},\"thumbnailUrl\":\"https:\/\/www.perseestetica.com\/wp-content\/uploads\/2025\/11\/XMAS-Gift-Sets__53156-2.jpg\",\"datePublished\":\"2025-11-27T12:15:41+00:00\",\"dateModified\":\"2025-11-27T12:24:59+00:00\",\"author\":{\"@id\":\"https:\/\/www.perseestetica.com\/#\/schema\/person\/dffe0e7ffbd7bd2d4816f9bd4f643eff\"},\"breadcrumb\":{\"@id\":\"https:\/\/www.perseestetica.com\/index.php\/2025\/11\/27\/neceseres-navidad-phytomer-vie-collection\/#breadcrumb\"},\"inLanguage\":\"es\",\"potentialAction\":[{\"@type\":\"ReadAction\",\"target\":[\"https:\/\/www.perseestetica.com\/index.php\/2025\/11\/27\/neceseres-navidad-phytomer-vie-collection\/\"]}]},{\"@type\":\"ImageObject\",\"inLanguage\":\"es\",\"@id\":\"https:\/\/www.perseestetica.com\/index.php\/2025\/11\/27\/neceseres-navidad-phytomer-vie-collection\/#primaryimage\",\"url\":\"https:\/\/www.perseestetica.com\/wp-content\/uploads\/2025\/11\/XMAS-Gift-Sets__53156-2.jpg\",\"contentUrl\":\"https:\/\/www.perseestetica.com\/wp-content\/uploads\/2025\/11\/XMAS-Gift-Sets__53156-2.jpg\",\"width\":1024,\"height\":675},{\"@type\":\"BreadcrumbList\",\"@id\":\"https:\/\/www.perseestetica.com\/index.php\/2025\/11\/27\/neceseres-navidad-phytomer-vie-collection\/#breadcrumb\",\"itemListElement\":[{\"@type\":\"ListItem\",\"position\":1,\"name\":\"Portada\",\"item\":\"https:\/\/www.perseestetica.com\/\"},{\"@type\":\"ListItem\",\"position\":2,\"name\":\"Los 5 neceseres de Navidad que tu piel (y tus patitas) agradecer\u00e1n este invierno\"}]},{\"@type\":\"WebSite\",\"@id\":\"https:\/\/www.perseestetica.com\/#website\",\"url\":\"https:\/\/www.perseestetica.com\/\",\"name\":\"PER SE ESTETICA\",\"description\":\"Centro de est\u00e9tica y bienestar en Vitoria-Gasteiz\",\"potentialAction\":[{\"@type\":\"SearchAction\",\"target\":{\"@type\":\"EntryPoint\",\"urlTemplate\":\"https:\/\/www.perseestetica.com\/?s={search_term_string}\"},\"query-input\":{\"@type\":\"PropertyValueSpecification\",\"valueRequired\":true,\"valueName\":\"search_term_string\"}}],\"inLanguage\":\"es\"},{\"@type\":\"Person\",\"@id\":\"https:\/\/www.perseestetica.com\/#\/schema\/person\/dffe0e7ffbd7bd2d4816f9bd4f643eff\",\"name\":\"administraci\u00f3n\",\"image\":{\"@type\":\"ImageObject\",\"inLanguage\":\"es\",\"@id\":\"https:\/\/www.perseestetica.com\/#\/schema\/person\/image\/\",\"url\":\"https:\/\/secure.gravatar.com\/avatar\/c80723aa5a9a47fa5daf35d0805cde1198a8010870d2be18ca924fd80ffac640?s=96&d=mm&r=g\",\"contentUrl\":\"https:\/\/secure.gravatar.com\/avatar\/c80723aa5a9a47fa5daf35d0805cde1198a8010870d2be18ca924fd80ffac640?s=96&d=mm&r=g\",\"caption\":\"administraci\u00f3n\"},\"url\":\"https:\/\/www.perseestetica.com\/index.php\/author\/admin\/\"}]}<\/script>\n<!-- \/ Yoast SEO plugin. -->","yoast_head_json":{"title":"Los 5 neceseres de Navidad que tu piel (y tus patitas) agradecer\u00e1n este invierno - PER SE ESTETICA","robots":{"index":"index","follow":"follow","max-snippet":"max-snippet:-1","max-image-preview":"max-image-preview:large","max-video-preview":"max-video-preview:-1"},"canonical":"https:\/\/www.perseestetica.com\/index.php\/2025\/11\/27\/neceseres-navidad-phytomer-vie-collection\/","og_locale":"es_ES","og_type":"article","og_title":"Los 5 neceseres de Navidad que tu piel (y tus patitas) agradecer\u00e1n este invierno - PER SE ESTETICA","og_description":"[vc_row][vc_column][vc_empty_space height=\u00bb50px\u00bb][vc_column_text css=\u00bb\u00bb] Cofres edici\u00f3n limitada con lo mejor de Phytomer y Vie Collection En PER SE Est\u00e9tica ya huele a Navidad, luces, calorcito de cabina\u2026 y, sobre todo, a neceseres que son un aut\u00e9ntico regalazo. Este a\u00f1o venimos fuertes: [&hellip;]","og_url":"https:\/\/www.perseestetica.com\/index.php\/2025\/11\/27\/neceseres-navidad-phytomer-vie-collection\/","og_site_name":"PER SE ESTETICA","article_published_time":"2025-11-27T12:15:41+00:00","article_modified_time":"2025-11-27T12:24:59+00:00","og_image":[{"width":1024,"height":675,"url":"https:\/\/www.perseestetica.com\/wp-content\/uploads\/2025\/11\/XMAS-Gift-Sets__53156-2.jpg","type":"image\/jpeg"}],"author":"administraci\u00f3n","twitter_card":"summary_large_image","twitter_misc":{"Escrito por":"administraci\u00f3n","Tiempo de lectura":"3 minutos"},"schema":{"@context":"https:\/\/schema.org","@graph":[{"@type":"Article","@id":"https:\/\/www.perseestetica.com\/index.php\/2025\/11\/27\/neceseres-navidad-phytomer-vie-collection\/#article","isPartOf":{"@id":"https:\/\/www.perseestetica.com\/index.php\/2025\/11\/27\/neceseres-navidad-phytomer-vie-collection\/"},"author":{"name":"administraci\u00f3n","@id":"https:\/\/www.perseestetica.com\/#\/schema\/person\/dffe0e7ffbd7bd2d4816f9bd4f643eff"},"headline":"Los 5 neceseres de Navidad que tu piel (y tus patitas) agradecer\u00e1n este invierno","datePublished":"2025-11-27T12:15:41+00:00","dateModified":"2025-11-27T12:24:59+00:00","mainEntityOfPage":{"@id":"https:\/\/www.perseestetica.com\/index.php\/2025\/11\/27\/neceseres-navidad-phytomer-vie-collection\/"},"wordCount":766,"commentCount":0,"image":{"@id":"https:\/\/www.perseestetica.com\/index.php\/2025\/11\/27\/neceseres-navidad-phytomer-vie-collection\/#primaryimage"},"thumbnailUrl":"https:\/\/www.perseestetica.com\/wp-content\/uploads\/2025\/11\/XMAS-Gift-Sets__53156-2.jpg","keywords":["efectoreset","Fleur\u00b4s","FLORALOVE","hidra-esencail","tratamientodebelleza","tratamientoencabina","tratamientofacial","tratamientofloral"],"articleSection":["facial","noticias","PER SE","promociones","tratamiento"],"inLanguage":"es","potentialAction":[{"@type":"CommentAction","name":"Comment","target":["https:\/\/www.perseestetica.com\/index.php\/2025\/11\/27\/neceseres-navidad-phytomer-vie-collection\/#respond"]}]},{"@type":"WebPage","@id":"https:\/\/www.perseestetica.com\/index.php\/2025\/11\/27\/neceseres-navidad-phytomer-vie-collection\/","url":"https:\/\/www.perseestetica.com\/index.php\/2025\/11\/27\/neceseres-navidad-phytomer-vie-collection\/","name":"Los 5 neceseres de Navidad que tu piel (y tus patitas) agradecer\u00e1n este invierno - PER SE ESTETICA","isPartOf":{"@id":"https:\/\/www.perseestetica.com\/#website"},"primaryImageOfPage":{"@id":"https:\/\/www.perseestetica.com\/index.php\/2025\/11\/27\/neceseres-navidad-phytomer-vie-collection\/#primaryimage"},"image":{"@id":"https:\/\/www.perseestetica.com\/index.php\/2025\/11\/27\/neceseres-navidad-phytomer-vie-collection\/#primaryimage"},"thumbnailUrl":"https:\/\/www.perseestetica.com\/wp-content\/uploads\/2025\/11\/XMAS-Gift-Sets__53156-2.jpg","datePublished":"2025-11-27T12:15:41+00:00","dateModified":"2025-11-27T12:24:59+00:00","author":{"@id":"https:\/\/www.perseestetica.com\/#\/schema\/person\/dffe0e7ffbd7bd2d4816f9bd4f643eff"},"breadcrumb":{"@id":"https:\/\/www.perseestetica.com\/index.php\/2025\/11\/27\/neceseres-navidad-phytomer-vie-collection\/#breadcrumb"},"inLanguage":"es","potentialAction":[{"@type":"ReadAction","target":["https:\/\/www.perseestetica.com\/index.php\/2025\/11\/27\/neceseres-navidad-phytomer-vie-collection\/"]}]},{"@type":"ImageObject","inLanguage":"es","@id":"https:\/\/www.perseestetica.com\/index.php\/2025\/11\/27\/neceseres-navidad-phytomer-vie-collection\/#primaryimage","url":"https:\/\/www.perseestetica.com\/wp-content\/uploads\/2025\/11\/XMAS-Gift-Sets__53156-2.jpg","contentUrl":"https:\/\/www.perseestetica.com\/wp-content\/uploads\/2025\/11\/XMAS-Gift-Sets__53156-2.jpg","width":1024,"height":675},{"@type":"BreadcrumbList","@id":"https:\/\/www.perseestetica.com\/index.php\/2025\/11\/27\/neceseres-navidad-phytomer-vie-collection\/#breadcrumb","itemListElement":[{"@type":"ListItem","position":1,"name":"Portada","item":"https:\/\/www.perseestetica.com\/"},{"@type":"ListItem","position":2,"name":"Los 5 neceseres de Navidad que tu piel (y tus patitas) agradecer\u00e1n este invierno"}]},{"@type":"WebSite","@id":"https:\/\/www.perseestetica.com\/#website","url":"https:\/\/www.perseestetica.com\/","name":"PER SE ESTETICA","description":"Centro de est\u00e9tica y bienestar en Vitoria-Gasteiz","potentialAction":[{"@type":"SearchAction","target":{"@type":"EntryPoint","urlTemplate":"https:\/\/www.perseestetica.com\/?s={search_term_string}"},"query-input":{"@type":"PropertyValueSpecification","valueRequired":true,"valueName":"search_term_string"}}],"inLanguage":"es"},{"@type":"Person","@id":"https:\/\/www.perseestetica.com\/#\/schema\/person\/dffe0e7ffbd7bd2d4816f9bd4f643eff","name":"administraci\u00f3n","image":{"@type":"ImageObject","inLanguage":"es","@id":"https:\/\/www.perseestetica.com\/#\/schema\/person\/image\/","url":"https:\/\/secure.gravatar.com\/avatar\/c80723aa5a9a47fa5daf35d0805cde1198a8010870d2be18ca924fd80ffac640?s=96&d=mm&r=g","contentUrl":"https:\/\/secure.gravatar.com\/avatar\/c80723aa5a9a47fa5daf35d0805cde1198a8010870d2be18ca924fd80ffac640?s=96&d=mm&r=g","caption":"administraci\u00f3n"},"url":"https:\/\/www.perseestetica.com\/index.php\/author\/admin\/"}]}},"_links":{"self":[{"href":"https:\/\/www.perseestetica.com\/index.php\/wp-json\/wp\/v2\/posts\/4236","targetHints":{"allow":["GET"]}}],"collection":[{"href":"https:\/\/www.perseestetica.com\/index.php\/wp-json\/wp\/v2\/posts"}],"about":[{"href":"https:\/\/www.perseestetica.com\/index.php\/wp-json\/wp\/v2\/types\/post"}],"author":[{"embeddable":true,"href":"https:\/\/www.perseestetica.com\/index.php\/wp-json\/wp\/v2\/users\/1"}],"replies":[{"embeddable":true,"href":"https:\/\/www.perseestetica.com\/index.php\/wp-json\/wp\/v2\/comments?post=4236"}],"version-history":[{"count":17,"href":"https:\/\/www.perseestetica.com\/index.php\/wp-json\/wp\/v2\/posts\/4236\/revisions"}],"predecessor-version":[{"id":4273,"href":"https:\/\/www.perseestetica.com\/index.php\/wp-json\/wp\/v2\/posts\/4236\/revisions\/4273"}],"wp:featuredmedia":[{"embeddable":true,"href":"https:\/\/www.perseestetica.com\/index.php\/wp-json\/wp\/v2\/media\/4265"}],"wp:attachment":[{"href":"https:\/\/www.perseestetica.com\/index.php\/wp-json\/wp\/v2\/media?parent=4236"}],"wp:term":[{"taxonomy":"category","embeddable":true,"href":"https:\/\/www.perseestetica.com\/index.php\/wp-json\/wp\/v2\/categories?post=4236"},{"taxonomy":"post_tag","embeddable":true,"href":"https:\/\/www.perseestetica.com\/index.php\/wp-json\/wp\/v2\/tags?post=4236"}],"curies":[{"name":"wp","href":"https:\/\/api.w.org\/{rel}","templated":true}]}}